{"id":363855,"date":"2025-09-03T18:20:10","date_gmt":"2025-09-03T18:20:10","guid":{"rendered":"https:\/\/www.europesays.com\/fr\/363855\/"},"modified":"2025-09-03T18:20:10","modified_gmt":"2025-09-03T18:20:10","slug":"trump-affirme-quil-se-passera-quelque-chose-si-poutine-ne-repond-pas-a-ses-attentes","status":"publish","type":"post","link":"https:\/\/www.europesays.com\/fr\/363855\/","title":{"rendered":"Trump affirme qu&rsquo;il \u00abse passera quelque chose\u00bb si Poutine ne r\u00e9pond pas \u00e0 ses attentes"},"content":{"rendered":"<p>Deux semaines apr\u00e8s la rencontre des deux dirigeants en Alaska, le chemin vers une issue \u00e0 la guerre en Ukraine n\u2019a connu aucune avanc\u00e9e significative.<\/p>\n<p class=\"fig-paragraph\">Donald Trump a dit mercredi qu&rsquo;il \u00abse passerait quelque chose\u00bb si le pr\u00e9sident russe Vladimir\u00a0<a href=\"http:\/\/www.lefigaro.fr\/international\/guerre-en-ukraine-la-russie-atteindra-militairement-ses-objectifs-en-cas-d-echec-des-negociations-avec-kiev-affirme-vladimir-poutine-20250903\" data-fig-type=\"NewsFlash\" data-gtm-custom-categorie=\"navigation\" data-gtm-custom-action=\"crossclick\" data-gtm-custom-label=\"Contextuel\" data-gtm-event=\"customEventSPE\" data-fig-domain=\"LEFIGARO\" target=\"_blank\" rel=\"noopener\">Poutine ne r\u00e9pondait pas<\/a>\u00a0\u00e0 ses attentes sur l&rsquo;Ukraine.<\/p>\n<p class=\"fig-paragraph\">\u00abIl sait quelle est ma position. (&#8230;) Selon la d\u00e9cision qu&rsquo;il prendra, je serai soit content soit m\u00e9content et si nous ne sommes pas contents, il se passera quelque chose\u00bb, a encore dit le pr\u00e9sident am\u00e9ricain, dont les efforts de m\u00e9diation entre l&rsquo;Ukraine et la Russie sont jusqu&rsquo;ici sans effet.<\/p>\n<p>                                    <a class=\"fig-a11y-skip a11y-hidden\" href=\"#fig-a11y-skip-main-inarticle\"><br \/>\n        Passer la publicit\u00e9<br \/>\n    <\/a><\/p>\n<p>\u00abAccro\u00eetre la pression sur la Russie\u00bb<\/p>\n<p class=\"fig-paragraph\">Le pr\u00e9sident ukrainien Volodymyr Zelensky,\u00a0<a href=\"https:\/\/video.lefigaro.fr\/figaro\/video\/suivez-en-direct-la-visite-de-volodymyr-zelensky-a-lelysee\/\" target=\"_blank\" data-fig-type=\"Video\" rel=\"sponsored noopener\" data-gtm-custom-categorie=\"navigation\" data-gtm-custom-action=\"crossclick\" data-gtm-custom-label=\"Contextuel\" data-gtm-event=\"customEventSPE\" data-fig-domain=\"VIDEO\">re\u00e7u mercredi \u00e0 Paris<\/a>\u00a0par son homologue fran\u00e7ais Emmanuel Macron, a quant \u00e0 lui dit n\u2019avoir pas encore vu de \u00absignes\u00bb montrant que la Russie compte mettre fin \u00e0 l\u2019invasion de son pays, lanc\u00e9e en 2022.<\/p>\n<p class=\"fig-paragraph\">\u00abMalheureusement, nous n\u2019avons pas encore vu de signes de la part de la Russie indiquant qu\u2019ils veulent mettre fin \u00e0 la guerre\u00bb, a-t-il d\u00e9clar\u00e9 devant la presse au palais de l\u2019\u00c9lys\u00e9e, se disant toutefois convaincu que l\u2019Europe et les \u00c9tats-Unis aideraient Kiev \u00e0 \u00abaccro\u00eetre la pression sur la Russie pour avancer vers une solution diplomatique\u00bb.<\/p>\n","protected":false},"excerpt":{"rendered":"Deux semaines apr\u00e8s la rencontre des deux dirigeants en Alaska, le chemin vers une issue \u00e0 la guerre&hellip;\n","protected":false},"author":2,"featured_media":363856,"comment_status":"","ping_status":"","sticky":false,"template":"","format":"standard","meta":{"footnotes":""},"categories":[5],"tags":[11,75,1011,27,14,12,135,28],"class_list":{"0":"post-363855","1":"post","2":"type-post","3":"status-publish","4":"format-standard","5":"has-post-thumbnail","7":"category-international","8":"tag-actualites","9":"tag-donald-trump","10":"tag-fr","11":"tag-france","12":"tag-international","13":"tag-news","14":"tag-vladimir-poutine","15":"tag-world"},"share_on_mastodon":{"url":"https:\/\/pubeurope.com\/@fr\/115141753274721396","error":""},"_links":{"self":[{"href":"https:\/\/www.europesays.com\/fr\/wp-json\/wp\/v2\/posts\/363855","targetHints":{"allow":["GET"]}}],"collection":[{"href":"https:\/\/www.europesays.com\/fr\/wp-json\/wp\/v2\/posts"}],"about":[{"href":"https:\/\/www.europesays.com\/fr\/wp-json\/wp\/v2\/types\/post"}],"author":[{"embeddable":true,"href":"https:\/\/www.europesays.com\/fr\/wp-json\/wp\/v2\/users\/2"}],"replies":[{"embeddable":true,"href":"https:\/\/www.europesays.com\/fr\/wp-json\/wp\/v2\/comments?post=363855"}],"version-history":[{"count":0,"href":"https:\/\/www.europesays.com\/fr\/wp-json\/wp\/v2\/posts\/363855\/revisions"}],"wp:featuredmedia":[{"embeddable":true,"href":"https:\/\/www.europesays.com\/fr\/wp-json\/wp\/v2\/media\/363856"}],"wp:attachment":[{"href":"https:\/\/www.europesays.com\/fr\/wp-json\/wp\/v2\/media?parent=363855"}],"wp:term":[{"taxonomy":"category","embeddable":true,"href":"https:\/\/www.europesays.com\/fr\/wp-json\/wp\/v2\/categories?post=363855"},{"taxonomy":"post_tag","embeddable":true,"href":"https:\/\/www.europesays.com\/fr\/wp-json\/wp\/v2\/tags?post=363855"}],"curies":[{"name":"wp","href":"https:\/\/api.w.org\/{rel}","templated":true}]}}