{"id":363857,"date":"2025-09-03T18:21:14","date_gmt":"2025-09-03T18:21:14","guid":{"rendered":"https:\/\/www.europesays.com\/fr\/363857\/"},"modified":"2025-09-03T18:21:14","modified_gmt":"2025-09-03T18:21:14","slug":"je-suis-accompagnant-des-eleves-en-situation-de-handicap-aesh-et-voici-le-montant-de-mon-salaire-mensuel-des-la-rentree","status":"publish","type":"post","link":"https:\/\/www.europesays.com\/fr\/363857\/","title":{"rendered":"Je suis accompagnant des \u00e9l\u00e8ves en situation de handicap (AESH) et voici le montant de mon salaire mensuel d\u00e8s la rentr\u00e9e"},"content":{"rendered":"<p>L\u2019<strong>\u00c9cole inclusive<\/strong>, qui s\u2019efforce d\u2019offrir \u00e0<br \/>\nchaque \u00e9l\u00e8ve un parcours adapt\u00e9 \u00e0 ses besoins, marque un tournant<br \/>\ndans le <strong>syst\u00e8me \u00e9ducatif fran\u00e7ais<\/strong>. \u00c0 la rentr\u00e9e<br \/>\n2023, pr\u00e8s de 436.000 \u00e9l\u00e8ves en <strong>situation de<br \/>\nhandicap<\/strong> ont franchi les portes des \u00e9coles et coll\u00e8ges,<br \/>\n\u00e9paul\u00e9s par plus de <strong>132.000 accompagnants<\/strong>. Mais<br \/>\nau-del\u00e0 des chiffres, c\u2019est une transformation en profondeur qui<br \/>\ns\u2019op\u00e8re, ainsi que l&rsquo;a partag\u00e9 le <a href=\"https:\/\/www.education.gouv.fr\/la-scolarisation-des-eleves-en-situation-de-handicap-1022\" target=\"_blank\" rel=\"noopener nofollow\">site du minist\u00e8re<\/a> de l&rsquo;\u00c9ducation<br \/>\nnationale.<\/p>\n<p>L\u2019Acte II de l\u2019\u00c9cole inclusive, lanc\u00e9 en avril 2023 lors de la<br \/>\n<strong>Conf\u00e9rence nationale du handicap<\/strong>, a \u00e9tabli douze<br \/>\nmesures ambitieuses. Leur objectif ? <strong>Red\u00e9finir la<br \/>\nscolarisation<\/strong> des \u00e9l\u00e8ves \u00e0 besoins particuliers. Ces<br \/>\nderniers entendent ainsi fluidifier leur parcours, renforcer les<br \/>\nliens entre l\u2019\u00e9ducation nationale et le m\u00e9dico-social, am\u00e9liorer<br \/>\nl\u2019<strong>accompagnement des familles<\/strong>\u00a0et offrir aux<br \/>\nenseignants des outils et formations adapt\u00e9s.<\/p>\n<p><strong>Plusieurs mesures pour faciliter l&rsquo;acc\u00e8s \u00e0 l&rsquo;\u00e9ducation<br \/>\ndes enfants en situation de handicap\u00a0<\/strong><\/p>\n<p>Parmi les premi\u00e8res avanc\u00e9es de la rentr\u00e9e, le gouvernement a<br \/>\nrelev\u00e9 la cr\u00e9ation de <strong>milliers de postes<br \/>\nsuppl\u00e9mentaires<\/strong> pour les accompagnants et l\u2019ouverture<br \/>\nd\u2019unit\u00e9s sp\u00e9cialis\u00e9es pour les enfants autistes ou pr\u00e9sentant des<br \/>\ntroubles du neurod\u00e9veloppement. Le projet personnalis\u00e9 de<br \/>\nscolarisation, v\u00e9ritable boussole pour <strong>orienter chaque<br \/>\n\u00e9l\u00e8ve<\/strong>, est peaufin\u00e9 par des \u00e9quipes d\u00e9di\u00e9es qui assurent<br \/>\nun <strong>suivi attentif et r\u00e9gulier<\/strong>.<\/p>\n<p>Dans le d\u00e9tail, pour demander une aide humaine dans le cadre de<br \/>\nla scolarisation d\u2019un <strong>enfant en situation de<br \/>\nhandicap<\/strong>, les parents doivent, au moment de l\u2019\u00e9laboration<br \/>\ndu <strong>projet personnalis\u00e9 de scolarisation<\/strong> (PPS),<br \/>\nremplir le Geva-Sco, un guide d&rsquo;\u00e9valuation des besoins. Ce dossier<br \/>\nest ensuite transmis \u00e0 la MDPH (Maison d\u00e9partementale des personnes<br \/>\nhandicap\u00e9es), qui \u00e9value la demande et la soumet \u00e0 la CDAPH<br \/>\n(Commission des droits et de l&rsquo;autonomie des personnes<br \/>\nhandicap\u00e9es).<\/p>\n<p><img loading=\"lazy\" decoding=\"async\" aria-describedby=\"caption-attachment-1081935\" itemprop=\"thumbnailUrl\" class=\"size-medium wp-image-1081935 img-responsive\" src=\"https:\/\/www.europesays.com\/fr\/wp-content\/uploads\/2025\/09\/accompagnant-des-eleves-en-situation-de-handicap-680x383.jpg\" alt=\"Accompagnant des \u00e9l\u00e8ves en situation de handicap\" width=\"680\" height=\"383\"\/> \u00a9 Shutterstock<\/p>\n<p id=\"caption-attachment-1081935\" class=\"wp-caption-text\">\nPlusieurs \u00e9tapes pour obtenir l&rsquo;aide d&rsquo;un accompagnant des \u00e9l\u00e8ves<br \/>\nen situation de handicap<\/p>\n<p><strong>Une d\u00e9marche assur\u00e9e par les parents pour obtenir<br \/>\nl&rsquo;aide d&rsquo;un accompagnant d<\/strong>es \u00e9l\u00e8ves en situation de<br \/>\nhandicap<\/p>\n<p>Si la commission valide la demande, elle attribue une aide<br \/>\nhumaine, qu&rsquo;elle soit individualis\u00e9e ou mutualis\u00e9e, en pr\u00e9cisant<br \/>\nles t\u00e2ches et le nombre d\u2019heures. Cette aide est ensuite<br \/>\n<strong>assur\u00e9e par un AESH<\/strong> (Accompagnant des \u00e9l\u00e8ves en<br \/>\nsituation de handicap), recrut\u00e9 par le rectorat et affect\u00e9 \u00e0 un<br \/>\nPial (P\u00f4le inclusif d&rsquo;accompagnement localis\u00e9), apr\u00e8s avoir suivi<br \/>\nune <strong>formation sp\u00e9cifique de 60 heures<\/strong>. \u00c0 noter que<br \/>\nla pr\u00e9sence d\u2019une aide humaine ne peut \u00eatre une condition \u00e0<br \/>\nl\u2019<a href=\"https:\/\/www.mariefrance.fr\/actualite\/societe\/directeur-ecole-publique-combien-gagne-mois-1077719.html\" rel=\"nofollow noopener\" target=\"_blank\">inscription<br \/>\nde l\u2019\u00e9l\u00e8ve dans un \u00e9tablissement scolaire<\/a>.<\/p>\n<p>Les AESH interviennent dans les <strong>\u00e9coles publiques ou<br \/>\npriv\u00e9es<\/strong> sous contrat, de la maternelle au lyc\u00e9e, et dans<br \/>\ndivers contextes : scolaire et p\u00e9riscolaire. Leur aide peut prendre<br \/>\ndiff\u00e9rentes formes. Elle peut \u00eatre individualis\u00e9e, c\u2019est-\u00e0-dire<br \/>\nd\u00e9di\u00e9e \u00e0 un seul \u00e9l\u00e8ve, ou mutualis\u00e9e, o\u00f9 l\u2019accompagnant s\u2019occupe<br \/>\nde plusieurs \u00e9l\u00e8ves ne n\u00e9cessitant pas une <strong>attention<br \/>\ncontinue<\/strong>. Ils peuvent \u00e9galement intervenir de mani\u00e8re<br \/>\ncollective dans les dispositifs ULIS (Unit\u00e9 localis\u00e9e pour<br \/>\nl&rsquo;inclusion scolaire) en soutenant l&rsquo;<strong>enseignant<br \/>\ncoordonnateur<\/strong>.<\/p>\n<blockquote class=\"twitter-tweet\"><p><a class=\"twitter-link\" rel=\"noindex, nofollow noopener\" href=\"https:\/\/twitter.com\/mariefrancemag\/status\/1838898055422124358\" target=\"_blank\"><\/p><\/blockquote>\n<p><strong>Des missions tr\u00e8s pr\u00e9cises qui rythment le quotidien de<br \/>\nl&rsquo;accompagnant d<\/strong>es \u00e9l\u00e8ves en situation de handicap<\/p>\n<p>Le r\u00f4le des AESH est principalement d&rsquo;assurer un <strong>soutien<br \/>\nlogistique et humain<\/strong> \u00e0 l&rsquo;\u00e9l\u00e8ve. Cela inclut l\u2019aide aux<br \/>\nd\u00e9placements, l\u2019installation en classe, l\u2019utilisation de mat\u00e9riel<br \/>\net la facilitation de la communication entre l&rsquo;\u00e9l\u00e8ve et ses<br \/>\ncamarades ou enseignants. Ils participent aussi aux <strong>sorties<br \/>\nscolaires<\/strong> et veillent \u00e0 l\u2019accompagnement dans les actes<br \/>\nquotidiens, tout en \u00e9tant impliqu\u00e9s dans la mise en \u0153uvre et le<br \/>\nsuivi des PPS. Toutefois, ils n\u2019ont pas vocation \u00e0 se substituer<br \/>\naux enseignants ou aux professionnels de sant\u00e9, et leur<br \/>\nintervention se limite aux <strong>cadres scolaire et<br \/>\np\u00e9riscolaire<\/strong>, sans implication \u00e0 domicile.<\/p>\n<p>\u00c0 la rentr\u00e9e 2023, la r\u00e9mun\u00e9ration des AESH a pris un nouveau<br \/>\ntournant, avec une <strong>revalorisation allant de 11 % \u00e0 14<br \/>\n%<\/strong>. La nouvelle grille indiciaire, mise en place en<br \/>\nseptembre, a permis <a href=\"https:\/\/www.mariefrance.fr\/actualite\/jean-marc-genereux-bouleverse-ses-confidences-poignantes-sur-sa-fille-handicapee-elle-a-les-capacites-dune-enfant-de-9-mois-701212.html\" rel=\"nofollow noopener\" target=\"_blank\"><br \/>\naux accompagnants d\u2019\u00e9l\u00e8ves handicap\u00e9s<\/a> de b\u00e9n\u00e9ficier d\u2019une<br \/>\naugmentation progressive de leur salaire en fonction de leur<br \/>\nexp\u00e9rience. En outre, une indemnit\u00e9 annuelle de <strong>1.529 euros<br \/>\nbruts<\/strong> a \u00e9t\u00e9 instaur\u00e9e pour valoriser leur travail, et un<br \/>\nbonus suppl\u00e9mentaire a \u00e9t\u00e9 accord\u00e9 aux AESH r\u00e9f\u00e9rents.<\/p>\n<p>Quel salaire per\u00e7u par l&rsquo;accompagnant<br \/>\ndes \u00e9l\u00e8ves en situation de handicap ?<\/p>\n<p>Un AESH voit sa r\u00e9mun\u00e9ration \u00e9voluer en fonction de son \u00e9chelon<br \/>\net de <strong>son anciennet\u00e9<\/strong>. Comme l&rsquo;explique le <a href=\"https:\/\/www.education.gouv.fr\/les-accompagnants-des-eleves-en-situation-de-handicap-aesh-12188\" rel=\"nofollow noopener\" target=\"_blank\"><br \/>\nsite du Minist\u00e8re de l&rsquo;\u00c9ducation nationale<\/a>, \u00e0 l\u2019\u00e9chelon 1, le<br \/>\nsalaire brut mensuel est de 1.826 euros, ce qui correspond \u00e0<br \/>\nenviron 1.475 euros nets. En ajoutant l&rsquo;indemnit\u00e9 de fonction de<br \/>\n1.529 euros bruts annuels, la r\u00e9mun\u00e9ration nette atteint<br \/>\n<strong>1.578 euros par mois<\/strong>.<\/p>\n<p>Un AESH \u00e0 l\u2019\u00e9chelon 5 per\u00e7oit un salaire brut de 1.944 euros,<br \/>\nsoit approximativement 1.571 euros nets pour un temps plein. Avec<br \/>\nl&rsquo;indemnit\u00e9 de fonction, la r\u00e9mun\u00e9ration nette mensuelle s&rsquo;\u00e9l\u00e8ve \u00e0<br \/>\n1.674 euros. Enfin, pour un <strong>accompagnant \u00e0 l\u2019\u00e9chelon<br \/>\n11<\/strong>, le salaire brut est de 2.240 euros, pour un net<br \/>\nmensuel de 1.809 euros. En y ajoutant l\u2019indemnit\u00e9, la r\u00e9mun\u00e9ration<br \/>\ntotale atteint <strong>1.912 euros nets<\/strong> par mois.<\/p>\n<p>Il faut toutefois noter qu&rsquo;<strong>un AESH est oblig\u00e9e de<br \/>\ntravailler \u00e0 62%<\/strong> et n&rsquo;est donc pas sur un bar\u00e8me de 35h<br \/>\npar semaines. En r\u00e9alit\u00e9, un AESH touche plut\u00f4t <strong>une<br \/>\nr\u00e9mun\u00e9ration autour des 900 \u00e0 1000 euros par mois.<\/strong><\/p>\n<p><img loading=\"lazy\" decoding=\"async\" aria-describedby=\"caption-attachment-1081937\" class=\"size-medium wp-image-1081937 img-responsive\" src=\"https:\/\/www.europesays.com\/fr\/wp-content\/uploads\/2025\/09\/accompagnant-des-eleves-en-situation-de-handicap-1-680x383.jpg\" alt=\"Accompagnant des \u00e9l\u00e8ves en situation de handicap\" width=\"680\" height=\"383\"\/> \u00a9 Shutterstock<\/p>\n<p id=\"caption-attachment-1081937\" class=\"wp-caption-text\">Un<br \/>\nsalaire qui varie selon l&rsquo;anciennet\u00e9 pour l&rsquo;AESH<\/p>\n<p>En janvier 2024, une nouvelle hausse des indices a encore<br \/>\nam\u00e9lior\u00e9 leur r\u00e9mun\u00e9ration. Le remboursement des <strong>frais de<br \/>\ntransport<\/strong> a \u00e9galement \u00e9t\u00e9 revu \u00e0 la hausse, tandis qu&rsquo;une<br \/>\nprime exceptionnelle de <strong>500 euros bruts<\/strong> a \u00e9t\u00e9<br \/>\nvers\u00e9e \u00e0 l&rsquo;automne pour soutenir leur pouvoir d&rsquo;achat.<\/p>\n<p>Par ailleurs, les AESH peuvent d\u00e9sormais <strong>obtenir un<br \/>\nCDI<\/strong> apr\u00e8s seulement trois ans d\u2019exp\u00e9rience, contre six<br \/>\nauparavant, leur offrant ainsi une stabilit\u00e9 professionnelle plus<br \/>\nrapide. Ces revalorisations et changements ont marqu\u00e9 une<br \/>\nreconnaissance\u00a0de leur r\u00f4le dans l&rsquo;inclusion scolaire.<\/p>\n<p><script async src=\"https:\/\/platform.twitter.com\/widgets.js\" charset=\"utf-8\"><\/script><\/p>\n","protected":false},"excerpt":{"rendered":"L\u2019\u00c9cole inclusive, qui s\u2019efforce d\u2019offrir \u00e0 chaque \u00e9l\u00e8ve un parcours adapt\u00e9 \u00e0 ses besoins, marque un tournant dans&hellip;\n","protected":false},"author":2,"featured_media":363858,"comment_status":"","ping_status":"","sticky":false,"template":"","format":"standard","meta":{"footnotes":""},"categories":[4],"tags":[11,1011,27,12,25,6055],"class_list":{"0":"post-363857","1":"post","2":"type-post","3":"status-publish","4":"format-standard","5":"has-post-thumbnail","7":"category-france","8":"tag-actualites","9":"tag-fr","10":"tag-france","11":"tag-news","12":"tag-republique-francaise","13":"tag-republishing"},"share_on_mastodon":{"url":"https:\/\/pubeurope.com\/@fr\/115141757485735978","error":""},"_links":{"self":[{"href":"https:\/\/www.europesays.com\/fr\/wp-json\/wp\/v2\/posts\/363857","targetHints":{"allow":["GET"]}}],"collection":[{"href":"https:\/\/www.europesays.com\/fr\/wp-json\/wp\/v2\/posts"}],"about":[{"href":"https:\/\/www.europesays.com\/fr\/wp-json\/wp\/v2\/types\/post"}],"author":[{"embeddable":true,"href":"https:\/\/www.europesays.com\/fr\/wp-json\/wp\/v2\/users\/2"}],"replies":[{"embeddable":true,"href":"https:\/\/www.europesays.com\/fr\/wp-json\/wp\/v2\/comments?post=363857"}],"version-history":[{"count":0,"href":"https:\/\/www.europesays.com\/fr\/wp-json\/wp\/v2\/posts\/363857\/revisions"}],"wp:featuredmedia":[{"embeddable":true,"href":"https:\/\/www.europesays.com\/fr\/wp-json\/wp\/v2\/media\/363858"}],"wp:attachment":[{"href":"https:\/\/www.europesays.com\/fr\/wp-json\/wp\/v2\/media?parent=363857"}],"wp:term":[{"taxonomy":"category","embeddable":true,"href":"https:\/\/www.europesays.com\/fr\/wp-json\/wp\/v2\/categories?post=363857"},{"taxonomy":"post_tag","embeddable":true,"href":"https:\/\/www.europesays.com\/fr\/wp-json\/wp\/v2\/tags?post=363857"}],"curies":[{"name":"wp","href":"https:\/\/api.w.org\/{rel}","templated":true}]}}