{"id":363861,"date":"2025-09-03T18:23:10","date_gmt":"2025-09-03T18:23:10","guid":{"rendered":"https:\/\/www.europesays.com\/fr\/363861\/"},"modified":"2025-09-03T18:23:10","modified_gmt":"2025-09-03T18:23:10","slug":"saint-etienne-les-salles-de-classe-ont-ete-renovees-a-lecole-vittone","status":"publish","type":"post","link":"https:\/\/www.europesays.com\/fr\/363861\/","title":{"rendered":"Saint-\u00c9tienne. Les salles de classe ont \u00e9t\u00e9 r\u00e9nov\u00e9es \u00e0 l\u2019\u00e9cole Vittone"},"content":{"rendered":"<p>\u00c9l\u00e8ves et enseignants de l\u2019\u00e9cole publique \u00e9l\u00e9mentaire Vittone ont appr\u00e9ci\u00e9 les travaux de r\u00e9novation entrepris cet \u00e9t\u00e9 par la Ville de Saint-Etienne.<\/p>\n<p>Les faux plafonds de plusieurs salles de classe ont \u00e9t\u00e9 remont\u00e9s, permettant de b\u00e9n\u00e9ficier de salles de classe plus a\u00e9r\u00e9es et plus agr\u00e9ables.<\/p>\n<p>Les sanitaires donnant sur la cour de r\u00e9cr\u00e9ation ont \u00e9t\u00e9 refaits en totalit\u00e9.<\/p>\n<p>Une nouvelle chaudi\u00e8re a \u00e9t\u00e9 install\u00e9e. \u00ab\u00a0Avec 195 \u00e9l\u00e8ves, r\u00e9partis dans 11 classes, l\u2019effectif est stable\u00a0\u00bb, explique Alain Rivet, directeur de l\u2019\u00e9tablissement.<\/p>\n","protected":false},"excerpt":{"rendered":"\u00c9l\u00e8ves et enseignants de l\u2019\u00e9cole publique \u00e9l\u00e9mentaire Vittone ont appr\u00e9ci\u00e9 les travaux de r\u00e9novation entrepris cet \u00e9t\u00e9 par&hellip;\n","protected":false},"author":2,"featured_media":363862,"comment_status":"","ping_status":"","sticky":false,"template":"","format":"standard","meta":{"footnotes":""},"categories":[9653],"tags":[1111,11,2430,7539,1057,1777,674,1011,27,10425,12,25,4001,7538],"class_list":{"0":"post-363861","1":"post","2":"type-post","3":"status-publish","4":"format-standard","5":"has-post-thumbnail","7":"category-saint-etienne","8":"tag-actu","9":"tag-actualites","10":"tag-auvergne-rhone-alpes","11":"tag-edition-loire-sud","12":"tag-education","13":"tag-eu","14":"tag-europe","15":"tag-fr","16":"tag-france","17":"tag-maternelle-elementaire","18":"tag-news","19":"tag-republique-francaise","20":"tag-saint-etienne","21":"tag-saint-etienne-ville"},"share_on_mastodon":{"url":"https:\/\/pubeurope.com\/@fr\/115141765031690372","error":""},"_links":{"self":[{"href":"https:\/\/www.europesays.com\/fr\/wp-json\/wp\/v2\/posts\/363861","targetHints":{"allow":["GET"]}}],"collection":[{"href":"https:\/\/www.europesays.com\/fr\/wp-json\/wp\/v2\/posts"}],"about":[{"href":"https:\/\/www.europesays.com\/fr\/wp-json\/wp\/v2\/types\/post"}],"author":[{"embeddable":true,"href":"https:\/\/www.europesays.com\/fr\/wp-json\/wp\/v2\/users\/2"}],"replies":[{"embeddable":true,"href":"https:\/\/www.europesays.com\/fr\/wp-json\/wp\/v2\/comments?post=363861"}],"version-history":[{"count":0,"href":"https:\/\/www.europesays.com\/fr\/wp-json\/wp\/v2\/posts\/363861\/revisions"}],"wp:featuredmedia":[{"embeddable":true,"href":"https:\/\/www.europesays.com\/fr\/wp-json\/wp\/v2\/media\/363862"}],"wp:attachment":[{"href":"https:\/\/www.europesays.com\/fr\/wp-json\/wp\/v2\/media?parent=363861"}],"wp:term":[{"taxonomy":"category","embeddable":true,"href":"https:\/\/www.europesays.com\/fr\/wp-json\/wp\/v2\/categories?post=363861"},{"taxonomy":"post_tag","embeddable":true,"href":"https:\/\/www.europesays.com\/fr\/wp-json\/wp\/v2\/tags?post=363861"}],"curies":[{"name":"wp","href":"https:\/\/api.w.org\/{rel}","templated":true}]}}