{"id":363863,"date":"2025-09-03T18:24:11","date_gmt":"2025-09-03T18:24:11","guid":{"rendered":"https:\/\/www.europesays.com\/fr\/363863\/"},"modified":"2025-09-03T18:24:11","modified_gmt":"2025-09-03T18:24:11","slug":"un-transfert-imminent-a-saint-etienne","status":"publish","type":"post","link":"https:\/\/www.europesays.com\/fr\/363863\/","title":{"rendered":"Un transfert imminent \u00e0 Saint-Etienne"},"content":{"rendered":"<p>\t\t\tAfficher l\u2019index Masquer l\u2019index <\/p>\n<p>Mis sur le march\u00e9 des <strong>transferts<\/strong> par l\u2019<strong>ASSE<\/strong>, <strong>Benjamin Bouchouari<\/strong> va s\u2019engager avec <strong>Trabzonspor<\/strong>. Il est arriv\u00e9 en Turquie ce mercredi pour s\u2019engager avec le club.<\/p>\n<p>Mercato : Accord entre l\u2019ASSE et Trabzonspor pour Bouchouari\t<\/p>\n<p><a href=\"https:\/\/www.foot-sur7.fr\/693398-asse-mercato-ca-bouge-pour-bouchouari-en-turquie\" data-type=\"post\" data-id=\"693398\" rel=\"nofollow noopener\" target=\"_blank\">Benjamin Bouchouari quitte l\u2019ASSE pour rejoindre Trabzonspor<\/a> en Turquie, deux jours apr\u00e8s la fermeture du mercato dans les grands championnats. Selon Foot Mercato, le club turc a trouv\u00e9 un accord total avec son homologue st\u00e9phanois pour le transfert du milieu de terrain de 23 ans.<\/p>\n<p>L\u2019accord est conclu autour d\u2019une indemnit\u00e9 de transfert de 4 millions d\u2019euros, plus un million d\u2019euros de bonus \u00e0 en croire la source. Quant au joueur marocain, un contrat de trois ans, plus une saison suppl\u00e9mentaire, l\u2019attend \u00e0 Trabzon.<\/p>\n<p>Benjamin Bouchouari est arriv\u00e9 en Turquie pour la visite m\u00e9dicale<\/p>\n<p>Ce mercredi, les informations du m\u00e9dia sp\u00e9cialis\u00e9 se confirment. <strong>Benjamin Bouchouari<\/strong> a \u00e9t\u00e9 aper\u00e7u \u00e0 l\u2019a\u00e9roport d\u2019Istanbul. Il est bien visible sur une photo post\u00e9e sur X par le compte Haber61. \u00ab\u00a0Benjamin Bouchouari, pour qui l\u2019AS Saint-\u00c9tienne et Trabzonspor ont trouv\u00e9 un accord lors de leurs discussions, est arriv\u00e9 \u00e0 Istanbul\u00a0\u00bb, indiqu\u00e9 cette source.<\/p>\n<p>Lisez aussi : <\/p>\n<p><a class=\"related-article simple\" href=\"https:\/\/www.foot-sur7.fr\/693480-mercato-hakim-ziyech-a-lom-la-surprise-est-totale\" rel=\"nofollow noopener\" target=\"_blank\">\u00c0 voirMercato : Hakim Ziyech \u00e0 l\u2019OM, la surprise est totale\u00a0!<\/a><\/p>\n<p>Le num\u00e9ro 6 de l\u2019<a href=\"https:\/\/www.foot-sur7.fr\/foot-saint-etienne\" data-type=\"link\" data-id=\"https:\/\/www.foot-sur7.fr\/foot-saint-etienne\" rel=\"nofollow noopener\" target=\"_blank\">ASSE<\/a> est donc arriv\u00e9 en Turquie pour passer sa visite m\u00e9dicale et s\u2019engager avec son nouveau club. Sauf \u00e9chec lors des tests physiques et m\u00e9dicaux, ou revirement inattendu de derni\u00e8res minutes, Benjamin Bouchouari sera un joueur de <strong>Trabzonspor<\/strong> dans les prochaines heures.<\/p>\n","protected":false},"excerpt":{"rendered":"Afficher l\u2019index Masquer l\u2019index Mis sur le march\u00e9 des transferts par l\u2019ASSE, Benjamin Bouchouari va s\u2019engager avec Trabzonspor.&hellip;\n","protected":false},"author":2,"featured_media":363864,"comment_status":"","ping_status":"","sticky":false,"template":"","format":"standard","meta":{"footnotes":""},"categories":[9653],"tags":[1111,11,2430,1777,674,1011,27,12,25,4001],"class_list":{"0":"post-363863","1":"post","2":"type-post","3":"status-publish","4":"format-standard","5":"has-post-thumbnail","7":"category-saint-etienne","8":"tag-actu","9":"tag-actualites","10":"tag-auvergne-rhone-alpes","11":"tag-eu","12":"tag-europe","13":"tag-fr","14":"tag-france","15":"tag-news","16":"tag-republique-francaise","17":"tag-saint-etienne"},"share_on_mastodon":{"url":"https:\/\/pubeurope.com\/@fr\/115141768794844734","error":""},"_links":{"self":[{"href":"https:\/\/www.europesays.com\/fr\/wp-json\/wp\/v2\/posts\/363863","targetHints":{"allow":["GET"]}}],"collection":[{"href":"https:\/\/www.europesays.com\/fr\/wp-json\/wp\/v2\/posts"}],"about":[{"href":"https:\/\/www.europesays.com\/fr\/wp-json\/wp\/v2\/types\/post"}],"author":[{"embeddable":true,"href":"https:\/\/www.europesays.com\/fr\/wp-json\/wp\/v2\/users\/2"}],"replies":[{"embeddable":true,"href":"https:\/\/www.europesays.com\/fr\/wp-json\/wp\/v2\/comments?post=363863"}],"version-history":[{"count":0,"href":"https:\/\/www.europesays.com\/fr\/wp-json\/wp\/v2\/posts\/363863\/revisions"}],"wp:featuredmedia":[{"embeddable":true,"href":"https:\/\/www.europesays.com\/fr\/wp-json\/wp\/v2\/media\/363864"}],"wp:attachment":[{"href":"https:\/\/www.europesays.com\/fr\/wp-json\/wp\/v2\/media?parent=363863"}],"wp:term":[{"taxonomy":"category","embeddable":true,"href":"https:\/\/www.europesays.com\/fr\/wp-json\/wp\/v2\/categories?post=363863"},{"taxonomy":"post_tag","embeddable":true,"href":"https:\/\/www.europesays.com\/fr\/wp-json\/wp\/v2\/tags?post=363863"}],"curies":[{"name":"wp","href":"https:\/\/api.w.org\/{rel}","templated":true}]}}