{"id":363865,"date":"2025-09-03T18:26:28","date_gmt":"2025-09-03T18:26:28","guid":{"rendered":"https:\/\/www.europesays.com\/fr\/363865\/"},"modified":"2025-09-03T18:26:28","modified_gmt":"2025-09-03T18:26:28","slug":"barilla-installe-son-basilic-bar-ephemere-a-nancy","status":"publish","type":"post","link":"https:\/\/www.europesays.com\/fr\/363865\/","title":{"rendered":"Barilla installe son \u201cBasilic Bar\u201d \u00e9ph\u00e9m\u00e8re \u00e0 Nancy"},"content":{"rendered":"<p>        <strong>Barilla poursuit sa tourn\u00e9e fran\u00e7aise avec son \u201cBasilic Bar\u201d, un espace \u00e9ph\u00e9m\u00e8re d\u00e9di\u00e9 au pesto. Apr\u00e8s Nantes et avant Nice, l\u2019\u00e9v\u00e9nement s\u2019installe \u00e0 Nancy du 24 au 27 septembre, entre d\u00e9gustations, d\u00e9monstrations et rencontres culinaires.<\/strong><\/p>\n<p>La marque italienne Barilla posera son \u201cBasilic Bar\u201d itin\u00e9rant \u00e0 Nancy, place Maginot, du 24 au 27 septembre. L\u2019\u00e9v\u00e9nement, gratuit et ouvert \u00e0 tous, propose de faire d\u00e9couvrir la diversit\u00e9 de ses pesti \u00e0 travers d\u00e9gustations, ateliers et rencontres culinaires.<\/p>\n<p>Au programme figurent notamment une masterclass du chef Julien Sebbag, qui revisitera une recette locale avec une touche italienne, des d\u00e9monstrations culinaires et un parcours immersif autour de la fabrication du pesto, de la plante \u00e0 l\u2019assiette.<\/p>\n<p>Cette \u00e9tape nanc\u00e9ienne s\u2019inscrit dans une tourn\u00e9e fran\u00e7aise qui passera aussi par Nantes et Nice, avec l\u2019ambition de mettre en valeur la rencontre entre traditions italiennes et sp\u00e9cialit\u00e9s r\u00e9gionales.<\/p>\n<p>Infos pratiques. Du mercredi 24 au samedi 27 septembre 2025 Place Maginot \u2013 Nancy de 11h \u00e0 20h \u00c9v\u00e9nement gratuit et ouvert \u00e0 tous.\u00a0<\/p>\n<p>\u00a0<\/p>\n<p>\t\t\t\t\t\t<a href=\"https:\/\/www.pinterest.com\/pin\/create\/button\/\" data-pin-do=\"buttonBookmark\" data-pin-color=\"red\" rel=\"nofollow noopener\" target=\"_blank\"><img decoding=\"async\" src=\"https:\/\/www.europesays.com\/fr\/wp-content\/uploads\/2025\/04\/pinit_fg_en_rect_red_20.png\" alt=\"Pin It\"\/><\/a><\/p>\n","protected":false},"excerpt":{"rendered":"Barilla poursuit sa tourn\u00e9e fran\u00e7aise avec son \u201cBasilic Bar\u201d, un espace \u00e9ph\u00e9m\u00e8re d\u00e9di\u00e9 au pesto. Apr\u00e8s Nantes et&hellip;\n","protected":false},"author":2,"featured_media":363866,"comment_status":"","ping_status":"","sticky":false,"template":"","format":"standard","meta":{"footnotes":""},"categories":[9635],"tags":[1111,11,1777,674,1011,27,775,1702,12,25],"class_list":{"0":"post-363865","1":"post","2":"type-post","3":"status-publish","4":"format-standard","5":"has-post-thumbnail","7":"category-nancy","8":"tag-actu","9":"tag-actualites","10":"tag-eu","11":"tag-europe","12":"tag-fr","13":"tag-france","14":"tag-grand-est","15":"tag-nancy","16":"tag-news","17":"tag-republique-francaise"},"share_on_mastodon":{"url":"https:\/\/pubeurope.com\/@fr\/115141776780034129","error":""},"_links":{"self":[{"href":"https:\/\/www.europesays.com\/fr\/wp-json\/wp\/v2\/posts\/363865","targetHints":{"allow":["GET"]}}],"collection":[{"href":"https:\/\/www.europesays.com\/fr\/wp-json\/wp\/v2\/posts"}],"about":[{"href":"https:\/\/www.europesays.com\/fr\/wp-json\/wp\/v2\/types\/post"}],"author":[{"embeddable":true,"href":"https:\/\/www.europesays.com\/fr\/wp-json\/wp\/v2\/users\/2"}],"replies":[{"embeddable":true,"href":"https:\/\/www.europesays.com\/fr\/wp-json\/wp\/v2\/comments?post=363865"}],"version-history":[{"count":0,"href":"https:\/\/www.europesays.com\/fr\/wp-json\/wp\/v2\/posts\/363865\/revisions"}],"wp:featuredmedia":[{"embeddable":true,"href":"https:\/\/www.europesays.com\/fr\/wp-json\/wp\/v2\/media\/363866"}],"wp:attachment":[{"href":"https:\/\/www.europesays.com\/fr\/wp-json\/wp\/v2\/media?parent=363865"}],"wp:term":[{"taxonomy":"category","embeddable":true,"href":"https:\/\/www.europesays.com\/fr\/wp-json\/wp\/v2\/categories?post=363865"},{"taxonomy":"post_tag","embeddable":true,"href":"https:\/\/www.europesays.com\/fr\/wp-json\/wp\/v2\/tags?post=363865"}],"curies":[{"name":"wp","href":"https:\/\/api.w.org\/{rel}","templated":true}]}}