{"id":363867,"date":"2025-09-03T18:29:29","date_gmt":"2025-09-03T18:29:29","guid":{"rendered":"https:\/\/www.europesays.com\/fr\/363867\/"},"modified":"2025-09-03T18:29:29","modified_gmt":"2025-09-03T18:29:29","slug":"nancy-ville-etudiante-par-excellence-un-quart-de-la-ville-a-moins-de-25-ans","status":"publish","type":"post","link":"https:\/\/www.europesays.com\/fr\/363867\/","title":{"rendered":"Nancy, ville \u00e9tudiante par excellence\u00a0: un quart de la ville a moins de 25 ans"},"content":{"rendered":"<p>\u00c0 Nancy, les \u00e9tudiants sont partout\u00a0: un quart des habitants a moins de 25 ans. Entre facult\u00e9s historiques, f\u00eate \u00e9tudiante et ambiance de rentr\u00e9e, la capitale du duch\u00e9 de Lorraine reste l\u2019une des villes \u00e9tudiantes les plus dynamiques de France<\/p>\n<p>Une rentr\u00e9e discr\u00e8te mais rep\u00e9rable<\/p>\n<p>Ils sont encore discrets. Il faut dire que ce n&rsquo;est pas encore leur saison, ou plut\u00f4t leur ann\u00e9e. et pourtant, quelques signes ne trompent pas le nanc\u00e9ien \u00e0 l&rsquo;\u0153il averti, <strong>les \u00e9tudiants arrivent<\/strong>. Alors, \u00e7a se voit de multiples signaux, des sc\u00e9nettes qu&rsquo;on ne voit qu&rsquo;ici. Ou plut\u00f4t, qu&rsquo;on voit beaucoup ici, parce qu&rsquo;\u00e9videmment, les \u00e9tudiants, il y en a ailleurs. Mais \u00e0 Nancy, <strong>ils sont particuli\u00e8rement nombreux<\/strong>. On est m\u00eame la ville de France qui compte le plus d&rsquo;\u00e9tudiants par habitant, ce qui nous donne un bon coup de fouet sur la pyramide des \u00e2ges, et nous donne une ville dont <strong>le quart des habitants n&rsquo;a pas 25 ans<\/strong>.<\/p>\n<p>L\u2019h\u00e9ritage universitaire de Nancy<\/p>\n<p>En fait, quand j&rsquo;y pense, les \u00e9tudiantes et \u00e9tudiants, c&rsquo;est une <strong>sp\u00e9cialit\u00e9 de Nancy<\/strong> au moins autant que les Bergamotes ou les Chars de la Saint-Nicolas. Parce que le pass\u00e9 a souvent fait le pr\u00e9sent et que si le pr\u00e9sent n&rsquo;est pas trop b\u00eate, il con\u00e7oit l&rsquo;avenir. Les \u00e9tudiants nanc\u00e9iens sont arriv\u00e9s parce qu&rsquo;un monsieur, <strong>M. Guerrier de Dumas<\/strong>, a tout donn\u00e9 au XIXe si\u00e8cle pour que Nancy soit dot\u00e9e d&rsquo;une facult\u00e9 de droit. C&rsquo;\u00e9tait au milieu du XIXe si\u00e8cle et&#8230; Parce que, quand Strasbourg et Metz sont devenus allemandes en 1871, la plus grande ville fran\u00e7aise restante \u00e9tait Nancy, la France s&rsquo;est dit \u00ab\u00a0bah \u00e9coutez, on va d\u00e9velopper Nancy\u00a0\u00bb et les facult\u00e9s se sont d\u00e9finitivement install\u00e9es. Les ann\u00e9es 60 les ont fait exploser en taille, les ann\u00e9es 80 ont ajout\u00e9 les \u00e9coles d&rsquo;ing\u00e9nieurs, avec des <strong>traditions f\u00eatardes<\/strong>, pas si \u00e9loign\u00e9es de celles des \u00e9tudiants de droit fran\u00e7ais du XIXe si\u00e8cle, dont les journaux nanc\u00e9iens racontaient les frasques avant de faire le plus pointu des comptes rendus de leur r\u00e9ussite en affichant leurs r\u00e9sultats.<\/p>\n<p>La jeunesse fait vibrer la ville<\/p>\n<p>Et on les voit arriver en ce moment, avec leurs parents poussant, ahanant, en essayant de grimper je ne sais quel sommier dans l&rsquo;immeuble d&rsquo;\u00e0 c\u00f4t\u00e9, on les voit chercher une place pour se garer alors que le klaxon nanc\u00e9ien est vif. Mais il sait heureusement s&rsquo;att\u00e9nuer quand il voit un 88 ou un 55 sur la place de cette camionnette qui essaie de se garer sur le trottoir. On les voit nos \u00e9tudiants prendre leur marque dans la sup\u00e9rette du quartier et peut-\u00eatre aussi surtout <strong>dans nos caf\u00e9s<\/strong>, choisissant vite et f\u00eatant bien leur choix aux derniers jours de l&rsquo;\u00e9t\u00e9. On les verra bient\u00f4t peupler nos rues la nuit, les faire chanter. On en r\u00e9cup\u00e9rera deux ou trois tr\u00e8s fatigu\u00e9s au petit matin, quelquefois dans l&rsquo;ann\u00e9e. On ne les verra plus ensuite quand la vie les portera plus loin. Mais on peut \u00eatre s\u00fbr d&rsquo;une chose\u00a0;\u00a0<strong>nos \u00e9tudiants vont commencer leurs plus belles ann\u00e9es<\/strong>. Ils les garderont au c\u0153ur toute leur vie durant. Et ce sera toujours avec un nom qui finit par le <strong>sourire de la jeunesse<\/strong>, le mot <strong>Nancy<\/strong>.<\/p>\n","protected":false},"excerpt":{"rendered":"\u00c0 Nancy, les \u00e9tudiants sont partout\u00a0: un quart des habitants a moins de 25 ans. Entre facult\u00e9s historiques,&hellip;\n","protected":false},"author":2,"featured_media":363868,"comment_status":"","ping_status":"","sticky":false,"template":"","format":"standard","meta":{"footnotes":""},"categories":[9635],"tags":[1111,11,1777,674,1011,27,775,1702,12,25],"class_list":{"0":"post-363867","1":"post","2":"type-post","3":"status-publish","4":"format-standard","5":"has-post-thumbnail","7":"category-nancy","8":"tag-actu","9":"tag-actualites","10":"tag-eu","11":"tag-europe","12":"tag-fr","13":"tag-france","14":"tag-grand-est","15":"tag-nancy","16":"tag-news","17":"tag-republique-francaise"},"share_on_mastodon":{"url":"https:\/\/pubeurope.com\/@fr\/115141788550392918","error":""},"_links":{"self":[{"href":"https:\/\/www.europesays.com\/fr\/wp-json\/wp\/v2\/posts\/363867","targetHints":{"allow":["GET"]}}],"collection":[{"href":"https:\/\/www.europesays.com\/fr\/wp-json\/wp\/v2\/posts"}],"about":[{"href":"https:\/\/www.europesays.com\/fr\/wp-json\/wp\/v2\/types\/post"}],"author":[{"embeddable":true,"href":"https:\/\/www.europesays.com\/fr\/wp-json\/wp\/v2\/users\/2"}],"replies":[{"embeddable":true,"href":"https:\/\/www.europesays.com\/fr\/wp-json\/wp\/v2\/comments?post=363867"}],"version-history":[{"count":0,"href":"https:\/\/www.europesays.com\/fr\/wp-json\/wp\/v2\/posts\/363867\/revisions"}],"wp:featuredmedia":[{"embeddable":true,"href":"https:\/\/www.europesays.com\/fr\/wp-json\/wp\/v2\/media\/363868"}],"wp:attachment":[{"href":"https:\/\/www.europesays.com\/fr\/wp-json\/wp\/v2\/media?parent=363867"}],"wp:term":[{"taxonomy":"category","embeddable":true,"href":"https:\/\/www.europesays.com\/fr\/wp-json\/wp\/v2\/categories?post=363867"},{"taxonomy":"post_tag","embeddable":true,"href":"https:\/\/www.europesays.com\/fr\/wp-json\/wp\/v2\/tags?post=363867"}],"curies":[{"name":"wp","href":"https:\/\/api.w.org\/{rel}","templated":true}]}}