{"id":363873,"date":"2025-09-03T18:32:11","date_gmt":"2025-09-03T18:32:11","guid":{"rendered":"https:\/\/www.europesays.com\/fr\/363873\/"},"modified":"2025-09-03T18:32:11","modified_gmt":"2025-09-03T18:32:11","slug":"a-lattes-aux-portes-de-montpellier-boirargues-aura-son-arret-de-tramway-le-14-janvier","status":"publish","type":"post","link":"https:\/\/www.europesays.com\/fr\/363873\/","title":{"rendered":"\u00c0 Lattes, aux portes de Montpellier, Boirargues aura son arr\u00eat de tramway le 14\u00a0janvier"},"content":{"rendered":"<p>\n                                                                Il permettra la desserte d\u2019une centaine d\u2019entreprises dont celles de la zone commerciale du Solis, mais aussi quelque trois mille habitants qui vivent dans ce quartier en mutation.\n                            <\/p>\n<p>\u00ab\u00a0Une station de tramway, cela a un co\u00fbt, c\u2019est d\u2019abord un choix\u00a0: trois millions d\u2019euros\u00a0\u00bb, a l\u00e2ch\u00e9 Micha\u00ebl Delafosse, le pr\u00e9sident de la M\u00e9tropole et maire de Montpellier. Pr\u00e9sent \u00e0 ses c\u00f4t\u00e9s ce 3\u00a0septembre, le maire de Lattes Cyril Meunier n\u2019a pas dit autre chose. Au sujet de cette future station de tramway de la ligne 3 dont les travaux viennent de d\u00e9marrer entre la zone commerciale du Solis et le quartier de Boirargues.<\/p>\n<p>\u00ab\u00a0\u00c0 l\u2019\u00e9poque, il avait \u00e9t\u00e9 d\u00e9cid\u00e9 avec Georges Fr\u00eache que l\u2019on ne la ferait pas, ni celle des Hauts-de-Lattes\u00a0\u00bb, a rappel\u00e9 l\u2019\u00e9dile lattois.<\/p>\n<p>Une autre station en 2027<br \/>pour les Hauts-de-Lattes<\/p>\n<p>Et puis, pression d\u00e9mographique oblige, le projet a \u00e9t\u00e9 ressorti des cartons. Las. Entre\u00a02016 et\u00a02017, le pr\u00e9sident de la M\u00e9tropole d\u2019alors n\u2019avait pas jug\u00e9 ce projet pertinent. C\u2019est donc avec pr\u00e8s de dix ans de retard que le 14\u00a0janvier prochain, ce secteur disposera d\u2019un arr\u00eat en bonne et due forme.<\/p>\n<p>Une station \u00e0 m\u00eame de desservir quelque trois mille habitants et une centaine d\u2019entreprises. Quant \u00e0 la station des hauts lattois, elle devrait sortir de terre en 2027.<br \/>Puis le premier magistrat montpelli\u00e9rain de l\u2019annoncer\u00a0: \u00ab\u00a0Cela va faire du bien \u00e0 Boirargues et ce n\u2019est pas fini\u00a0! Car le 18\u00a0octobre, le prolongement de la ligne 1 vers la gare Sud-de-France, soulagera aussi les habitants\u00a0\u00bb.<\/p>\n","protected":false},"excerpt":{"rendered":"Il permettra la desserte d\u2019une centaine d\u2019entreprises dont celles de la zone commerciale du Solis, mais aussi quelque&hellip;\n","protected":false},"author":2,"featured_media":363874,"comment_status":"","ping_status":"","sticky":false,"template":"","format":"standard","meta":{"footnotes":""},"categories":[9599],"tags":[1111,11,1777,674,1011,27,2208,12,2680,25],"class_list":{"0":"post-363873","1":"post","2":"type-post","3":"status-publish","4":"format-standard","5":"has-post-thumbnail","7":"category-montpellier","8":"tag-actu","9":"tag-actualites","10":"tag-eu","11":"tag-europe","12":"tag-fr","13":"tag-france","14":"tag-montpellier","15":"tag-news","16":"tag-occitanie","17":"tag-republique-francaise"},"share_on_mastodon":{"url":"https:\/\/pubeurope.com\/@fr\/115141800459547061","error":""},"_links":{"self":[{"href":"https:\/\/www.europesays.com\/fr\/wp-json\/wp\/v2\/posts\/363873","targetHints":{"allow":["GET"]}}],"collection":[{"href":"https:\/\/www.europesays.com\/fr\/wp-json\/wp\/v2\/posts"}],"about":[{"href":"https:\/\/www.europesays.com\/fr\/wp-json\/wp\/v2\/types\/post"}],"author":[{"embeddable":true,"href":"https:\/\/www.europesays.com\/fr\/wp-json\/wp\/v2\/users\/2"}],"replies":[{"embeddable":true,"href":"https:\/\/www.europesays.com\/fr\/wp-json\/wp\/v2\/comments?post=363873"}],"version-history":[{"count":0,"href":"https:\/\/www.europesays.com\/fr\/wp-json\/wp\/v2\/posts\/363873\/revisions"}],"wp:featuredmedia":[{"embeddable":true,"href":"https:\/\/www.europesays.com\/fr\/wp-json\/wp\/v2\/media\/363874"}],"wp:attachment":[{"href":"https:\/\/www.europesays.com\/fr\/wp-json\/wp\/v2\/media?parent=363873"}],"wp:term":[{"taxonomy":"category","embeddable":true,"href":"https:\/\/www.europesays.com\/fr\/wp-json\/wp\/v2\/categories?post=363873"},{"taxonomy":"post_tag","embeddable":true,"href":"https:\/\/www.europesays.com\/fr\/wp-json\/wp\/v2\/tags?post=363873"}],"curies":[{"name":"wp","href":"https:\/\/api.w.org\/{rel}","templated":true}]}}