{"id":363875,"date":"2025-09-03T18:33:18","date_gmt":"2025-09-03T18:33:18","guid":{"rendered":"https:\/\/www.europesays.com\/fr\/363875\/"},"modified":"2025-09-03T18:33:18","modified_gmt":"2025-09-03T18:33:18","slug":"quels-sont-les-six-artistes-de-la-9e-edition-du-salon-du-dessin-contemporain","status":"publish","type":"post","link":"https:\/\/www.europesays.com\/fr\/363875\/","title":{"rendered":"quels sont les six artistes de la 9e \u00e9dition du salon du dessin contemporain\u00a0?"},"content":{"rendered":"<p>            Par<br \/>\n        <strong><br \/>\n            <a href=\"https:\/\/actu.fr\/auteur\/r-coudert\" title=\"Consulter tous les articles de Rachel Coudert\" rel=\"nofollow noopener\" target=\"_blank\">Rachel Coudert<\/a><br \/>\n        <\/strong><\/p>\n<p>        Publi\u00e9 le<\/p>\n<p>            3 sept. 2025 \u00e0 20h29        <\/p>\n<p>Septembre s\u2019ouvre \u00e0 Montpellier sous le signe de la cr\u00e9ation et du trait. De concert, la <strong>N5 galerie<\/strong> et le lieu<strong> multiple Montpellier<\/strong> accueilleront la nouvelle \u00e9dition du <strong>salon du dessin contemporain Drawing draw<\/strong>, du <strong>4 septembre au 4 octobre<\/strong> 2025. Ce sont ainsi <strong>six artistes<\/strong> aux styles \u00e9clectiques que pourront d\u00e9couvrir les visiteurs de passage \u00e0 Montpellier, au sein de deux expositions distinctes.<\/p>\n<p class=\" wall-content\">Le lieu multiple exposera le travail de <strong>Tamina Beausoleil<\/strong>, <strong>Maria Clark<\/strong> et <strong>Mona Laure Millet<\/strong>, tandis que la N5 galerie mettra en lumi\u00e8re le travail de <strong>Jo\u00eblle Bondil<\/strong>, <strong>Bruno Mercet<\/strong> et <strong>Vincent Puren<\/strong>. Un premier vernissage aura lieu au lieu multiple le jeudi 4 septembre \u00e0 17h en pr\u00e9sence des artistes, suivi d\u2019un second, le lendemain d\u00e8s 17h, \u00e0 la N5 galerie.<\/p>\n<p>Six artistes pour r\u00e9interpr\u00e9ter le dessin<\/p>\n<p class=\" wall-content\"><strong>Du c\u00f4t\u00e9 du lieu multiple montpellier :<\/strong><\/p>\n<p class=\" wall-content\">Inspir\u00e9e par les planches anatomiques de Carlo Ruini, m\u00e9decin italien du XVI\u1d49 si\u00e8cle, <strong>Tamina Beausoleil<\/strong> cr\u00e9e des chim\u00e8res mi-humaines mi-animales. Ses dessins, proches des planches scientifiques, int\u00e8grent parfois collages et l\u00e9gendes, comme pour mieux diss\u00e9quer la fronti\u00e8re entre l\u2019animal et l\u2019humain.<\/p>\n<p class=\" wall-content\">Les dessins de <strong>Maria Clark<\/strong> explorent l\u2019organique et l\u2019intime. Admiratrice de Fred Deux, elle utilise une palette autour du gris, de la chair et du rouge sang, sur des papiers soigneusement choisis. Ses compositions jouent sur les transparences et les disproportions, donnant forme \u00e0 des corps hybrid\u00e9s et m\u00e9tamorphos\u00e9s.<\/p>\n<p>    <img   decoding=\"async\" loading=\"lazy\" src=\"https:\/\/www.europesays.com\/fr\/wp-content\/uploads\/2025\/09\/untitled-design-3-960x640.png\" alt=\"Les travaux de Maria Clark (\u00e0 gauche) et Tamina Beausoleil (\u00e0 droite).\" width=\"960\" height=\"640\"\/><br \/>\n    Le D\u00f4me de Maria Clark (\u00e0 gauche) et Oizelle#8 de Tamina Beausoleil (\u00e0 droite). (\u00a9lieu multiple montpellier)<\/p>\n<p class=\" wall-content\"><strong>Mona Laure Millet<\/strong> explore la fragilit\u00e9 par l\u2019usage de mat\u00e9riaux vari\u00e9s \u2013 pigments, encres, bulles de savon, films plastiques ou calques. Ses recherches \u00ab inter-mati\u00e8re \u00bb fixent l\u2019\u00e9ph\u00e9m\u00e8re et associent souffle et geste pour cr\u00e9er des dessins o\u00f9 hasard et rigueur se rencontrent.<\/p>\n<p>Vid\u00e9os : en ce moment sur Actu<br \/>\n    <img   decoding=\"async\" loading=\"lazy\" src=\"https:\/\/www.europesays.com\/fr\/wp-content\/uploads\/2025\/09\/monalauremillet-salondd9-lieumultiplemtp-4sept-4oct2025-960x640.jpg\" alt=\"Jungle (lost) paradise (d\u00e9tail) de Mona Laure Millet.\" width=\"960\" height=\"640\"\/><br \/>\n    Jungle (lost) paradise (d\u00e9tail) de Mona Laure Millet. (\u00a9lieu multiple montpellier)<\/p>\n<p class=\" wall-content\"><strong>Du c\u00f4t\u00e9 de la N5 galerie :<\/strong><\/p>\n<p class=\" wall-content\"><strong>Jo\u00eblle Bondil<\/strong> pr\u00e9sente deux s\u00e9ries compl\u00e9mentaires. \u00ab Champ-contrechamp \u00bb rassemble des dessins r\u00e9alis\u00e9s in situ, comme un journal visuel du quotidien. \u00ab Impression\/notation \u00bb, con\u00e7ue en atelier, travaille la m\u00e9moire et la trace. Les deux s\u00e9ries m\u00ealent gestes, transparences et superpositions.<\/p>\n<p>Votre r\u00e9gion, votre actu !<\/p>\n<p>Recevez chaque jour les infos qui comptent pour vous.<\/p>\n<p>\t<a href=\"https:\/\/actu.fr\/newsletter\" class=\"ac-btn ac-btn--corner ac-btn--medium ac-btn--blue800\" rel=\"nofollow noopener\" target=\"_blank\">S&rsquo;incrire<\/a><\/p>\n<p>    <img   decoding=\"async\" loading=\"lazy\" src=\"https:\/\/www.europesays.com\/fr\/wp-content\/uploads\/2025\/09\/untitled-design-4-960x640.png\" alt=\"\u00ab Impressions\/notation \u00bb de Jo\u00eblle Bondil, visible \u00e0 la N5 galerie.\" width=\"960\" height=\"640\"\/><br \/>\n    \u00ab Impressions\/notation \u00bb de Jo\u00eblle Bondil. (\u00a9N5 galerie)<\/p>\n<p class=\" wall-content\">Le travail de <strong>Bruno Mercet<\/strong> s\u2019ancre dans ses influences : les plans d\u2019architecte de son p\u00e8re, les paysages de Pierre Bichet et ses \u00e9tudes aux Beaux-Arts de Besan\u00e7on. Il en tire des cr\u00e9ations \u00e9clectiques, o\u00f9 les objets ordinaires se chargent d\u2019humour, de po\u00e9sie et parfois d\u2019absurde.<\/p>\n<p>    <img   decoding=\"async\" loading=\"lazy\" src=\"https:\/\/www.europesays.com\/fr\/wp-content\/uploads\/2025\/09\/brunomercet-salondd9-n5galerie-5sept-4oct2025-960x640.jpg\" alt=\"\u00ab Le petit cirque des objets n\u00b01 \u00bb de Bruno Mercet\" width=\"960\" height=\"640\"\/><br \/>\n    \u00ab Le petit cirque des objets n\u00b01 \u00bb de Bruno Mercet. (\u00a9N5 galerie)<\/p>\n<p class=\" wall-content\">Avec un regard contemplatif, <strong>Vincent Puren<\/strong> capte des fragments de corps, souvent partiellement cadr\u00e9s. La peau y devient fronti\u00e8re entre soi et le monde. Apr\u00e8s deux r\u00e9sidences \u00e0 Montpellier, il pr\u00e9sente une relecture des repr\u00e9sentations iconographiques de Saint Roch, figure protectrice de la ville.<\/p>\n<p>    <img   decoding=\"async\" loading=\"lazy\" src=\"https:\/\/www.europesays.com\/fr\/wp-content\/uploads\/2025\/09\/vincentpuren-n5galerie-5sept-4oct2025-960x640.jpeg\" alt=\"\u00ab Saint Roch \u00bb de Vincent Puren.\" width=\"960\" height=\"640\"\/><br \/>\n    \u00ab Saint Roch \u00bb de Vincent Puren. (\u00a9N5 galerie)<\/p>\n<p>Vernissage le jeudi 4 septembre 2025 d\u00e8s 17h au lieu multiple montpellier<br \/>Exposition du 5 septembre au 4 octobre 2025, les vendredis et samedis de 15h \u00e0 18h30, et sur r\u00e9servation.<br \/>Contact : Dominique \u2013 06 07 40 10 16 \u2013 lelieumultiplemontpellier.com<br \/>Vernissage le vendredi 5 septembre 2025 d\u00e8s 17h \u00e0 la N5 Galerie<br \/>Exposition du 6 septembre au 4 octobre 2025, du mercredi au samedi, de 10h \u00e0 13h et de 14h \u00e0 18h30.<br \/>Contact : Ludovic \u2013 06 82 69 06 10 \u2013 n5galeriemontpellier.com<\/p>\n<p class=\" wall-content\">Personnalisez votre actualit\u00e9 en ajoutant vos villes et m\u00e9dias en favori avec <a href=\"https:\/\/moncompte.actu.fr\" title=\"D\u00e9couvez Mon Actu\" rel=\"nofollow noopener\" data-trk=\"{&quot;cta&quot;:{&quot;action&quot;:&quot;https:\\\/\\\/moncompte.actu.fr&quot;,&quot;category&quot;:&quot;mon compte&quot;,&quot;from&quot;:&quot;article footer&quot;,&quot;name&quot;:&quot;Mon actu&quot;,&quot;type&quot;:&quot;cta&quot;}}\" target=\"_blank\">Mon Actu<\/a>.<\/p>\n","protected":false},"excerpt":{"rendered":"Par Rachel Coudert Publi\u00e9 le 3 sept. 2025 \u00e0 20h29 Septembre s\u2019ouvre \u00e0 Montpellier sous le signe de&hellip;\n","protected":false},"author":2,"featured_media":363876,"comment_status":"","ping_status":"","sticky":false,"template":"","format":"standard","meta":{"footnotes":""},"categories":[9599],"tags":[1111,11,1777,674,1349,1011,27,1652,2208,12,2680,25],"class_list":{"0":"post-363875","1":"post","2":"type-post","3":"status-publish","4":"format-standard","5":"has-post-thumbnail","7":"category-montpellier","8":"tag-actu","9":"tag-actualites","10":"tag-eu","11":"tag-europe","12":"tag-expositions","13":"tag-fr","14":"tag-france","15":"tag-loisirs-culture","16":"tag-montpellier","17":"tag-news","18":"tag-occitanie","19":"tag-republique-francaise"},"share_on_mastodon":{"url":"https:\/\/pubeurope.com\/@fr\/115141804790566707","error":""},"_links":{"self":[{"href":"https:\/\/www.europesays.com\/fr\/wp-json\/wp\/v2\/posts\/363875","targetHints":{"allow":["GET"]}}],"collection":[{"href":"https:\/\/www.europesays.com\/fr\/wp-json\/wp\/v2\/posts"}],"about":[{"href":"https:\/\/www.europesays.com\/fr\/wp-json\/wp\/v2\/types\/post"}],"author":[{"embeddable":true,"href":"https:\/\/www.europesays.com\/fr\/wp-json\/wp\/v2\/users\/2"}],"replies":[{"embeddable":true,"href":"https:\/\/www.europesays.com\/fr\/wp-json\/wp\/v2\/comments?post=363875"}],"version-history":[{"count":0,"href":"https:\/\/www.europesays.com\/fr\/wp-json\/wp\/v2\/posts\/363875\/revisions"}],"wp:featuredmedia":[{"embeddable":true,"href":"https:\/\/www.europesays.com\/fr\/wp-json\/wp\/v2\/media\/363876"}],"wp:attachment":[{"href":"https:\/\/www.europesays.com\/fr\/wp-json\/wp\/v2\/media?parent=363875"}],"wp:term":[{"taxonomy":"category","embeddable":true,"href":"https:\/\/www.europesays.com\/fr\/wp-json\/wp\/v2\/categories?post=363875"},{"taxonomy":"post_tag","embeddable":true,"href":"https:\/\/www.europesays.com\/fr\/wp-json\/wp\/v2\/tags?post=363875"}],"curies":[{"name":"wp","href":"https:\/\/api.w.org\/{rel}","templated":true}]}}