{"id":363877,"date":"2025-09-03T18:35:10","date_gmt":"2025-09-03T18:35:10","guid":{"rendered":"https:\/\/www.europesays.com\/fr\/363877\/"},"modified":"2025-09-03T18:35:10","modified_gmt":"2025-09-03T18:35:10","slug":"une-page-se-tourne-a-bihorel-la-piscine-le-transat-disparait-et-apres","status":"publish","type":"post","link":"https:\/\/www.europesays.com\/fr\/363877\/","title":{"rendered":"Une page se tourne \u00e0 Bihorel, la piscine Le Transat dispara\u00eet : et apr\u00e8s\u00a0?"},"content":{"rendered":"<p>            Par<br \/>\n        <strong><br \/>\n            <a href=\"https:\/\/actu.fr\/auteur\/laredaction\" title=\"Consulter tous les articles de R\u00e9daction Normandie\" target=\"_blank\" rel=\"noopener\">R\u00e9daction Normandie<\/a><br \/>\n        <\/strong><\/p>\n<p>        Publi\u00e9 le<\/p>\n<p>            3 sept. 2025 \u00e0 20h29        <\/p>\n<p>\u00ab Ma piscine\u2026<strong> 29 ans au bord de ses bassins !<\/strong> De nageur \u00e0 comp\u00e9titeur, puis entra\u00eeneur pour finir ma\u00eetre-nageur et sauveteur, j\u2019\u00e9tais pr\u00e9sent de septembre 1987 jusqu\u2019\u00e0 la fermeture, le 31 ao\u00fbt 2016. Mes meilleures et aussi mes pires ann\u00e9es dans cette piscine. Des rires, des larmes, des col\u00e8res, des bagarres, des soir\u00e9es, des amiti\u00e9s, des coll\u00e8gues. Je pourrais raconter des centaines d\u2019anecdotes, voire un roman. D\u2019ailleurs, la derni\u00e8re page se tourne et l\u2019histoire de cette piscine s\u2019ach\u00e8ve.<strong> Elle va me manquer.<\/strong> Merci pour ces moments \u00bb, a post\u00e9 Alex sur les r\u00e9seaux sociaux, comme beaucoup, marqu\u00e9 par <a href=\"https:\/\/actu.fr\/normandie\/bois-guillaume_76108\/bihorel-le-transat-une-etape-supplementaire-vers-la-demolition-de-la-piscine_62517262.html\" target=\"_blank\" rel=\"noopener\">la disparition de la piscine Le Transat de Bihorel<\/a>, pr\u00e8s de Rouen..<\/p>\n<p>Une d\u00e9molition en catimini ?<\/p>\n<p class=\" wall-content\">Dans un autre style, <a href=\"https:\/\/actu.fr\/normandie\/bihorel_76095\/demolir-la-piscine-transat-de-bihorel-l-opposition-met-la-pression_61370057.html\" target=\"_blank\" rel=\"noopener\">le groupe politique Bihorel A\u00e9r\u00e9<\/a>, dont le candidat Baptiste Boulland se pr\u00e9sente aux prochaines \u00e9lections municipales 2026, <strong>a exprim\u00e9 son indignation dans un communiqu\u00e9<\/strong>. \u00ab La d\u00e9molition de la piscine Transat \u00e0 Bihorel a l\u00e2chement d\u00e9but\u00e9 en plein mois d\u2019ao\u00fbt. La pr\u00e9sidente du syndicat SI2B, gestionnaire de la piscine Transat de Bihorel, Nathalie Lecordier, vient de lancer les travaux de d\u00e9molition de l\u2019\u00e9tablissement, avec l\u2019accord des maires Pascal Houbron et Th\u00e9o P\u00e9rez. Cette d\u00e9cision a \u00e9t\u00e9 prise sans attendre <a href=\"https:\/\/actu.fr\/normandie\/bihorel_76095\/piscine-le-transat-a-bihorel-un-collectif-lance-une-petition-de-la-derniere-chance_62819334.html\" target=\"_blank\" rel=\"noopener\">la remise de la p\u00e9tition de 1 430 signatures de citoyens<\/a> : d\u00e9ni de d\u00e9mocratie ! Sans attendre la proc\u00e9dure devant le tribunal administratif : d\u00e9ni de justice ! Sans attendre les effets de la grande mobilisation nationale pour le soutien aux piscines et les financements publics \u00e0 venir : d\u00e9ni de bonne gestion ! \u00bb, liste le candidat.<\/p>\n<p class=\" wall-content\">Et de poursuivre son constat : \u00ab Sans prendre en compte les chiffres de l\u2019agence Sant\u00e9 Publique France qui rel\u00e8vent une augmentation de 95 % des noyades : d\u00e9ni de responsabilit\u00e9 ! En choisissant le mois d\u2019ao\u00fbt pour engager la d\u00e9molition : d\u00e9ni de transparence et de courage ! Chacun pourra qualifier ces m\u00e9thodes. Elles p\u00e8seront pour longtemps sur ceux qui les ont prises \u00bb.<\/p>\n<p>\u00ab\u00a0Cela ne s\u2019est pas fait \u00e0 l\u2019arrache\u00a0\u00bb<\/p>\n<p class=\" wall-content\">Le Directeur g\u00e9n\u00e9ral des services de Bihorel, Jean-Baptiste Leclerc, a accept\u00e9 de donner quelques explications. \u00ab Cette d\u00e9molition va se faire par phase. Il y a un travail de purge de tous les r\u00e9seaux, de d\u00e9montage des huisseries et en sous-sol des machines et cuves qui servaient au traitement de l\u2019eau. Apr\u00e8s, il y aura le gros \u0153uvre avec de gros engins de chantier. Il y aura aussi l\u2019extraction du sable dans les bassins. <strong>C\u2019est un tonnage fou.<\/strong> Il sera revendu par la soci\u00e9t\u00e9 de d\u00e9molition \u00bb, d\u00e9taille-t-il.<\/p>\n<p class=\" wall-content\">L\u2019entreprise Marelle a d\u2019ailleurs annonc\u00e9 \u00e0 la Ville une d\u00e9molition totale et le comblement des trous <strong>pour d\u00e9cembre\u00a02025<\/strong>. \u00ab Nous avons demand\u00e9 que cela soit combl\u00e9 de fa\u00e7on solide avec de la terre v\u00e9g\u00e9tale et pas des gravats, puis engazonn\u00e9. Malgr\u00e9 ce que certains disent,<strong> cela ne s\u2019est pas fait \u00e0 l\u2019arrache<\/strong>. Il y a un vrai protocole dans lequel, nous avons demand\u00e9 un maximum de r\u00e9emploi \u00bb, affirme Jean-Baptiste Leclerc.<\/p>\n<p>Quel avenir pour le site de la piscine Le Transat ?<\/p>\n<p class=\" wall-content\">Il poursuit son propos en indiquant que pour l\u2019instant,<strong> rien n\u2019est pr\u00e9vu sur les 5 000 m\u00b2<\/strong> du terrain ainsi lib\u00e9r\u00e9. \u00ab Absolument rien, car la Ville n\u2019est pas propri\u00e9taire du site. Elle le sera une fois que toutes les op\u00e9rations de dissolution du SI2B seront valid\u00e9es par les conseils municipaux de Bihorel et Bois-Guillaume et surtout une fois que nous aurons vers\u00e9 la quote-part \u00e0 Bois-Guillaume. Il faut savoir qu\u2019il faudra d\u00e9duire 140 000\u00a0euros de d\u00e9molition, plus les frais d\u2019\u00e9tudes, du diagnostic amiante et les frais d\u2019avocats. Cela se fera normalement avant les prochaines \u00e9lections. Pour le moment,<strong> les deux communes sont solidaires<\/strong> \u00bb, explique le directeur g\u00e9n\u00e9ral des services.<\/p>\n<p>Votre r\u00e9gion, votre actu !<\/p>\n<p>Recevez chaque jour les infos qui comptent pour vous.<\/p>\n<p>\t<a href=\"https:\/\/actu.fr\/newsletter\" class=\"ac-btn ac-btn--corner ac-btn--medium ac-btn--blue800\" target=\"_blank\" rel=\"noopener\">S&rsquo;incrire<\/a><\/p>\n<p class=\" wall-content\">Jean-Baptiste Leclerc tient aussi \u00e0 rappeler que ces travaux auraient d\u00fb d\u00e9marrer il y a plus d\u2019un an et <strong>devenaient urgents pour des questions de s\u00e9curit\u00e9<\/strong>. \u00ab Le complexe \u00e9tait devenu glauque, car nous ne pouvions plus assurer sa fermeture. Dedans, nous avons retrouv\u00e9 des cadavres de moutons sacrifi\u00e9s, des gars qui squattaient et vivaient dans un Algeco. Nous avons aussi crois\u00e9 des photographes urbex qui ne se rendaient m\u00eame pas compte des dangers avec des c\u00e2bles partout, des vitres bris\u00e9es et autres objets tranchants. Nous \u00e9tions inquiets \u00bb, plaide le responsable des services de la Ville de Bihorel.<\/p>\n<p>\u00ab Nous n\u2019avons pris personne en tra\u00eetre \u00bb<\/p>\n<p class=\" wall-content\">Enfin, l\u2019agent territorial revient sur la litanie de d\u00e9nis de l\u2019opposition : \u00ab Tout a \u00e9t\u00e9 fait en public et pas en catimini. Ils ont \u00e9t\u00e9 d\u00e9bout\u00e9s par le tribunal. Apr\u00e8s, c\u2019est un choix politique clair de la part des \u00e9lus des deux villes. Ils \u00e9taient d\u2019accord pour que cette affaire soit class\u00e9e avant les \u00e9lections. Nous n\u2019avons pris personne en tra\u00eetre \u00bb.<\/p>\n<p>Suivez l\u2019actualit\u00e9 de Rouen <a href=\"https:\/\/www.whatsapp.com\/channel\/0029VaKfnf99hXF2ddApFB1D\" target=\"_blank\" rel=\"noopener\">sur notre cha\u00eene WhatsApp<\/a> et <a href=\"https:\/\/www.tiktok.com\/@76actu.fr?lang=fr\" target=\"_blank\" rel=\"noopener\">sur notre compte TikTok<\/a><\/p>\n<p class=\" wall-content\">Personnalisez votre actualit\u00e9 en ajoutant vos villes et m\u00e9dias en favori avec <a href=\"https:\/\/moncompte.actu.fr\" title=\"D\u00e9couvez Mon Actu\" rel=\"nofollow noopener\" data-trk=\"{&quot;cta&quot;:{&quot;action&quot;:&quot;https:\\\/\\\/moncompte.actu.fr&quot;,&quot;category&quot;:&quot;mon compte&quot;,&quot;from&quot;:&quot;article footer&quot;,&quot;name&quot;:&quot;Mon actu&quot;,&quot;type&quot;:&quot;cta&quot;}}\" target=\"_blank\">Mon Actu<\/a>.<\/p>\n<p>                    <script async src=\"\/\/www.tiktok.com\/embed.js\"><\/script><\/p>\n","protected":false},"excerpt":{"rendered":"Par R\u00e9daction Normandie Publi\u00e9 le 3 sept. 2025 \u00e0 20h29 \u00ab Ma piscine\u2026 29 ans au bord de&hellip;\n","protected":false},"author":2,"featured_media":363878,"comment_status":"","ping_status":"","sticky":false,"template":"","format":"standard","meta":{"footnotes":""},"categories":[9587],"tags":[1111,11,1777,674,1011,27,12,5161,31081,25,9590,104,2086],"class_list":{"0":"post-363877","1":"post","2":"type-post","3":"status-publish","4":"format-standard","5":"has-post-thumbnail","7":"category-rouen","8":"tag-actu","9":"tag-actualites","10":"tag-eu","11":"tag-europe","12":"tag-fr","13":"tag-france","14":"tag-news","15":"tag-normandie","16":"tag-plateau-est-rouen","17":"tag-republique-francaise","18":"tag-rouen","19":"tag-societe","20":"tag-travaux"},"share_on_mastodon":{"url":"","error":""},"_links":{"self":[{"href":"https:\/\/www.europesays.com\/fr\/wp-json\/wp\/v2\/posts\/363877","targetHints":{"allow":["GET"]}}],"collection":[{"href":"https:\/\/www.europesays.com\/fr\/wp-json\/wp\/v2\/posts"}],"about":[{"href":"https:\/\/www.europesays.com\/fr\/wp-json\/wp\/v2\/types\/post"}],"author":[{"embeddable":true,"href":"https:\/\/www.europesays.com\/fr\/wp-json\/wp\/v2\/users\/2"}],"replies":[{"embeddable":true,"href":"https:\/\/www.europesays.com\/fr\/wp-json\/wp\/v2\/comments?post=363877"}],"version-history":[{"count":0,"href":"https:\/\/www.europesays.com\/fr\/wp-json\/wp\/v2\/posts\/363877\/revisions"}],"wp:featuredmedia":[{"embeddable":true,"href":"https:\/\/www.europesays.com\/fr\/wp-json\/wp\/v2\/media\/363878"}],"wp:attachment":[{"href":"https:\/\/www.europesays.com\/fr\/wp-json\/wp\/v2\/media?parent=363877"}],"wp:term":[{"taxonomy":"category","embeddable":true,"href":"https:\/\/www.europesays.com\/fr\/wp-json\/wp\/v2\/categories?post=363877"},{"taxonomy":"post_tag","embeddable":true,"href":"https:\/\/www.europesays.com\/fr\/wp-json\/wp\/v2\/tags?post=363877"}],"curies":[{"name":"wp","href":"https:\/\/api.w.org\/{rel}","templated":true}]}}