{"id":363879,"date":"2025-09-03T18:36:16","date_gmt":"2025-09-03T18:36:16","guid":{"rendered":"https:\/\/www.europesays.com\/fr\/363879\/"},"modified":"2025-09-03T18:36:16","modified_gmt":"2025-09-03T18:36:16","slug":"rouen-va-vibrer-le-carnaval-da-rouen-revient-le-29-mars-2026","status":"publish","type":"post","link":"https:\/\/www.europesays.com\/fr\/363879\/","title":{"rendered":"Rouen va vibrer : le Carnaval da Rouen revient le 29 mars 2026 !"},"content":{"rendered":"<p><strong>Un<\/strong> <strong>carnaval subversif et joyeux<\/strong> <strong>dans les rues de Rouen<\/strong><\/p>\n<p>Avis \u00e0 toutes celles et ceux qui adorent se d\u00e9guiser, danser, rire et secouer un peu les codes : le <strong>Carnaval da Rouen<\/strong> fait son grand retour le <strong>dimanche 29 mars 2026<\/strong> ! Et pas n\u2019importe quel carnaval\u2026 Ici, on ne parle pas d\u2019un simple d\u00e9fil\u00e9 de confettis et de clowns gonflables, mais d\u2019un <strong>carnaval subversif, f\u00e9ministe, joyeux et artistique<\/strong> o\u00f9 petits et grands sont invit\u00e9s \u00e0 se l\u00e2cher.<\/p>\n<p style=\"margin: 0; color: #000000; font-size: 16px; font-weight: bold;\">\u00c0 voir aussi sur Rouen Bouge<\/p>\n<\/p>\n<p>                    \u2716\n                <\/p>\n<p>Parce que oui, Rouen a une histoire bien d\u00e9jant\u00e9e avec le carnaval : du <strong>XIVe au XVIIe si\u00e8cle<\/strong>, la ville vibrait chaque ann\u00e9e gr\u00e2ce \u00e0 la <strong>Confr\u00e9rie des Conards<\/strong> (rien que le nom donne le ton \ud83d\ude0f). Aujourd\u2019hui, les assos locales et collectifs d\u2019habitants reprennent le flambeau et nous invitent \u00e0 r\u00e9inventer cette tradition \u00e0 la sauce 2026.<\/p>\n<p><strong>Carnavale toi !<\/strong><\/p>\n<p>La grande question : <strong>comment faire la f\u00eate sans reproduire les vieux clich\u00e9s patriarcaux<\/strong> ? Ici, place \u00e0 l\u2019humour, \u00e0 la libert\u00e9 et au respect. Pas de sexisme, pas d\u2019appropriation culturelle, pas de r\u00f4les genr\u00e9s impos\u00e9s. Juste l\u2019envie de cr\u00e9er des <strong>masques d\u00e9jant\u00e9s et politiques<\/strong>, de d\u00e9filer ensemble et de s\u2019offrir une <strong>farandole r\u00e9g\u00e9n\u00e9ratrice<\/strong> (oui oui, on adore ce mot).<\/p>\n<p>Les <strong>Reines P\u00e9dauques<\/strong> m\u00e8nent la danse, avec un ton rabelaisien, d\u00e9cal\u00e9 et surtout totalement lib\u00e9rateur. Bref, une ambiance o\u00f9 tu peux \u00eatre qui tu veux\u2026 ou qui tu n\u2019as jamais os\u00e9 \u00eatre.<\/p>\n<blockquote class=\"instagram-media\" data-instgrm-permalink=\"https:\/\/www.instagram.com\/reel\/DOJbIimCDQK\/?utm_source=ig_embed&amp;utm_campaign=loading\" data-instgrm-version=\"14\" style=\" background:#FFF; border:0; border-radius:3px; box-shadow:0 0 1px 0 rgba(0,0,0,0.5),0 1px 10px 0 rgba(0,0,0,0.15); margin: 1px; max-width:540px; min-width:326px; padding:0; width:99.375%; width:-webkit-calc(100% - 2px); width:calc(100% - 2px);\"\/>\n<p><strong>Un clin d\u2019\u0153il \u00e0 l\u2019histoire<\/strong><\/p>\n<p>Si on remonte un peu plus loin, on se rend compte que le carnaval n\u2019a jamais \u00e9t\u00e9 une f\u00eate \u201csage\u201d. Exemple : en 1580, la ville de <strong>Romans<\/strong> (dans la Dr\u00f4me) a connu un carnaval de quinze jours o\u00f9 les habitants se sont d\u00e9guis\u00e9s, d\u00e9fi\u00e9s et affront\u00e9s\u2026 jusqu\u2019\u00e0 finir dans une v\u00e9ritable bataille de rue. Ambiance Game of Thrones version Renaissance.<\/p>\n<p>Cette tradition carnavalesque a toujours eu un c\u00f4t\u00e9 explosif : un m\u00e9lange de <strong>culture populaire, de provocation et de f\u00eate<\/strong>, parfois contre le pouvoir, parfois contre les notables. Aujourd\u2019hui, on garde le c\u00f4t\u00e9 festif et impertinent, mais on laisse les couteaux au placard, promis.<\/p>\n<p><strong>Tradition + modernit\u00e9 : la recette rouennaise<\/strong><\/p>\n<p>Pour cette \u00e9dition 2026, l\u2019organisation veut <strong>accentuer le c\u00f4t\u00e9 traditionnel<\/strong>, tout en gardant l\u2019esprit contemporain : de la musique, des costumes, des masques, des collectifs d\u2019artistes\u2026 et surtout une bonne dose de libert\u00e9. Parce qu\u2019au fond, le carnaval, c\u2019est \u00e7a : un moment o\u00f9 la ville enti\u00e8re se d\u00e9guise, s\u2019inverse, se r\u00e9invente.<\/p>\n<p>            <script async src=\"\/\/www.instagram.com\/embed.js\"><\/script><\/p>\n","protected":false},"excerpt":{"rendered":"Un carnaval subversif et joyeux dans les rues de Rouen Avis \u00e0 toutes celles et ceux qui adorent&hellip;\n","protected":false},"author":2,"featured_media":363880,"comment_status":"","ping_status":"","sticky":false,"template":"","format":"standard","meta":{"footnotes":""},"categories":[9587],"tags":[1111,11,1777,674,1011,27,12,5161,25,9590],"class_list":{"0":"post-363879","1":"post","2":"type-post","3":"status-publish","4":"format-standard","5":"has-post-thumbnail","7":"category-rouen","8":"tag-actu","9":"tag-actualites","10":"tag-eu","11":"tag-europe","12":"tag-fr","13":"tag-france","14":"tag-news","15":"tag-normandie","16":"tag-republique-francaise","17":"tag-rouen"},"share_on_mastodon":{"url":"https:\/\/pubeurope.com\/@fr\/115141816040270320","error":""},"_links":{"self":[{"href":"https:\/\/www.europesays.com\/fr\/wp-json\/wp\/v2\/posts\/363879","targetHints":{"allow":["GET"]}}],"collection":[{"href":"https:\/\/www.europesays.com\/fr\/wp-json\/wp\/v2\/posts"}],"about":[{"href":"https:\/\/www.europesays.com\/fr\/wp-json\/wp\/v2\/types\/post"}],"author":[{"embeddable":true,"href":"https:\/\/www.europesays.com\/fr\/wp-json\/wp\/v2\/users\/2"}],"replies":[{"embeddable":true,"href":"https:\/\/www.europesays.com\/fr\/wp-json\/wp\/v2\/comments?post=363879"}],"version-history":[{"count":0,"href":"https:\/\/www.europesays.com\/fr\/wp-json\/wp\/v2\/posts\/363879\/revisions"}],"wp:featuredmedia":[{"embeddable":true,"href":"https:\/\/www.europesays.com\/fr\/wp-json\/wp\/v2\/media\/363880"}],"wp:attachment":[{"href":"https:\/\/www.europesays.com\/fr\/wp-json\/wp\/v2\/media?parent=363879"}],"wp:term":[{"taxonomy":"category","embeddable":true,"href":"https:\/\/www.europesays.com\/fr\/wp-json\/wp\/v2\/categories?post=363879"},{"taxonomy":"post_tag","embeddable":true,"href":"https:\/\/www.europesays.com\/fr\/wp-json\/wp\/v2\/tags?post=363879"}],"curies":[{"name":"wp","href":"https:\/\/api.w.org\/{rel}","templated":true}]}}