{"id":363881,"date":"2025-09-03T18:37:10","date_gmt":"2025-09-03T18:37:10","guid":{"rendered":"https:\/\/www.europesays.com\/fr\/363881\/"},"modified":"2025-09-03T18:37:10","modified_gmt":"2025-09-03T18:37:10","slug":"saint-guillaume-naissance-nathael","status":"publish","type":"post","link":"https:\/\/www.europesays.com\/fr\/363881\/","title":{"rendered":"Saint-Guillaume | Naissance. Natha\u00ebl"},"content":{"rendered":"<p>Natha\u00ebl est n\u00e9 le vendredi 29\u00a0ao\u00fbt\u00a02025 au Groupe hospitalier mutualiste de Grenoble \u00e0 21h16. Il pesait 3,340\u00a0kg et mesurait 50 centim\u00e8tres \u00e0 la naissance. Ses parents, Gwendoline et Christophe Deschepper, accueillent ainsi leur troisi\u00e8me enfant. Oc\u00e9ane, 11 ans, et \u00c9l\u00e9onore, 4 ans, sont impatientes d\u2019accueillir leur petit fr\u00e8re \u00e0 Saint-Guillaume o\u00f9 la famille r\u00e9side.<\/p>\n","protected":false},"excerpt":{"rendered":"Natha\u00ebl est n\u00e9 le vendredi 29\u00a0ao\u00fbt\u00a02025 au Groupe hospitalier mutualiste de Grenoble \u00e0 21h16. Il pesait 3,340\u00a0kg et&hellip;\n","protected":false},"author":2,"featured_media":363882,"comment_status":"","ping_status":"","sticky":false,"template":"","format":"standard","meta":{"footnotes":""},"categories":[9566],"tags":[1111,11,2430,9223,112,1777,674,1011,27,2731,2732,198,12,25,71],"class_list":{"0":"post-363881","1":"post","2":"type-post","3":"status-publish","4":"format-standard","5":"has-post-thumbnail","7":"category-grenoble","8":"tag-actu","9":"tag-actualites","10":"tag-auvergne-rhone-alpes","11":"tag-carnet-du-jour","12":"tag-edition-grenoble-agglomeration","13":"tag-eu","14":"tag-europe","15":"tag-fr","16":"tag-france","17":"tag-grenoble","18":"tag-grenoble-bassin","19":"tag-naissance","20":"tag-news","21":"tag-republique-francaise","22":"tag-sante"},"share_on_mastodon":{"url":"https:\/\/pubeurope.com\/@fr\/115141820063436377","error":""},"_links":{"self":[{"href":"https:\/\/www.europesays.com\/fr\/wp-json\/wp\/v2\/posts\/363881","targetHints":{"allow":["GET"]}}],"collection":[{"href":"https:\/\/www.europesays.com\/fr\/wp-json\/wp\/v2\/posts"}],"about":[{"href":"https:\/\/www.europesays.com\/fr\/wp-json\/wp\/v2\/types\/post"}],"author":[{"embeddable":true,"href":"https:\/\/www.europesays.com\/fr\/wp-json\/wp\/v2\/users\/2"}],"replies":[{"embeddable":true,"href":"https:\/\/www.europesays.com\/fr\/wp-json\/wp\/v2\/comments?post=363881"}],"version-history":[{"count":0,"href":"https:\/\/www.europesays.com\/fr\/wp-json\/wp\/v2\/posts\/363881\/revisions"}],"wp:featuredmedia":[{"embeddable":true,"href":"https:\/\/www.europesays.com\/fr\/wp-json\/wp\/v2\/media\/363882"}],"wp:attachment":[{"href":"https:\/\/www.europesays.com\/fr\/wp-json\/wp\/v2\/media?parent=363881"}],"wp:term":[{"taxonomy":"category","embeddable":true,"href":"https:\/\/www.europesays.com\/fr\/wp-json\/wp\/v2\/categories?post=363881"},{"taxonomy":"post_tag","embeddable":true,"href":"https:\/\/www.europesays.com\/fr\/wp-json\/wp\/v2\/tags?post=363881"}],"curies":[{"name":"wp","href":"https:\/\/api.w.org\/{rel}","templated":true}]}}