{"id":363883,"date":"2025-09-03T18:38:31","date_gmt":"2025-09-03T18:38:31","guid":{"rendered":"https:\/\/www.europesays.com\/fr\/363883\/"},"modified":"2025-09-03T18:38:31","modified_gmt":"2025-09-03T18:38:31","slug":"grenoble-le-plus-gros-foyer-regional-de-cette-maladie-tropicale-inquiete-ce-que-dit-lars","status":"publish","type":"post","link":"https:\/\/www.europesays.com\/fr\/363883\/","title":{"rendered":"Grenoble. Le \u00ab\u00a0plus gros foyer\u00a0\u00bb r\u00e9gional de cette maladie tropicale inqui\u00e8te, ce que dit l&rsquo;ARS"},"content":{"rendered":"<p>            Par<br \/>\n        <strong><br \/>\n            <a href=\"https:\/\/actu.fr\/auteur\/lisa-rodrigues\" title=\"Consulter tous les articles de Lisa Rodrigues\" rel=\"nofollow noopener\" target=\"_blank\">Lisa Rodrigues<\/a><br \/>\n        <\/strong><\/p>\n<p>        Publi\u00e9 le<\/p>\n<p>            3 sept. 2025 \u00e0 17h11        <\/p>\n<p>Dans la nuit du mardi 2 au mercredi 3 septembre, une troisi\u00e8me op\u00e9ration de d\u00e9moustication a \u00e9t\u00e9 r\u00e9alis\u00e9e sur demande de l\u2019Agence r\u00e9gionale de sant\u00e9 sur un p\u00e9rim\u00e8tre limit\u00e9 \u00e0 <strong>Eybens<\/strong>, dans la M\u00e9tropole de <a href=\"https:\/\/actu.fr\/auvergne-rhone-alpes\/grenoble_38185\" rel=\"nofollow noopener\" target=\"_blank\">Grenoble<\/a>.\u00a0<\/p>\n<p>    <a href=\"https:\/\/www.google.com\/maps\/embed?pb=!1m18!1m12!1m3!1d22509.619404373225!2d5.728083579379125!3d45.152624048483624!2m3!1f0!2f0!3f0!3m2!1i1024!2i768!4f13.1!3m3!1m2!1s0x478a8ad40a11ad13%3A0x487cc0ace6284eda!2s38320%20Eybens!5e0!3m2!1sfr!2sfr!4v1756907822599!5m2!1sfr!2sfr\" title=\"Ouvrie le lien\" rel=\"nofollow noopener\" target=\"_blank\">Cliquez ici pour visualiser le contenu<\/a><\/p>\n<p class=\" wall-content\">Objectif : \u00e9liminer les moustiques tigres adultes, potentiellement porteur du <strong>chikungunya<\/strong>, maladie tropicale dont un foyer s\u2019est d\u00e9clar\u00e9 en ao\u00fbt sur la commune.<\/p>\n<p>La prise en charge des patients<\/p>\n<p class=\" wall-content\">Avec d\u00e9j\u00e0 <strong>15 cas autochtones<\/strong> confirm\u00e9s (les patients ont d\u00e9clar\u00e9 la maladie sans s\u2019\u00eatre rendus dans une zone \u00e0 risque) et deux en cours d\u2019analyse, <a href=\"https:\/\/actu.fr\/auvergne-rhone-alpes\/eybens_38158\" rel=\"nofollow noopener\" target=\"_blank\">Eybens<\/a> est d\u00e9sormais le \u00ab\u00a0plus gros foyer de chikungunya autochtone en Auvergne-Rh\u00f4ne-Alpes depuis l\u2019arriv\u00e9e du moustique tigre\u00a0\u00bb, confirme l\u2019ARS \u00e0 actu Grenoble.<\/p>\n<p class=\" wall-content\">Il n\u2019est pas pour autant le plus important sur le territoire m\u00e9tropolitain, d\u2019autres ayant \u00e9t\u00e9 identifi\u00e9s en Provence-Alpes-C\u00f4te-d\u2019Azur, en Occitanie ou en Nouvelle Aquitaine.<\/p>\n<p class=\" wall-content\">Mais comment se passe le suivi des patients en Is\u00e8re ? \u00ab\u00a0Il n\u2019y a <strong>pas de traitement<\/strong> pour le chikungunya, qui est une maladie qui n\u2019impose pas d\u2019hospitalisation dans la grande majorit\u00e9 des cas\u00a0\u00bb, explique l\u2019ARS.<\/p>\n<blockquote class=\"ac-article-quote wall-content\">\n<p>La principale prise en charge consiste \u00e0 conseiller aux malades de se prot\u00e9ger des moustiques, notamment en restant en int\u00e9rieur fen\u00eatres ferm\u00e9es, en limitant les d\u00e9placements, en portant des v\u00eatements longs, amples et clairs si un d\u00e9placement est malgr\u00e9 tout n\u00e9cessaire, et en utilisant des sprays antimoustiques.<\/p>\n<p>    <strong>ARS Auvergne-Rh\u00f4ne-Alpes<\/strong>\n            <\/p><\/blockquote>\n<p>Votre r\u00e9gion, votre actu !<\/p>\n<p>Recevez chaque jour les infos qui comptent pour vous.<\/p>\n<p>\t<a href=\"https:\/\/actu.fr\/newsletter\" class=\"ac-btn ac-btn--corner ac-btn--medium ac-btn--blue800\" rel=\"nofollow noopener\" target=\"_blank\">S&rsquo;incrire<\/a><br \/>\nPas une forme \u00ab\u00a0pr\u00e9occupante\u00a0\u00bb<\/p>\n<p class=\" wall-content\">Les <a href=\"https:\/\/actu.fr\/societe\/chikungunya-quels-sont-les-symptomes-de-la-maladie-qui-a-fait-neuf-morts-a-la-reunion_62550134.html\" rel=\"nofollow noopener\" target=\"_blank\">sympt\u00f4mes principaux<\/a> du chikungunya sont la fi\u00e8vre et des douleurs articulaires, courbatures, douleurs lombaires, voire des maux de t\u00eate. \u00ab\u00a0Ces douleurs peuvent \u00eatre intenses, conc\u00e8de l\u2019ARS. Chez environ 1 malade sur 4, <strong>les douleurs persisteront<\/strong> apr\u00e8s gu\u00e9rison, parfois quelques mois, parfois plusieurs ann\u00e9es.\u00a0\u00bb\u00a0<\/p>\n<p class=\" wall-content\">Pour autant, l\u2019agence rassure, \u00ab\u00a0il n\u2019y a pas de raison de penser que nous avons une forme plus pr\u00e9occupante que la moyenne \u00e0 Eybens\u00a0\u00bb. La transmissibilit\u00e9 du virus ainsi que ses potentiels sympt\u00f4mes persistants justifient toutefois le d\u00e9ploiement de \u00ab\u00a0moyens de lutte importants\u00a0\u00bb, dont les fameuses op\u00e9rations de d\u00e9moustication.<\/p>\n<p>Des \u00ab\u00a0liens soup\u00e7onn\u00e9s\u00a0\u00bb avec un autre foyer<\/p>\n<p class=\" wall-content\">C\u2019est le <strong>deuxi\u00e8me foyer<\/strong> de cas autochtones de chikungunya que l\u2019ARS doit g\u00e9rer en Is\u00e8re cet \u00e9t\u00e9. Le premier s\u2019est d\u00e9clar\u00e9 \u00e0 <a href=\"https:\/\/actu.fr\/auvergne-rhone-alpes\/claix_38111\/grenoble-un-cas-de-chikungunya-detecte-dans-cette-commune-l-ars-prend-des-mesures-d-urgence_62881745.html\" rel=\"nofollow noopener\" target=\"_blank\">Claix<\/a>, o\u00f9 \u00ab\u00a0nous n\u2019avons plus de nouveaux cas signal\u00e9s depuis quatre semaines\u00a0\u00bb, pr\u00e9cise l\u2019agence de sant\u00e9, qui ne parle pas encore de foyer cl\u00f4tur\u00e9.<\/p>\n<p>    <a href=\"https:\/\/www.google.com\/maps\/embed?pb=!1m18!1m12!1m3!1d45046.056413940074!2d5.617775498374433!3d45.1186647437449!2m3!1f0!2f0!3f0!3m2!1i1024!2i768!4f13.1!3m3!1m2!1s0x478a8c541f9fa007%3A0x408ab2ae4be7c30!2s38640%20Claix!5e0!3m2!1sfr!2sfr!4v1756907947574!5m2!1sfr!2sfr\" title=\"Ouvrie le lien\" rel=\"nofollow noopener\" target=\"_blank\">Cliquez ici pour visualiser le contenu<\/a><\/p>\n<p class=\" wall-content\">\u00ab\u00a0Des liens sont effectivement soup\u00e7onn\u00e9s\u00a0\u00bb avec les cas qui se sont d\u00e9clar\u00e9s \u00e0 Eybens, \u00ab\u00a0mais l\u2019enqu\u00eate est en cours. Pour le moment, nous n\u2019avons pas encore assez d\u2019\u00e9l\u00e9ments pour confirmer ou infirmer cette hypoth\u00e8se.\u00a0\u00bb<\/p>\n<p class=\" wall-content\">M\u00eame si cela venait \u00e0 \u00eatre av\u00e9r\u00e9, cela \u00ab\u00a0ne changerait rien \u00e0 la conduite \u00e0 tenir\u00a0\u00bb et \u00ab\u00a0nous ne trouverons probablement jamais le malade qui a fait le lien\u00a0\u00bb.<\/p>\n<p>Une r\u00e9union publique est pr\u00e9vue lundi 8 septembre \u00e0 18h30 \u00e0 la salle des f\u00eates Jos\u00e9phine-Baker d\u2019Eybens, en pr\u00e9sence de l\u2019ARS et de Sant\u00e9 Publique France, pour \u00e9voquer plus en d\u00e9tail avec les habitants la situation du foyer de chikungunya.<\/p>\n<p class=\" wall-content\">Personnalisez votre actualit\u00e9 en ajoutant vos villes et m\u00e9dias en favori avec <a href=\"https:\/\/moncompte.actu.fr\" title=\"D\u00e9couvez Mon Actu\" rel=\"nofollow noopener\" data-trk=\"{&quot;cta&quot;:{&quot;action&quot;:&quot;https:\\\/\\\/moncompte.actu.fr&quot;,&quot;category&quot;:&quot;mon compte&quot;,&quot;from&quot;:&quot;article footer&quot;,&quot;name&quot;:&quot;Mon actu&quot;,&quot;type&quot;:&quot;cta&quot;}}\" target=\"_blank\">Mon Actu<\/a>.<\/p>\n","protected":false},"excerpt":{"rendered":"Par Lisa Rodrigues Publi\u00e9 le 3 sept. 2025 \u00e0 17h11 Dans la nuit du mardi 2 au mercredi&hellip;\n","protected":false},"author":2,"featured_media":363884,"comment_status":"","ping_status":"","sticky":false,"template":"","format":"standard","meta":{"footnotes":""},"categories":[9566],"tags":[1111,11,2430,1777,674,1011,27,2731,2856,12,25,71,104],"class_list":{"0":"post-363883","1":"post","2":"type-post","3":"status-publish","4":"format-standard","5":"has-post-thumbnail","7":"category-grenoble","8":"tag-actu","9":"tag-actualites","10":"tag-auvergne-rhone-alpes","11":"tag-eu","12":"tag-europe","13":"tag-fr","14":"tag-france","15":"tag-grenoble","16":"tag-moustique-tigre","17":"tag-news","18":"tag-republique-francaise","19":"tag-sante","20":"tag-societe"},"share_on_mastodon":{"url":"https:\/\/pubeurope.com\/@fr\/115141824006410396","error":""},"_links":{"self":[{"href":"https:\/\/www.europesays.com\/fr\/wp-json\/wp\/v2\/posts\/363883","targetHints":{"allow":["GET"]}}],"collection":[{"href":"https:\/\/www.europesays.com\/fr\/wp-json\/wp\/v2\/posts"}],"about":[{"href":"https:\/\/www.europesays.com\/fr\/wp-json\/wp\/v2\/types\/post"}],"author":[{"embeddable":true,"href":"https:\/\/www.europesays.com\/fr\/wp-json\/wp\/v2\/users\/2"}],"replies":[{"embeddable":true,"href":"https:\/\/www.europesays.com\/fr\/wp-json\/wp\/v2\/comments?post=363883"}],"version-history":[{"count":0,"href":"https:\/\/www.europesays.com\/fr\/wp-json\/wp\/v2\/posts\/363883\/revisions"}],"wp:featuredmedia":[{"embeddable":true,"href":"https:\/\/www.europesays.com\/fr\/wp-json\/wp\/v2\/media\/363884"}],"wp:attachment":[{"href":"https:\/\/www.europesays.com\/fr\/wp-json\/wp\/v2\/media?parent=363883"}],"wp:term":[{"taxonomy":"category","embeddable":true,"href":"https:\/\/www.europesays.com\/fr\/wp-json\/wp\/v2\/categories?post=363883"},{"taxonomy":"post_tag","embeddable":true,"href":"https:\/\/www.europesays.com\/fr\/wp-json\/wp\/v2\/tags?post=363883"}],"curies":[{"name":"wp","href":"https:\/\/api.w.org\/{rel}","templated":true}]}}