{"id":363887,"date":"2025-09-03T18:40:23","date_gmt":"2025-09-03T18:40:23","guid":{"rendered":"https:\/\/www.europesays.com\/fr\/363887\/"},"modified":"2025-09-03T18:40:23","modified_gmt":"2025-09-03T18:40:23","slug":"ligue-1-les-programmations-de-rennes-ol-nantes-rennes-et-rennes-lens","status":"publish","type":"post","link":"https:\/\/www.europesays.com\/fr\/363887\/","title":{"rendered":"Ligue 1 : Les programmations de Rennes &#8211; OL, Nantes-Rennes et Rennes-Lens"},"content":{"rendered":"<p>                            Ligue 1\u00a0: Les programmations de Rennes &#8211; OL, Nantes-Rennes et Rennes-Lens<\/p>\n<p><img decoding=\"async\" src=\"https:\/\/www.europesays.com\/fr\/wp-content\/uploads\/2025\/09\/whatsapp_image_2025-07-17_at_19.13_27-2.jpg\" class=\"adapt-img spip_logo\" width=\"960\" height=\"720\" alt=\"Ligue 1 : Les programmations de Rennes - OL, Nantes-Rennes et Rennes-Lens\"   fetchpriority=\"high\" \/><\/p>\n<p><strong>Les dates des trois prochains matchs du Stade rennais sont d\u00e9sormais connues.<\/strong><\/p>\n<p>Tr\u00eave internationale pour le Stade rennais, et il est temps de souffler pour le club breton au mercato bien anim\u00e9. La reprise est fix\u00e9e au dimanche 14 septembre, 20h45, avec la r\u00e9ception de l\u2019Olympique Lyonnais pour le SRFC, au Roazhon Park.<\/p>\n<p>Il s\u2019agira ensuite d\u2019aller \u00e0 Nantes pour jouer le derby, programm\u00e9 au samedi 20 septembre, coup d\u2019envoi 17h00. Enfin, la programmation de Rennes &#8211; Lens a \u00e9galement \u00e9t\u00e9 d\u00e9voil\u00e9e, fix\u00e9e au dimanche 28 septembre, \u00e0 20h45.<\/p>\n<p>Le calendrier du SRFC\u00a0: <\/p>\n<ul class=\"spip\" role=\"list\">\n<li> Stade rennais &#8211; OL\u00a0: Dimanche 14 septembre, 20h45<\/li>\n<li> Nantes &#8211; Stade rennais\u00a0: Samedi 20 septembre, 17h00<\/li>\n<li> Stade rennais &#8211; Lens\u00a0: Dimanche 28 septembre, 20h45<\/li>\n<\/ul>\n","protected":false},"excerpt":{"rendered":"Ligue 1\u00a0: Les programmations de Rennes &#8211; OL, Nantes-Rennes et Rennes-Lens Les dates des trois prochains matchs du&hellip;\n","protected":false},"author":2,"featured_media":363888,"comment_status":"","ping_status":"","sticky":false,"template":"","format":"standard","meta":{"footnotes":""},"categories":[2821],"tags":[1111,11,829,1777,674,1011,27,12,584,25],"class_list":{"0":"post-363887","1":"post","2":"type-post","3":"status-publish","4":"format-standard","5":"has-post-thumbnail","7":"category-rennes","8":"tag-actu","9":"tag-actualites","10":"tag-bretagne","11":"tag-eu","12":"tag-europe","13":"tag-fr","14":"tag-france","15":"tag-news","16":"tag-rennes","17":"tag-republique-francaise"},"share_on_mastodon":{"url":"https:\/\/pubeurope.com\/@fr\/115141831936499025","error":""},"_links":{"self":[{"href":"https:\/\/www.europesays.com\/fr\/wp-json\/wp\/v2\/posts\/363887","targetHints":{"allow":["GET"]}}],"collection":[{"href":"https:\/\/www.europesays.com\/fr\/wp-json\/wp\/v2\/posts"}],"about":[{"href":"https:\/\/www.europesays.com\/fr\/wp-json\/wp\/v2\/types\/post"}],"author":[{"embeddable":true,"href":"https:\/\/www.europesays.com\/fr\/wp-json\/wp\/v2\/users\/2"}],"replies":[{"embeddable":true,"href":"https:\/\/www.europesays.com\/fr\/wp-json\/wp\/v2\/comments?post=363887"}],"version-history":[{"count":0,"href":"https:\/\/www.europesays.com\/fr\/wp-json\/wp\/v2\/posts\/363887\/revisions"}],"wp:featuredmedia":[{"embeddable":true,"href":"https:\/\/www.europesays.com\/fr\/wp-json\/wp\/v2\/media\/363888"}],"wp:attachment":[{"href":"https:\/\/www.europesays.com\/fr\/wp-json\/wp\/v2\/media?parent=363887"}],"wp:term":[{"taxonomy":"category","embeddable":true,"href":"https:\/\/www.europesays.com\/fr\/wp-json\/wp\/v2\/categories?post=363887"},{"taxonomy":"post_tag","embeddable":true,"href":"https:\/\/www.europesays.com\/fr\/wp-json\/wp\/v2\/tags?post=363887"}],"curies":[{"name":"wp","href":"https:\/\/api.w.org\/{rel}","templated":true}]}}