{"id":363889,"date":"2025-09-03T18:41:12","date_gmt":"2025-09-03T18:41:12","guid":{"rendered":"https:\/\/www.europesays.com\/fr\/363889\/"},"modified":"2025-09-03T18:41:12","modified_gmt":"2025-09-03T18:41:12","slug":"universite-six-etudiants-convoques-le-22-septembre-devant-la-commission-disciplinaire-de-lunistra","status":"publish","type":"post","link":"https:\/\/www.europesays.com\/fr\/363889\/","title":{"rendered":"Universit\u00e9. Six \u00e9tudiants convoqu\u00e9s le 22 septembre devant la commission disciplinaire de l\u2019Unistra"},"content":{"rendered":"<p>Fin juillet, en pleine p\u00e9riode de vacances, deux \u00e9tudiantes et quatre \u00e9tudiants de l\u2019Universit\u00e9 de Strasbourg ont r\u00e9ceptionn\u00e9 une convocation, sign\u00e9e de la pr\u00e9sidente de l\u2019\u00e9tablissement, les appelant \u00e0 compara\u00eetre devant la commission disciplinaire le 22 septembre prochain. Les 5 et 6 f\u00e9vrier derniers, lors des \u00e9lections \u00e9tudiantes, ces six jeunes, dont cinq sont adh\u00e9rents de syndicats \u00e9tudiants, soit la F\u00e9d\u00e9ration syndicale \u00e9tudiante (FSE) et Alternative \u00e9tudiante Strasbourg (AES), avaient pris part \u00e0 des manifestations contre <a href=\"https:\/\/www.dna.fr\/education\/2025\/09\/03\/education\/2025\/02\/10\/tensions-a-l-universite-autour-d-un-jeu-de-cartes-antisemite\" target=\"_blank\" rel=\"nofollow noopener\"> la section strasbourgeoise de l\u2019Union nationale interuniversitaire (UNI), organisation \u00e9tudiante d\u2019extr\u00eame-droite<\/a>.<\/p>\n<p>Suite \u00e0 une enqu\u00eate diligent\u00e9e par <a href=\"https:\/\/www.dna.fr\/societe\/2025\/06\/06\/retour-dans-les-ordres-pour-michel-deneken\" target=\"_blank\" rel=\"nofollow noopener\">l\u2019ancien pr\u00e9sident de l\u2019Unistra, Michel Deneken,<\/a> l\u2019\u00e9tablissement leur reproche des \u00ab faits graves ayant troubl\u00e9 le fonctionnement normal de l\u2019universit\u00e9 \u00bb, \u00ab des menaces explicites de nature \u00e0 cr\u00e9er un climat d\u2019ins\u00e9curit\u00e9 \u00bb et une \u00ab posture militante incompatible avec les valeurs \u00bb de l\u2019Unistra.<\/p>\n<p>  \u00ab R\u00e9pression sans pr\u00e9c\u00e9dent \u00bb<\/p>\n<p>Dans un communiqu\u00e9 publi\u00e9 lundi, la section strasbourgeoise de la FSE d\u00e9nonce cette proc\u00e9dure disciplinaire qu\u2019elle qualifie de \u00ab r\u00e9pression sans pr\u00e9c\u00e9dent \u00bb et d\u2019une \u00ab atteinte aux droits d\u00e9mocratiques et syndicaux \u00bb. Selon elle, des sanctions disciplinaires \u2013 qui peuvent aller jusqu\u2019\u00e0 l\u2019exclusion \u2013 \u00ab marqueraient un recul grave et d\u00e9l\u00e9t\u00e8re pour le mouvement social et syndical \u00bb.<\/p>\n<p>Son appel demandant \u00e0 l\u2019Unistra d\u2019abandonner des poursuites contre les six \u00e9tudiants vis\u00e9s a obtenu le soutien de nombreuses organisations syndicales, partis politiques et collectifs citoyens parmi lesquels la CGT du Bas-Rhin, FO Unistra, Urgence Palestine Strasbourg, MJCF 67, NPA, collectif Justice &amp; Libert\u00e9s, collectif jud\u00e9o-arabe et citoyens pour la Palestine, ATMF Strasbourg, MRAP, Jeunes \u00e9colos 67, Les \u00e9cologistes de Strasbourg-EMS, D\u2019ailleurs nous sommes d\u2019ici 67, etc.<\/p>\n<p>Ce mercredi, lors de la conf\u00e9rence de presse de rentr\u00e9e, <a href=\"https:\/\/www.dna.fr\/education\/2025\/09\/03\/education\/2025\/03\/18\/frederique-berrod-elue-presidente-de-l-unistra\" target=\"_blank\" rel=\"nofollow noopener\">Fr\u00e9d\u00e9rique Berrod, pr\u00e9sidente de l\u2019Unistra,<\/a> a confirm\u00e9 le maintien de la proc\u00e9dure : \u00ab Le campus ne doit pas \u00eatre un lieu d\u2019affrontements \u00bb, a-t-elle insist\u00e9 en rappelant \u00ab que tous les cas seraient instruits \u00e0 charge et \u00e0 d\u00e9charge \u00bb.<\/p>\n<p>        &#13;<br \/>\n          <a href=\"https:\/\/cdn-s-www.dna.fr\/images\/f3530664-5dc6-4be7-bff1-938edd78c18e\/NW_raw\/l-universite-de-haute-alsace-prevoit-d-accueillir-quelque-10-000-etudiants-cette-annee-photo-jean-francois-frey-1756923004.jpg\" title=\"L\u2019universit\u00e9 de Haute-Alsace pr\u00e9voit d\u2019accueillir quelque 10\u00a0000 \u00e9tudiants cette ann\u00e9e.\u00a0 Photo Jean-Fran\u00e7ois Frey\" class=\"chocolat-image GA-tracking\" data-ga_type=\"click\" data-ga_category=\"D\u00e9tail\" data-ga_action=\"zoomer\" data-ga_label=\"agrandir image\" rel=\"nofollow noopener\" target=\"_blank\">&#13;<br \/>\n            <img loading=\"lazy\" decoding=\"async\" src=\"https:\/\/www.europesays.com\/fr\/wp-content\/uploads\/2025\/09\/l-universite-de-haute-alsace-prevoit-d-accueillir-quelque-10-000-etudiants-cette-annee-photo-jean-fr.jpeg\" alt=\"L\u2019universit\u00e9 de Haute-Alsace pr\u00e9voit d\u2019accueillir quelque 10\u00a0000 \u00e9tudiants cette ann\u00e9e.\u00a0 Photo Jean-Fran\u00e7ois Frey\"\/>&#13;<br \/>\n          <\/a>&#13;<br \/>\n          &#13;<\/p>\n<p class=\"insetTitle\">\u00c0 L\u2019UHA, l\u2019ann\u00e9e des 50 ans<\/p>\n<p>L\u2019universit\u00e9 de Haute-Alsace (UHA) pr\u00e9voit d\u2019accueillir environ 10\u00a0000 \u00e9tudiants \u2013 un chiffre restant \u00e0 d\u00e9finir dans les semaines \u00e0 venir \u2013 cette ann\u00e9e 2025-2026 sur ses campus de Mulhouse et Colmar. Dans ces effectifs, on compte 17\u00a0% d\u2019internationaux et 11\u00a0% d\u2019apprentis. Sur les 170 formations propos\u00e9es, 43 sont d\u00e9livr\u00e9es en apprentissage.<\/p>\n<p>N\u00e9e en 1975, l\u2019UHA reste une jeune universit\u00e9. Elle c\u00e9l\u00e9brera ses 50 ans d\u2019existence le jeudi 9\u00a0octobre prochain par une s\u00e9rie de festivit\u00e9s \u00e0 destination des \u00e9tudiants et des personnels, suivie d\u2019une c\u00e9r\u00e9monie plus officielle durant la soir\u00e9e.<\/p>\n","protected":false},"excerpt":{"rendered":"Fin juillet, en pleine p\u00e9riode de vacances, deux \u00e9tudiantes et quatre \u00e9tudiants de l\u2019Universit\u00e9 de Strasbourg ont r\u00e9ceptionn\u00e9&hellip;\n","protected":false},"author":2,"featured_media":363890,"comment_status":"","ping_status":"","sticky":false,"template":"","format":"standard","meta":{"footnotes":""},"categories":[2820],"tags":[1111,11,2389,2649,2880,1057,4854,1777,674,107,1011,27,775,12,25,640,2879],"class_list":{"0":"post-363889","1":"post","2":"type-post","3":"status-publish","4":"format-standard","5":"has-post-thumbnail","7":"category-strasbourg","8":"tag-actu","9":"tag-actualites","10":"tag-alsace","11":"tag-bas-rhin","12":"tag-edition-strasbourg","13":"tag-education","14":"tag-enseignement-superieur","15":"tag-eu","16":"tag-europe","17":"tag-fil-info","18":"tag-fr","19":"tag-france","20":"tag-grand-est","21":"tag-news","22":"tag-republique-francaise","23":"tag-strasbourg","24":"tag-strasbourg-ville"},"share_on_mastodon":{"url":"https:\/\/pubeurope.com\/@fr\/115141835785054890","error":""},"_links":{"self":[{"href":"https:\/\/www.europesays.com\/fr\/wp-json\/wp\/v2\/posts\/363889","targetHints":{"allow":["GET"]}}],"collection":[{"href":"https:\/\/www.europesays.com\/fr\/wp-json\/wp\/v2\/posts"}],"about":[{"href":"https:\/\/www.europesays.com\/fr\/wp-json\/wp\/v2\/types\/post"}],"author":[{"embeddable":true,"href":"https:\/\/www.europesays.com\/fr\/wp-json\/wp\/v2\/users\/2"}],"replies":[{"embeddable":true,"href":"https:\/\/www.europesays.com\/fr\/wp-json\/wp\/v2\/comments?post=363889"}],"version-history":[{"count":0,"href":"https:\/\/www.europesays.com\/fr\/wp-json\/wp\/v2\/posts\/363889\/revisions"}],"wp:featuredmedia":[{"embeddable":true,"href":"https:\/\/www.europesays.com\/fr\/wp-json\/wp\/v2\/media\/363890"}],"wp:attachment":[{"href":"https:\/\/www.europesays.com\/fr\/wp-json\/wp\/v2\/media?parent=363889"}],"wp:term":[{"taxonomy":"category","embeddable":true,"href":"https:\/\/www.europesays.com\/fr\/wp-json\/wp\/v2\/categories?post=363889"},{"taxonomy":"post_tag","embeddable":true,"href":"https:\/\/www.europesays.com\/fr\/wp-json\/wp\/v2\/tags?post=363889"}],"curies":[{"name":"wp","href":"https:\/\/api.w.org\/{rel}","templated":true}]}}