{"id":363895,"date":"2025-09-03T18:44:11","date_gmt":"2025-09-03T18:44:11","guid":{"rendered":"https:\/\/www.europesays.com\/fr\/363895\/"},"modified":"2025-09-03T18:44:11","modified_gmt":"2025-09-03T18:44:11","slug":"le-policier-accuse-davoir-tue-un-homme-lors-dun-refus-dobtemperer-a-nice-en-2022-renvoye-devant-la-cour-criminelle-des-alpes-maritimes","status":"publish","type":"post","link":"https:\/\/www.europesays.com\/fr\/363895\/","title":{"rendered":"Le policier accus\u00e9 d&rsquo;avoir tu\u00e9 un homme lors d&rsquo;un refus d&rsquo;obtemp\u00e9rer \u00e0 Nice en 2022, renvoy\u00e9 devant la cour criminelle des Alpes-Maritimes"},"content":{"rendered":"\n<p class=\"c-chapo \">\n  Le suspect est renvoy\u00e9 pour \u00ab\u00a0violence ayant entra\u00een\u00e9 la mort sans intention de la donner\u00a0\u00bb, il a fait appel de cette d\u00e9cision.\n<\/p>\n<p>            lire plus tard<\/p>\n<p id=\"dialog__title\" class=\"dialog__title\">Pour sauvegarder cet article, connectez-vous ou cr\u00e9ez un compte franceinfo<\/p>\n<p class=\"dialog__description\">Sans paiement. Sans abonnement.<\/p>\n<p>        Fermer la fen\u00eatre d\u2019activation des notifications France Info<\/p>\n<p>            cr\u00e9er votre compte<\/p>\n<p>            se connecter<\/p>\n<p>        Fermer la fen\u00eatre de pr\u00e9sentation<\/p>\n<p>    Publi\u00e9 le 03\/09\/2025 20:20<\/p>\n<p>        Temps de lecture : 1min<\/p>\n<p>    <img decoding=\"async\"  alt=\"Un contr\u00f4le routier effectu\u00e9 par la police sur la pormenade des Anglais, \u00e0 Nice. (photo d'illustration) (JEAN FRANCOIS OTTONELLO \/ MAXPPP)\" width=\"432\" height=\"243\" src=\"https:\/\/www.europesays.com\/fr\/wp-content\/uploads\/2025\/09\/maxnewsspecialtwo284850-68b8869fddbaf495135882.jpg\" fetchpriority=\"high\"\/><\/p>\n<p>      Un contr\u00f4le routier effectu\u00e9 par la police sur la pormenade des Anglais, \u00e0 Nice. (photo d&rsquo;illustration) (JEAN FRANCOIS OTTONELLO \/ MAXPPP)<\/p>\n<p>Le policier accus\u00e9 d&rsquo;avoir tu\u00e9 un homme de 24 ans lors d&rsquo;<a href=\"https:\/\/www.franceinfo.fr\/faits-divers\/police\/violences-policieres\/refus-d-obtemperer-a-nice-ce-que-l-on-sait-apres-la-mise-en-examen-du-policier-auteur-du-tir-mortel_5353267.html\" rel=\"nofollow noopener\" target=\"_blank\">un refus d&rsquo;obtemp\u00e9rer en 2022 \u00e0 Nice<\/a> est renvoy\u00e9 devant la cour criminelle d\u00e9partementale des Alpes-Maritimes, rapportent, mercredi 3 septembre, le parquet de Nice et <a href=\"https:\/\/www.francebleu.fr\/infos\/faits-divers-justice\/le-policier-qui-avait-tue-un-conducteur-refusant-d-obtemperer-est-renvoye-devant-la-cour-criminelle-des-alpes-maritimes-7483200\" target=\"_blank\" rel=\"noopener nofollow\">ICI Azur (ex-France Bleu)<\/a>. Le suspect est renvoy\u00e9 pour \u00ab\u00a0violence ayant entra\u00een\u00e9 la mort sans intention de la donner\u00a0\u00bb, pr\u00e9cise le parquet qui ajoute que le mis en cause a fait appel de cette d\u00e9cision.<\/p>\n<p>Le 7 septembre 2022 \u00e0 Nice, le policier a tir\u00e9 sur un conducteur qui tentait de s&rsquo;enfuir \u00e0 bord d&rsquo;une voiture vol\u00e9e et qui venait de percuter \u00e0 deux reprises un v\u00e9hicule de la police. L&rsquo;homme, \u00e2g\u00e9 de 24 et connu des services de police, est d\u00e9c\u00e9d\u00e9. En 2024, le parquet avait requis un non-lieu \u00e0 l&rsquo;encontre du tireur.<\/p>\n<p>Le renvoi devant la cour criminelle du policier accus\u00e9 du tir mortel est d\u00e9nonc\u00e9 par les syndicats de policiers. Contact\u00e9 par ICI Azur, Laurent Martin-de-Fr\u00e9mont, secr\u00e9taire d\u00e9partemental d&rsquo;Un1t\u00e9 se demande si \u00ab\u00a0on ne marche pas sur la t\u00eate ?\u00a0\u00bb. Il ajoute : \u00ab\u00a0Si l&rsquo;homme avait stopp\u00e9 son v\u00e9hicule et obtemp\u00e9r\u00e9, tout \u00e7a ne serait pas arriv\u00e9\u00a0\u00bb.<\/p>\n<p>Pour Sefen Guez-Guez, avocat de la famille de la victime, \u00ab\u00a0l&rsquo;identit\u00e9 de la victime, le fait que la voiture \u00e9tait vol\u00e9, tout \u00e7a a \u00e9t\u00e9 connu apr\u00e8s les faits, par l&rsquo;enqu\u00eate. Les policiers au moment du tir n&rsquo;avaient donc pas connaissance de tout \u00e7a\u00a0\u00bb. Il ajoute qu&rsquo;il n&rsquo;y avait \u00ab\u00a0pas de danger pour les fonctionnaires de police [&#8230;] Un proc\u00e8s est une bonne chose et pourra d\u00e9montrer tout ce que je dis\u00a0\u00bb.<\/p>\n","protected":false},"excerpt":{"rendered":"Le suspect est renvoy\u00e9 pour \u00ab\u00a0violence ayant entra\u00een\u00e9 la mort sans intention de la donner\u00a0\u00bb, il a fait&hellip;\n","protected":false},"author":2,"featured_media":363896,"comment_status":"","ping_status":"","sticky":false,"template":"","format":"standard","meta":{"footnotes":""},"categories":[2819],"tags":[1111,11,1777,674,1011,27,12,2401,882,25],"class_list":{"0":"post-363895","1":"post","2":"type-post","3":"status-publish","4":"format-standard","5":"has-post-thumbnail","7":"category-nice","8":"tag-actu","9":"tag-actualites","10":"tag-eu","11":"tag-europe","12":"tag-fr","13":"tag-france","14":"tag-news","15":"tag-nice","16":"tag-provence-alpes-cote-dazur","17":"tag-republique-francaise"},"share_on_mastodon":{"url":"https:\/\/pubeurope.com\/@fr\/115141847689986038","error":""},"_links":{"self":[{"href":"https:\/\/www.europesays.com\/fr\/wp-json\/wp\/v2\/posts\/363895","targetHints":{"allow":["GET"]}}],"collection":[{"href":"https:\/\/www.europesays.com\/fr\/wp-json\/wp\/v2\/posts"}],"about":[{"href":"https:\/\/www.europesays.com\/fr\/wp-json\/wp\/v2\/types\/post"}],"author":[{"embeddable":true,"href":"https:\/\/www.europesays.com\/fr\/wp-json\/wp\/v2\/users\/2"}],"replies":[{"embeddable":true,"href":"https:\/\/www.europesays.com\/fr\/wp-json\/wp\/v2\/comments?post=363895"}],"version-history":[{"count":0,"href":"https:\/\/www.europesays.com\/fr\/wp-json\/wp\/v2\/posts\/363895\/revisions"}],"wp:featuredmedia":[{"embeddable":true,"href":"https:\/\/www.europesays.com\/fr\/wp-json\/wp\/v2\/media\/363896"}],"wp:attachment":[{"href":"https:\/\/www.europesays.com\/fr\/wp-json\/wp\/v2\/media?parent=363895"}],"wp:term":[{"taxonomy":"category","embeddable":true,"href":"https:\/\/www.europesays.com\/fr\/wp-json\/wp\/v2\/categories?post=363895"},{"taxonomy":"post_tag","embeddable":true,"href":"https:\/\/www.europesays.com\/fr\/wp-json\/wp\/v2\/tags?post=363895"}],"curies":[{"name":"wp","href":"https:\/\/api.w.org\/{rel}","templated":true}]}}