{"id":363901,"date":"2025-09-03T18:47:10","date_gmt":"2025-09-03T18:47:10","guid":{"rendered":"https:\/\/www.europesays.com\/fr\/363901\/"},"modified":"2025-09-03T18:47:10","modified_gmt":"2025-09-03T18:47:10","slug":"les-professeurs-du-college-de-bordeaux-lac-en-greve-pour-obtenir-le-classement-rep","status":"publish","type":"post","link":"https:\/\/www.europesays.com\/fr\/363901\/","title":{"rendered":"les professeurs du coll\u00e8ge de Bordeaux Lac en gr\u00e8ve pour obtenir le classement Rep"},"content":{"rendered":"<p>\u00ab\u00a0\u00c0 Bordeaux Lac, \u00e7a craque.\u00a0\u00bb La banderole qui orne les grilles du coll\u00e8ge Alice-Millat, ce mercredi 3\u00a0septembre, signale que cette quatri\u00e8me rentr\u00e9e de l\u2019\u00e9tablissement, <a href=\"https:\/\/www.sudouest.fr\/politique\/education\/bordeaux-le-nouveau-college-du-lac-chevalier-blanc-12085137.php\" rel=\"nofollow noopener\" target=\"_blank\">cr\u00e9\u00e9 en 2022 au c\u0153ur du quartier Ginko<\/a>, n\u2019est pas des plus sereines. Les \u00e9l\u00e8ves, accueillis par les agents, n\u2019auront pas cours aujourd\u2019hui.<\/p>\n<p>\u00ab\u00a0Nous sommes 20 professeurs gr\u00e9vistes sur 22 en service, ainsi que plusieurs agents\u00a0\u00bb, recensent Marine Boivin et Lucille Poissy, professeures et \u00e9lues du personnel. Le coll\u00e8ge compte une trentaine d\u2019enseignants, pour un effectif de 450\u00a0\u00e9l\u00e8ves. Une gr\u00e8ve comme un nouveau cri d\u2019alerte, car cet \u00e9tablissement neuf souffre cruellement et depuis le d\u00e9but, selon eux, d\u2019une p\u00e9nurie de moyens humains. Leur revendication\u00a0? \u00ab\u00a0L\u2019obtention du label Rep et m\u00eame Rep +.\u00a0\u00bb Dans le langage de l\u2019\u00c9ducation nationale, ce classement en R\u00e9seau \u00e9ducatif prioritaire (Rep) renforc\u00e9 est synonyme de dotations suppl\u00e9mentaires\u00a0: plus de profs donc moins d\u2019\u00e9l\u00e8ves par classe, renforcement des \u00e9quipes (CPE, accompagnant d\u2019\u00e9l\u00e8ves en situation de handicap, \u00e9ducateurs), etc. Une requ\u00eate qui ne date pas d\u2019hier. \u00ab\u00a0\u00c7a fait trois ans qu\u2019on le demande.\u00a0\u00bb<\/p>\n<p>Une lettre de la ministre<\/p>\n<p>Beaucoup d\u2019arguments plaident pourtant en faveur du classement. Les crit\u00e8res sociaux en premier lieu\u00a0: \u00ab\u00a0Ici, l\u2019indice de positionnement familial (IPF) est tr\u00e8s faible. Le coll\u00e8ge accueille beaucoup d\u2019\u00e9l\u00e8ves venus des Aubiers, issus de familles tr\u00e8s modestes, des primo-arrivants, qui ont besoin d\u2019un encadrement particulier.\u00a0\u00bb Les enseignantes rel\u00e8vent que tous les \u00e9tablissements voisins (Grand Parc, Edouard-Vaillant) ont le label. Et m\u00eame Rep\u00a0+\u00a0pour le coll\u00e8ge Blanqui, \u00ab\u00a0alors qu\u2019on a [le] m\u00eame [type de population]\u00a0\u00bb.<\/p>\n<p>Les enseignants d\u00e9crivent des classes en sureffectif, des tensions, des parents inquiets et des r\u00e9sultats scolaires en berne. \u00ab\u00a0Cette rentr\u00e9e, on a des classes de 6e \u00e0 plus de 30\u00a0\u00e9l\u00e8ves\u00a0\u00bb, alors que la moyenne dans les coll\u00e8ges girondins est \u00e0 26, d\u2019apr\u00e8s le rectorat.<\/p>\n<p>\u00ab\u00a0La r\u00e9alit\u00e9 du terrain est diff\u00e9rente du discours acad\u00e9mique\u00a0\u00bb, commente David Pijoan, secr\u00e9taire du Snes FSU Gironde, venu sur place. Le mouvement est logiquement soutenu par tous les syndicats\u00a0: Sud \u00c9ducation, Unsa, etc. Mais ils ne sont pas les seuls. \u00ab\u00a0La direction, la hi\u00e9rarchie, les institutions, les politiques\u00a0[des \u00e9lus de la majorit\u00e9 de Pierre Hurmic au d\u00e9put\u00e9 Thomas Cazenave, en passant par LFI, NDLR]\u00a0: tout le monde s\u2019accorde \u00e0 dire que ce coll\u00e8ge r\u00e9pond \u00e0 tous les crit\u00e8res\u00a0\u00bb, assurent les enseignants.<\/p>\n<p>Ils ont m\u00eame re\u00e7u en avril un courrier du cabinet de la ministre de l\u2019\u00c9ducation nationale, \u00c9lisabeth Borne, promettant un \u00ab\u00a0examen attentif\u00a0\u00bb de la situation. Sans effet \u00e0 ce jour. D\u2019o\u00f9 cette action, qui pourrait durer. \u00ab\u00a0C\u2019est un coll\u00e8ge tr\u00e8s dynamique, avec une \u00e9quipe ultra-soud\u00e9e. Cette gr\u00e8ve, c\u2019est vraiment pour nos \u00e9l\u00e8ves, <a href=\"https:\/\/www.sudouest.fr\/gironde\/lormont\/rien-ne-les-predestinait-a-se-rencontrer-le-dispositif-de-mentorat-telemaque-fete-ces-cinq-ans-25718198.php\" rel=\"nofollow noopener\" target=\"_blank\">pour les mettre sur la voie de la r\u00e9ussite<\/a>.\u00a0\u00bb<\/p>\n<p>\u00ab\u00a0Moyens sup\u00e9rieurs\u00a0\u00bb<\/p>\n<p>\u00ab\u00a0La carte de l\u2019\u00e9ducation prioritaire est d\u00e9finie au niveau national et n\u2019a pas \u00e9t\u00e9 revue r\u00e9cemment\u00a0\u00bb, \u00e9crit le rectorat de Bordeaux, contact\u00e9 par \u00ab\u00a0Sud Ouest\u00a0\u00bb. \u00ab\u00a0Malgr\u00e9 cela, le coll\u00e8ge a b\u00e9n\u00e9fici\u00e9 de toute notre attention compte tenu de sa composition sociale.\u00a0\u00bb Les services avancent l\u2019arriv\u00e9e r\u00e9cente d\u2019un principal adjoint, de surveillants suppl\u00e9mentaires et de \u00ab\u00a0moyens sup\u00e9rieurs \u00e0 d\u2019autres coll\u00e8ges\u00a0\u00bb. Et puisque les effectifs de cette rentr\u00e9e sont sup\u00e9rieurs aux pr\u00e9visions, ils annoncent \u00ab\u00a0des moyens permettant de d\u00e9doubler davantage les classes\u00a0\u00bb. Pour la suite, \u00ab\u00a0nous regarderons l\u2019\u00e9volution des effectifs pour cr\u00e9er des classes suppl\u00e9mentaires \u00e0 la prochaine rentr\u00e9e, si c\u2019est n\u00e9cessaire\u00a0\u00bb.<\/p>\n<p>De quoi apaiser la col\u00e8re\u00a0? \u00ab\u00a0Ces moyens auraient d\u00fb \u00eatre allou\u00e9s depuis longtemps, commentent les gr\u00e9vistes. \u00c0 chaque rentr\u00e9e, ils s\u2019av\u00e8rent insuffisants. Et comme chaque ann\u00e9e, on repousse le classement \u00e0 l\u2019ann\u00e9e prochaine.\u00a0\u00bb<\/p>\n<p>Une d\u00e9l\u00e9gation des enseignants sera re\u00e7ue par le directeur acad\u00e9mique (Dasen) de Gironde, demain. En attendant, les gr\u00e9vistes annoncent qu\u2019ils vont reconduire le mouvement.<\/p>\n","protected":false},"excerpt":{"rendered":"\u00ab\u00a0\u00c0 Bordeaux Lac, \u00e7a craque.\u00a0\u00bb La banderole qui orne les grilles du coll\u00e8ge Alice-Millat, ce mercredi 3\u00a0septembre, signale&hellip;\n","protected":false},"author":2,"featured_media":363902,"comment_status":"","ping_status":"","sticky":false,"template":"","format":"standard","meta":{"footnotes":""},"categories":[2817],"tags":[1111,11,1997,1777,674,1011,27,12,2219,25],"class_list":{"0":"post-363901","1":"post","2":"type-post","3":"status-publish","4":"format-standard","5":"has-post-thumbnail","7":"category-bordeaux","8":"tag-actu","9":"tag-actualites","10":"tag-bordeaux","11":"tag-eu","12":"tag-europe","13":"tag-fr","14":"tag-france","15":"tag-news","16":"tag-nouvelle-aquitaine","17":"tag-republique-francaise"},"share_on_mastodon":{"url":"https:\/\/pubeurope.com\/@fr\/115141859428604050","error":""},"_links":{"self":[{"href":"https:\/\/www.europesays.com\/fr\/wp-json\/wp\/v2\/posts\/363901","targetHints":{"allow":["GET"]}}],"collection":[{"href":"https:\/\/www.europesays.com\/fr\/wp-json\/wp\/v2\/posts"}],"about":[{"href":"https:\/\/www.europesays.com\/fr\/wp-json\/wp\/v2\/types\/post"}],"author":[{"embeddable":true,"href":"https:\/\/www.europesays.com\/fr\/wp-json\/wp\/v2\/users\/2"}],"replies":[{"embeddable":true,"href":"https:\/\/www.europesays.com\/fr\/wp-json\/wp\/v2\/comments?post=363901"}],"version-history":[{"count":0,"href":"https:\/\/www.europesays.com\/fr\/wp-json\/wp\/v2\/posts\/363901\/revisions"}],"wp:featuredmedia":[{"embeddable":true,"href":"https:\/\/www.europesays.com\/fr\/wp-json\/wp\/v2\/media\/363902"}],"wp:attachment":[{"href":"https:\/\/www.europesays.com\/fr\/wp-json\/wp\/v2\/media?parent=363901"}],"wp:term":[{"taxonomy":"category","embeddable":true,"href":"https:\/\/www.europesays.com\/fr\/wp-json\/wp\/v2\/categories?post=363901"},{"taxonomy":"post_tag","embeddable":true,"href":"https:\/\/www.europesays.com\/fr\/wp-json\/wp\/v2\/tags?post=363901"}],"curies":[{"name":"wp","href":"https:\/\/api.w.org\/{rel}","templated":true}]}}