{"id":363903,"date":"2025-09-03T18:48:21","date_gmt":"2025-09-03T18:48:21","guid":{"rendered":"https:\/\/www.europesays.com\/fr\/363903\/"},"modified":"2025-09-03T18:48:21","modified_gmt":"2025-09-03T18:48:21","slug":"visite-du-capc-concerts-gratuits-cinq-idees-de-sorties-pour-ce-week-end-du-5-au-7-septembre","status":"publish","type":"post","link":"https:\/\/www.europesays.com\/fr\/363903\/","title":{"rendered":"visite du CAPC, concerts gratuits\u2026 cinq id\u00e9es de sorties pour ce week-end du 5 au 7\u00a0septembre"},"content":{"rendered":"<p>        <img decoding=\"async\" id=\"25103742\" src=\"https:\/\/www.europesays.com\/fr\/wp-content\/uploads\/2025\/09\/20250703211039-davt8533.jpg\" alt=\"\u00ab\u00a0L\u2019Invention du quotidien\u00a0\u00bb au CAPC.\" itemprop=\"contentURL\"\/><\/p>\n<p>    \u00ab\u00a0L\u2019Invention du quotidien\u00a0\u00bb au CAPC.<\/p>\n<p>Thierry David\/SO<\/p>\n<p>Le CAPC propose une visite comment\u00e9e de l\u2019exposition \u00ab\u00a0L\u2019Invention du quotidien\u00a0\u00bb en compagnie de sa commissaire et <a href=\"https:\/\/www.sudouest.fr\/economie\/sandra-patron-nouvelle-directrice-du-capc-de-bordeaux-il-faut-proposer-aux-visiteurs-des-aventures-2473230.php\" target=\"_blank\" rel=\"follow nofollow noopener\">directrice du mus\u00e9e, Sandra Patron<\/a>. Une occasion d\u2019entrer au c\u0153ur de la conception du projet, de d\u00e9couvrir les d\u00e9tails de sa fabrication et de ses m\u00e9canismes \u00e0 travers le regard de celle qui l\u2019a imagin\u00e9. Puis \u00e0 16\u00a0h\u00a030, d\u00e9couverte et cr\u00e9ation pour les 4-6\u00a0ans et leurs parents au sein de l\u2019exposition \u00ab\u00a0Pollen\u00a0\u00bb.<\/p>\n<p>Visite comment\u00e9e, Bordeaux, CAPC, le samedi 6\u00a0septembre \u00e0 15\u00a0heures. Visite-atelier (4-6\u00a0ans, en duo), Bordeaux, CAPC, le samedi 6\u00a0septembre \u00e0 16\u00a0h\u00a030. Tarif\u00a0: 5\u00a0euros +\u00a0billet d\u2019entr\u00e9e. R\u00e9servation en ligne sur <a href=\"https:\/\/capc-bordeaux.fr\/\" target=\"_blank\" rel=\"nofollow noopener\">capc-bordeaux.fr<\/a>.<\/p>\n<p>2 Le Nicolas Girardi trio lance la saison \u00e0 Ambar\u00e8s<\/p>\n<p>        <img decoding=\"async\" id=\"25770644\" src=\"https:\/\/www.europesays.com\/fr\/wp-content\/uploads\/2025\/09\/bordeauxrivedroite-a9f7d7f1c1ba4f2ea24723c5b1495bda-104740-ph0.jpg\" alt=\"Nicolas Girardi \u00e0 la batterie.\" itemprop=\"contentURL\"\/><\/p>\n<p>    Nicolas Girardi \u00e0 la batterie.<\/p>\n<p>Archives Denis Garreau<\/p>\n<p>Le P\u00f4le culturel \u00e9vasion lance sa saison 2025-2026 avec un concert du Nicolas Girardi trio. Piliers de la sc\u00e8ne jazz bordelaise et laur\u00e9ats du tremplin Action jazz, ces trois musiciens explorent des sonorit\u00e9s m\u00ealant jazz contemporain, rythmes sophistiqu\u00e9s et atmosph\u00e8res douces, dans la veine d\u2019Avishai Cohen ou GoGo Penguin. La soir\u00e9e d\u00e9butera par la pr\u00e9sentation des spectacles de la nouvelle saison.<\/p>\n<p>Concert de jazz (tout public), Ambar\u00e8s-et-Lagrave,<a href=\"https:\/\/evasion.ambaresetlagrave.fr\/\" target=\"_blank\" rel=\"nofollow noopener\"> P\u00f4le culturel \u00e9vasion<\/a>, le vendredi 5\u00a0septembre \u00e0 20\u00a0heures Gratuit, r\u00e9servation conseill\u00e9e.<\/p>\n<p>3 Mathilde Chatin chante son \u00ab\u00a0fabuleux destin\u00a0\u00bb<\/p>\n<p>        <img decoding=\"async\" id=\"22745141\" src=\"https:\/\/www.europesays.com\/fr\/wp-content\/uploads\/2025\/09\/pstone.jpg\" alt=\"Le pianiste Pascal Pistone et la com\u00e9dienne multi-instrumentiste Mathilde Chatin.\" itemprop=\"contentURL\"\/><\/p>\n<p>    Le pianiste Pascal Pistone et la com\u00e9dienne multi-instrumentiste Mathilde Chatin.<\/p>\n<p>Pascal Pistone<\/p>\n<p>L\u2019auteure-compositrice-interpr\u00e8te Mathilde Chatin pr\u00e9sente son spectacle de chansons originales \u00e0 L\u2019Impromptu. Accompagn\u00e9e au piano par Pascal Pistone, elle raconte ses joies, ses peines et ses d\u00e9lires, dans un style qui \u00e9voque Barbara ou Biolay. Le spectacle m\u00eale notes de piano, guitare et vid\u00e9os pour un voyage intime empreint d\u2019humour et de l\u00e9g\u00e8ret\u00e9.<\/p>\n<p>Chanson (d\u00e8s 14\u00a0ans), Bordeaux, <a href=\"https:\/\/www.vivaarte.fr\/impromptu\/intro.htm\" target=\"_blank\" rel=\"nofollow noopener\">L\u2019Impromptu,<\/a> certains samedis jusqu\u2019en juin 2026 \u00e0 20\u00a0h\u00a030. Tarifs\u00a0: 6-9\u00a0euros. 06\u00a081\u00a096\u00a035\u00a011.<\/p>\n<p>4 Le ch\u0153ur de l\u2019Op\u00e9ra ouvre la voix<\/p>\n<p>        <img decoding=\"async\" id=\"16569814\" src=\"https:\/\/www.europesays.com\/fr\/wp-content\/uploads\/2025\/09\/20230908231515-q6a6255.jpg\" alt=\"Le ch\u0153ur de l\u2019Op\u00e9ra donnera le d\u00e9part \u00e0 Bordeaux, dimanche 7\u00a0septembre.\" itemprop=\"contentURL\"\/><\/p>\n<p>    Le ch\u0153ur de l\u2019Op\u00e9ra donnera le d\u00e9part \u00e0 Bordeaux, dimanche 7\u00a0septembre.<\/p>\n<p>Archives Guillaume Bonnaud\/SO<\/p>\n<p>Dans le cadre du festival cyclo-musical Ouvre la voix, du 5 au 7\u00a0septembre, le Ch\u0153ur de l\u2019Op\u00e9ra National de Bordeaux propose un moment musical exceptionnel en plein air. Les artistes lyriques investiront les marches du Grand-Th\u00e9\u00e2tre pour un concert matinal qui m\u00eale grand r\u00e9pertoire et patrimoine, au c\u0153ur de la ville. Un \u00e9v\u00e9nement organis\u00e9 en partenariat avec la Rock School Barbey.<\/p>\n<p>Concert (tout public), Bordeaux, marches du Grand-Th\u00e9\u00e2tre, le dimanche 7\u00a0septembre \u00e0 10\u00a0h\u00a015. Gratuit. <a href=\"https:\/\/rockschool-barbey.com\/\" target=\"_blank\" rel=\"nofollow noopener\">rockschool-barbey.com<\/a>.<\/p>\n<p>5 Bordeaux Open Air invite Rome<\/p>\n<p>        <img decoding=\"async\" id=\"4818587\" src=\"https:\/\/www.europesays.com\/fr\/wp-content\/uploads\/2025\/09\/so-595a05a266a4bdd93a1d1224-ph0.jpg\" alt=\"Le festival itin\u00e9rant Bordeaux Open Air s\u2019installe au Square Dom Bedos.\" itemprop=\"contentURL\"\/><\/p>\n<p>    Le festival itin\u00e9rant Bordeaux Open Air s\u2019installe au Square Dom Bedos.<\/p>\n<p>Archives Quentin Salinier\/SO<\/p>\n<p>Le festival itin\u00e9rant Bordeaux Open Air s\u2019installe au square Dom-Bedos pour une \u00e9pop\u00e9e musicale aux couleurs de l\u2019Italie. Cette \u00e9dition met le cap sur Rome et sa sc\u00e8ne house solaire qui a marqu\u00e9 les ann\u00e9es 1990. Pour faire r\u00e9sonner les \u00e9nergies de la capitale italienne, l\u2019apr\u00e8s-midi sera rythm\u00e9e par les sets des artistes Marco Folco, Sandra Mason et Skyapnea.<\/p>\n","protected":false},"excerpt":{"rendered":"\u00ab\u00a0L\u2019Invention du quotidien\u00a0\u00bb au CAPC. Thierry David\/SO Le CAPC propose une visite comment\u00e9e de l\u2019exposition \u00ab\u00a0L\u2019Invention du quotidien\u00a0\u00bb&hellip;\n","protected":false},"author":2,"featured_media":363904,"comment_status":"","ping_status":"","sticky":false,"template":"","format":"standard","meta":{"footnotes":""},"categories":[2817],"tags":[1111,11,1997,1777,674,1011,27,12,2219,25],"class_list":{"0":"post-363903","1":"post","2":"type-post","3":"status-publish","4":"format-standard","5":"has-post-thumbnail","7":"category-bordeaux","8":"tag-actu","9":"tag-actualites","10":"tag-bordeaux","11":"tag-eu","12":"tag-europe","13":"tag-fr","14":"tag-france","15":"tag-news","16":"tag-nouvelle-aquitaine","17":"tag-republique-francaise"},"share_on_mastodon":{"url":"https:\/\/pubeurope.com\/@fr\/115141863526117805","error":""},"_links":{"self":[{"href":"https:\/\/www.europesays.com\/fr\/wp-json\/wp\/v2\/posts\/363903","targetHints":{"allow":["GET"]}}],"collection":[{"href":"https:\/\/www.europesays.com\/fr\/wp-json\/wp\/v2\/posts"}],"about":[{"href":"https:\/\/www.europesays.com\/fr\/wp-json\/wp\/v2\/types\/post"}],"author":[{"embeddable":true,"href":"https:\/\/www.europesays.com\/fr\/wp-json\/wp\/v2\/users\/2"}],"replies":[{"embeddable":true,"href":"https:\/\/www.europesays.com\/fr\/wp-json\/wp\/v2\/comments?post=363903"}],"version-history":[{"count":0,"href":"https:\/\/www.europesays.com\/fr\/wp-json\/wp\/v2\/posts\/363903\/revisions"}],"wp:featuredmedia":[{"embeddable":true,"href":"https:\/\/www.europesays.com\/fr\/wp-json\/wp\/v2\/media\/363904"}],"wp:attachment":[{"href":"https:\/\/www.europesays.com\/fr\/wp-json\/wp\/v2\/media?parent=363903"}],"wp:term":[{"taxonomy":"category","embeddable":true,"href":"https:\/\/www.europesays.com\/fr\/wp-json\/wp\/v2\/categories?post=363903"},{"taxonomy":"post_tag","embeddable":true,"href":"https:\/\/www.europesays.com\/fr\/wp-json\/wp\/v2\/tags?post=363903"}],"curies":[{"name":"wp","href":"https:\/\/api.w.org\/{rel}","templated":true}]}}