{"id":363905,"date":"2025-09-03T18:49:10","date_gmt":"2025-09-03T18:49:10","guid":{"rendered":"https:\/\/www.europesays.com\/fr\/363905\/"},"modified":"2025-09-03T18:49:10","modified_gmt":"2025-09-03T18:49:10","slug":"toulouse-pourquoi-une-station-de-metro-a-ete-evacuee-en-urgence-en-plein-apres-midi","status":"publish","type":"post","link":"https:\/\/www.europesays.com\/fr\/363905\/","title":{"rendered":"Toulouse. Pourquoi une station de m\u00e9tro a \u00e9t\u00e9 \u00e9vacu\u00e9e en urgence en plein apr\u00e8s-midi"},"content":{"rendered":"<p>            Par<br \/>\n        <strong><br \/>\n            <a href=\"https:\/\/actu.fr\/auteur\/david-saint-sernin\" title=\"Consulter tous les articles de David Saint-Sernin\" target=\"_blank\" rel=\"noopener\">David Saint-Sernin<\/a><br \/>\n        <\/strong><\/p>\n<p>        Publi\u00e9 le<\/p>\n<p>            3 sept. 2025 \u00e0 20h27        <\/p>\n<p>Mercredi 3\u00a0septembre 2025, <a href=\"https:\/\/actu.fr\/tag\/metro-de-toulouse\" target=\"_blank\" rel=\"noopener\">une station de m\u00e9tro<\/a> a \u00e9t\u00e9 \u00e9vacu\u00e9e en urgence<a href=\"https:\/\/actu.fr\/toulouse\/\" target=\"_blank\" rel=\"noopener\"> \u00e0 Toulouse.<\/a><\/p>\n<p class=\" wall-content\">C\u2019est la <strong>station de m\u00e9tro Saint-Michel\/Marcel Langer<\/strong> qui a \u00e9t\u00e9 \u00e9vacu\u00e9e peu apr\u00e8s 14h. La raison\u2009? Une <strong>fuite de gaz<\/strong> au niveau du 27, <a href=\"https:\/\/actu.fr\/occitanie\/toulouse_31555\/toulouse-la-grand-rue-saint-michel-la-voie-royale-des-cyclistes-bientot-finalisee-les-images_62557850.html\" target=\"_blank\" rel=\"noopener\">de la Grande Rue Saint-Michel.<\/a><\/p>\n<p class=\" wall-content\">Les pompiers qui sont intervenus rapidement sur place ont \u00e9t\u00e9 confront\u00e9s \u00ab\u2009\u00e0 la rupture d\u2019une canalisation de gaz sur la voie publique. Un p\u00e9rim\u00e8tre de s\u00e9curit\u00e9 a \u00e9t\u00e9 n\u00e9cessaire, ainsi que l\u2019\u00e9vacuation de la station de m\u00e9tro\u2009\u00bb, raconte le SDIS 31 ce mercredi soir.<\/p>\n<p>Des mesures sur la voie publique rassurent<\/p>\n<p class=\" wall-content\">Les \u00e9quipes de GRDF ont ensuite proc\u00e9d\u00e9 \u00e0 la coupure de la canalisation.<\/p>\n<p class=\" wall-content\">\u00ab\u2009Les diff\u00e9rentes mesures effectu\u00e9es sur la voie publique ainsi qu\u2019\u00e0 l\u2019int\u00e9rieur de la station de m\u00e9tro ont confirm\u00e9 l\u2019absence totale de gaz. La station a pu rouvrir et reprendre une activit\u00e9 normale\u2009\u00bb, poursuivent les pompiers de Haute-Garonne dans leur bulletin d\u2019activit\u00e9 du jour.<\/p>\n<p class=\" wall-content\">Treize sapeurs-pompiers et trois v\u00e9hicules du SDIS 31 ont \u00e9t\u00e9 d\u00e9ploy\u00e9s sur place.<\/p>\n<p class=\" wall-content\">Personnalisez votre actualit\u00e9 en ajoutant vos villes et m\u00e9dias en favori avec <a href=\"https:\/\/moncompte.actu.fr\" title=\"D\u00e9couvez Mon Actu\" rel=\"nofollow noopener\" data-trk=\"{&quot;cta&quot;:{&quot;action&quot;:&quot;https:\\\/\\\/moncompte.actu.fr&quot;,&quot;category&quot;:&quot;mon compte&quot;,&quot;from&quot;:&quot;article footer&quot;,&quot;name&quot;:&quot;Mon actu&quot;,&quot;type&quot;:&quot;cta&quot;}}\" target=\"_blank\">Mon Actu<\/a>.<\/p>\n","protected":false},"excerpt":{"rendered":"Par David Saint-Sernin Publi\u00e9 le 3 sept. 2025 \u00e0 20h27 Mercredi 3\u00a0septembre 2025, une station de m\u00e9tro a&hellip;\n","protected":false},"author":2,"featured_media":363906,"comment_status":"","ping_status":"","sticky":false,"template":"","format":"standard","meta":{"footnotes":""},"categories":[2816],"tags":[1111,11,1777,674,1011,27,10596,12,2680,25,104,2312],"class_list":{"0":"post-363905","1":"post","2":"type-post","3":"status-publish","4":"format-standard","5":"has-post-thumbnail","7":"category-toulouse","8":"tag-actu","9":"tag-actualites","10":"tag-eu","11":"tag-europe","12":"tag-fr","13":"tag-france","14":"tag-metro-de-toulouse","15":"tag-news","16":"tag-occitanie","17":"tag-republique-francaise","18":"tag-societe","19":"tag-toulouse"},"share_on_mastodon":{"url":"https:\/\/pubeurope.com\/@fr\/115141867241905455","error":""},"_links":{"self":[{"href":"https:\/\/www.europesays.com\/fr\/wp-json\/wp\/v2\/posts\/363905","targetHints":{"allow":["GET"]}}],"collection":[{"href":"https:\/\/www.europesays.com\/fr\/wp-json\/wp\/v2\/posts"}],"about":[{"href":"https:\/\/www.europesays.com\/fr\/wp-json\/wp\/v2\/types\/post"}],"author":[{"embeddable":true,"href":"https:\/\/www.europesays.com\/fr\/wp-json\/wp\/v2\/users\/2"}],"replies":[{"embeddable":true,"href":"https:\/\/www.europesays.com\/fr\/wp-json\/wp\/v2\/comments?post=363905"}],"version-history":[{"count":0,"href":"https:\/\/www.europesays.com\/fr\/wp-json\/wp\/v2\/posts\/363905\/revisions"}],"wp:featuredmedia":[{"embeddable":true,"href":"https:\/\/www.europesays.com\/fr\/wp-json\/wp\/v2\/media\/363906"}],"wp:attachment":[{"href":"https:\/\/www.europesays.com\/fr\/wp-json\/wp\/v2\/media?parent=363905"}],"wp:term":[{"taxonomy":"category","embeddable":true,"href":"https:\/\/www.europesays.com\/fr\/wp-json\/wp\/v2\/categories?post=363905"},{"taxonomy":"post_tag","embeddable":true,"href":"https:\/\/www.europesays.com\/fr\/wp-json\/wp\/v2\/tags?post=363905"}],"curies":[{"name":"wp","href":"https:\/\/api.w.org\/{rel}","templated":true}]}}