{"id":363907,"date":"2025-09-03T18:50:12","date_gmt":"2025-09-03T18:50:12","guid":{"rendered":"https:\/\/www.europesays.com\/fr\/363907\/"},"modified":"2025-09-03T18:50:12","modified_gmt":"2025-09-03T18:50:12","slug":"un-homme-arbore-un-t-shirt-arracheur-de-kippa-a-toulouse-une-enquete-ouverte-pour-provocation-a-la-haine","status":"publish","type":"post","link":"https:\/\/www.europesays.com\/fr\/363907\/","title":{"rendered":"Un homme arbore un t-shirt \u00ab\u00a0Arracheur de Kippa\u00a0\u00bb \u00e0 Toulouse, une enqu\u00eate ouverte pour provocation \u00e0 la haine"},"content":{"rendered":"<p>Apr\u00e8s la diffusion d\u2019images d&rsquo;un homme v\u00eatu d\u2019un t-shirt antis\u00e9mite, le parquet de Toulouse a ouvert une enqu\u00eate pour\u00a0\u00ab\u00a0provocation \u00e0 la haine et provocation \u00e0 commettre des violences en raison de la religion\u00a0\u00bb.<\/p>\n<p>Sur les r\u00e9seaux sociaux, mardi 2 septembre, l&rsquo;image d&rsquo;un homme sur la terrasse d&rsquo;un caf\u00e9 de Toulouse portant un maillot de football de l&rsquo;Allemagne affubl\u00e9 de l&rsquo;inscription <a href=\"https:\/\/www.bfmtv.com\/police-justice\/un-homme-interpelle-apres-avoir-menace-au-couteau-trois-personnes-pres-d-une-synagogue-a-neuilly-sur-seine_AN-202508290771.html\" title=\"Un homme interpell\u00e9 apr\u00e8s avoir menac\u00e9 au couteau trois personnes pr\u00e8s d&#039;une synagogue \u00e0 Neuilly-sur-Seine\" class=\"internal_link\" rel=\"nofollow noopener\" target=\"_blank\">ouvertement antis\u00e9mite<\/a> \u00ab\u00a0Arracheur 2 Kippa\u00a0\u00bb, a suscit\u00e9 une vive pol\u00e9mique, attirant jusqu&rsquo;\u00e0 l&rsquo;attention de la justice.<\/p>\n<p>Le parquet de Toulouse a ouvert, ce mercredi 3 septembre, une enqu\u00eate en flagrance pour\u00a0\u00ab\u00a0<a href=\"https:\/\/www.bfmtv.com\/lyon\/info-bfmtv-violences-symboles-ss-pourquoi-bruno-retailleau-veut-dissoudre-lyon-populaire-groupuscule-d-ultradroite_AN-202505120292.html\" title=\"INFO BFMTV. Violences, symboles SS: pourquoi Bruno Retailleau veut dissoudre Lyon Populaire, groupuscule d&#039;ultradroite\" class=\"internal_link\" rel=\"nofollow noopener\" target=\"_blank\">provocation \u00e0 la haine<\/a> et provocation \u00e0 commettre des violences en raison de la religion\u00a0\u00bb, a appris BFMTV, compl\u00e9tant une information de <a href=\"https:\/\/www.ladepeche.fr\/2025\/09\/03\/info-la-depeche-arracheur-de-kippa-un-homme-arbore-un-maillot-de-football-ouvertement-antisemite-a-toulouse-12908108.php\" target=\"_blank\" class=\"external_link\" rel=\"nofollow noopener\">La D\u00e9p\u00eache<\/a>.<\/p>\n<p>L\u2019enqu\u00eate a \u00e9t\u00e9 confi\u00e9e au commissariat central de Toulouse. Les policiers esp\u00e8rent remonter rapidement jusqu\u2019\u00e0 l\u2019individu en question, \u00e0 l\u2019aide des images captur\u00e9es par des passants, mais aussi gr\u00e2ce aux images de vid\u00e9osurveillance.<\/p>\n<p>Le but sera aussi de r\u00e9cup\u00e9rer le t-shirt et d\u2019identifier sa provenance. Le CRIF &#8211; Conseil repr\u00e9sentatif des institutions juives de France &#8211; a fait part de son intention de d\u00e9poser plainte.<\/p>\n<p>Des actes antis\u00e9mites en hausse<\/p>\n<p>Selon les chiffres du minist\u00e8re de l&rsquo;Int\u00e9rieur, si le nombre d&rsquo;actes antis\u00e9mites \u00e0 l&rsquo;\u00e9chelle nationale est en l\u00e9g\u00e8re baisse en 2025 par rapport \u00e0 2024, les indicateurs restent \u00e9lev\u00e9s et en augmentation de 134% par rapport \u00e0 janvier-mai 2023.<\/p>\n<p>La comptabilit\u00e9 des actes antis\u00e9mites a en effet explos\u00e9 en 2024 apr\u00e8s le 7-Octobre. En 2025, les actes antis\u00e9mites recens\u00e9s &#8211; 323 &#8211; sont majoritairement des atteintes aux personnes.<\/p>\n<p>Paul Conge avec Lucie Valais<\/p>\n","protected":false},"excerpt":{"rendered":"Apr\u00e8s la diffusion d\u2019images d&rsquo;un homme v\u00eatu d\u2019un t-shirt antis\u00e9mite, le parquet de Toulouse a ouvert une enqu\u00eate&hellip;\n","protected":false},"author":2,"featured_media":363908,"comment_status":"","ping_status":"","sticky":false,"template":"","format":"standard","meta":{"footnotes":""},"categories":[2816],"tags":[1111,11,1777,674,1011,27,12,2680,25,2312],"class_list":{"0":"post-363907","1":"post","2":"type-post","3":"status-publish","4":"format-standard","5":"has-post-thumbnail","7":"category-toulouse","8":"tag-actu","9":"tag-actualites","10":"tag-eu","11":"tag-europe","12":"tag-fr","13":"tag-france","14":"tag-news","15":"tag-occitanie","16":"tag-republique-francaise","17":"tag-toulouse"},"share_on_mastodon":{"url":"https:\/\/pubeurope.com\/@fr\/115141871286388624","error":""},"_links":{"self":[{"href":"https:\/\/www.europesays.com\/fr\/wp-json\/wp\/v2\/posts\/363907","targetHints":{"allow":["GET"]}}],"collection":[{"href":"https:\/\/www.europesays.com\/fr\/wp-json\/wp\/v2\/posts"}],"about":[{"href":"https:\/\/www.europesays.com\/fr\/wp-json\/wp\/v2\/types\/post"}],"author":[{"embeddable":true,"href":"https:\/\/www.europesays.com\/fr\/wp-json\/wp\/v2\/users\/2"}],"replies":[{"embeddable":true,"href":"https:\/\/www.europesays.com\/fr\/wp-json\/wp\/v2\/comments?post=363907"}],"version-history":[{"count":0,"href":"https:\/\/www.europesays.com\/fr\/wp-json\/wp\/v2\/posts\/363907\/revisions"}],"wp:featuredmedia":[{"embeddable":true,"href":"https:\/\/www.europesays.com\/fr\/wp-json\/wp\/v2\/media\/363908"}],"wp:attachment":[{"href":"https:\/\/www.europesays.com\/fr\/wp-json\/wp\/v2\/media?parent=363907"}],"wp:term":[{"taxonomy":"category","embeddable":true,"href":"https:\/\/www.europesays.com\/fr\/wp-json\/wp\/v2\/categories?post=363907"},{"taxonomy":"post_tag","embeddable":true,"href":"https:\/\/www.europesays.com\/fr\/wp-json\/wp\/v2\/tags?post=363907"}],"curies":[{"name":"wp","href":"https:\/\/api.w.org\/{rel}","templated":true}]}}