{"id":363909,"date":"2025-09-03T18:51:12","date_gmt":"2025-09-03T18:51:12","guid":{"rendered":"https:\/\/www.europesays.com\/fr\/363909\/"},"modified":"2025-09-03T18:51:12","modified_gmt":"2025-09-03T18:51:12","slug":"contre-braderie-ou-fuir-la-foule-du-centre-ville-de-lille-03-09-2025","status":"publish","type":"post","link":"https:\/\/www.europesays.com\/fr\/363909\/","title":{"rendered":"Contre-Braderie : o\u00f9 fuir la foule du centre-ville de Lille ? &#8211; 03\/09\/2025"},"content":{"rendered":"<p>\n        On pense \u00e0 celles et ceux qui n\u2019ont pas envie de passer leur samedi et dimanche au milieu des 2 millions de visiteur\u00b7ses attendu\u00b7es pour la Braderie. Pas de panique, on a pr\u00e9par\u00e9 une liste de plans alternatifs pour kiffer son week-end, loin des mar\u00e9es humaines et des montagnes de moules, \u00e0 Lille et aux alentours.<\/p>\n<p>  Fiesta et moules-frites Aux Enfants Terribles<\/p>\n<p>Envie d\u2019un spot qui sent bon les vacances mais \u00e0 15 minutes de Lille ? Direction Aux Enfants Terribles \u00e0 Marquette-lez-Lille. Ici, on retrouve une ambiance chill sur de grandes terrasses, de quoi manger, boire et danser sans se faire bousculer par la foule.<\/p>\n<p>Au programme ce week-end :<\/p>\n<ul>&#13;<\/p>\n<li>&#13;<strong>Vendredi soir<\/strong>\u00a0: DJ set au bar<\/li>\n<p>&#13;<\/p>\n<li>&#13;<strong>Samedi apr\u00e8s-midi<\/strong>\u00a0: concert \u00e0 la guitare en live + jeux gonflables pour les kids<\/li>\n<p>&#13;<\/p>\n<li>&#13;<strong>Samedi soir<\/strong>\u00a0: DJ set pour faire la f\u00eate quand m\u00eame<\/li>\n<p>&#13;<\/ul>\n<p>Et c\u00f4t\u00e9 assiette : moules-frites \u00e0 la marini\u00e8re, \u00e0 la cr\u00e8me ou\u2026 au maroilles.<\/p>\n<p>\ud83d\udcc5 du vendredi 5 au dimanche 7 septembre<br \/>\ud83d\udccd <a target=\"_blank\" href=\"http:\/\/14%20Chem.%20de%20Wervicq,%2059520%20Marquette-lez-Lille\" rel=\"nofollow\">14 Chemin de Wervicq, Marquette-lez-Lille<\/a><br \/>\ud83c\udfab <a target=\"_blank\" href=\"https:\/\/bookings.zenchef.com\/results?rid=360152&amp;pid=1001\" rel=\"nofollow noopener\">R\u00e9servez votre table<\/a><\/p>\n<p>Une tourn\u00e9e des guinguettes pour respirer<\/p>\n<p>Parce qu\u2019on ne va pas se mentir : les guinguettes, c\u2019est la vie quand on veut se poser tranquille au soleil avec un verre \u00e0 la main (oui parce que pour le moment du tr\u00e8s beau temps est attendu ce week-end). Et bonne nouvelle, certaines restent ouvertes apr\u00e8s le mois d&rsquo;ao\u00fbt. On vous en a s\u00e9lectionn\u00e9 quelques-unes :<\/p>\n<p><strong>La Guinguette de la Marine<\/strong>\u00a0<br \/>\ud83d\udccd<a target=\"_blank\" href=\"http:\/\/8%20Av.%20L%C3%A9on%20Jouhaux,%2059800%20Lille\" rel=\"nofollow\">8 avenue L\u00e9on Jouhaux, Lille<\/a><\/p>\n<p><strong>La Goguette<\/strong><br \/>\ud83d\udccd<a target=\"_blank\" href=\"http:\/\/4%20Av.%20Pierre%20Mauroy,%2059290%20Wasquehal\" rel=\"nofollow\">4 avenue Pierre Mauroy, Wasquehal<\/a><\/p>\n<p><strong>Les Copines d\u2019abord<\/strong>\u00a0<br \/>\ud83d\udccd<a target=\"_blank\" href=\"http:\/\/269%20Rte%20Nationale,%2059930%20La%20Chapelle-d&#039;Armenti%C3%A8res\" rel=\"nofollow\">269 route nationale, La Chapelle-d\u2019Armenti\u00e8res<\/a><\/p>\n<p><strong>La Guinguette des Quais<\/strong><br \/>\ud83d\udccd<a target=\"_blank\" href=\"http:\/\/59200%20Tourcoing\" rel=\"nofollow\">Quai de Bordeaux, Tourcoing<\/a><\/p>\n<p><strong>Le Marque-Page<\/strong>\u00a0<br \/>\ud83d\udccd<a target=\"_blank\" href=\"https:\/\/www.google.fr\/maps\/place\/157+Av.+de+la+Marne,+59700+Marcq-en-Bar%C5%93ul\/@50.6791079,3.1072408,17z\/data=!3m1!4b1!4m6!3m5!1s0x47c32981f8493f13:0x3437e363abc7de33!8m2!3d50.6791079!4d3.1098157!16s%2Fg%2F11c43swfr9?entry=ttu&amp;g_ep=EgoyMDI1MDgyNS4wIKXMDSoASAFQAw%3D%3D\" rel=\"nofollow noopener\">157 avenue de la Marne, Marcq-en-Bar\u0153ul<\/a><\/p>\n<p><strong>La Guinguette de la Plage<\/strong>\u00a0<br \/>\ud83d\udccd<a target=\"_blank\" href=\"https:\/\/www.google.fr\/maps\/place\/51+Av.+du+Champ+de+Course,+59130+Lambersart\/@50.6421518,3.0335612,17z\/data=!3m1!4b1!4m6!3m5!1s0x47c32a9da97a4219:0x57f402cbf3af7ab!8m2!3d50.6421518!4d3.0361361!16s%2Fg%2F11gsmj6dzh?entry=ttu&amp;g_ep=EgoyMDI1MDgyNS4wIKXMDSoASAFQAw%3D%3D\" rel=\"nofollow noopener\">51 avenue du Champ de Course, Lambersart<\/a><\/p>\n<p>La Braderie version rooftop chez N\u016a<\/p>\n<p>Chez\u00a0N\u016a, la Braderie se vit en mode bord de mer, loin du tumulte des rues. Paillotes, parasols, cocktails iod\u00e9s et une vue panoramique sur Lille : de quoi se sentir en vacances, pour celles et ceux qui ont du mal avec le retour \u00e0 la vraie vie (rassurez-vous, on compatit).<\/p>\n<p>C\u00f4t\u00e9 assiette : moules d\u2019Oye-Plage, hu\u00eetres, tapas, frites maison. Et c\u00f4t\u00e9 ambiance : artistes live et DJ sets tout le week-end.\u00a0<\/p>\n<p>\ud83d\udcc5 du vendredi 5 au dimanche 7 septembre<br \/>\ud83d\udccd <a target=\"_blank\" href=\"http:\/\/93%20Av.%20Le%20Corbusier,%2059000%20Lille\" rel=\"nofollow\">93 Avenue Le Corbusier, Lille<\/a><br \/>\ud83c\udfab <a target=\"_blank\" href=\"https:\/\/nu-lille.fr\/\" rel=\"nofollow noopener\">R\u00e9servez votre table<\/a><\/p>\n<p>  Chill et musique \u00e0 La Friche de Saint-Andr\u00e9<\/p>\n<p>\u00c0 deux pas de Lille,\u00a0La Friche\u00a0sort le grand jeu pour celles et ceux qui veulent \u00e9chapper au centre. Le principe ce week-end : ramenez votre objet le plus chelou : s\u2019il est valid\u00e9, vous repartez avec un cadeau. <\/p>\n<p>Le samedi, c&rsquo;est BBQ party toute la soir\u00e9e, mais aussi :<\/p>\n<ul>&#13;<\/p>\n<li>&#13;<strong>de 19h30 \u00e0 21h<\/strong>\u00a0: concert ext\u00e9rieur avec\u00a0<a target=\"_blank\" href=\"https:\/\/www.instagram.com\/suzanegrimmofficiel\/\" rel=\"nofollow noopener\">Suzane Grimm<\/a>\u00a0(pop \/ vari\u00e9t\u00e9 fran\u00e7aise)<\/li>\n<p>&#13;<\/p>\n<li>&#13;<strong>de 21h30 \u00e0 1h45<\/strong>\u00a0: DJ set avec\u00a0<a target=\"_blank\" href=\"https:\/\/www.instagram.com\/teodoro_music\/?hl=fr\" rel=\"nofollow noopener\">Teoro<\/a>\u00a0pour une soir\u00e9e house qui va bien vous ambiancer<\/li>\n<p>&#13;<\/ul>\n<p>Le dimanche, on termine en douceur avec un concert ext\u00e9rieur de\u00a0Johann Devos\u00a0\u00e0 19h30.<\/p>\n<p>\ud83d\udccd<a target=\"_blank\" href=\"http:\/\/26%20Rue%20F%C3%A9lix%20Faure,%2059350%20Saint-Andr%C3%A9-lez-Lille\" rel=\"nofollow\">26 Rue F\u00e9lix Faure, Saint-Andr\u00e9-lez-Lille<\/a><\/p>\n<p>  Et pourquoi pas un parc d\u2019attraction ?<\/p>\n<p>Si vous avez envie de fuir Lille carr\u00e9ment et d\u2019ajouter un peu d\u2019adr\u00e9naline \u00e0 votre week-end, \u00e7a peut \u00eatre l\u2019occasion d\u2019aller tester un parc d\u2019attraction. Cette ann\u00e9e, on vous a d\u2019ailleurs fait un article avec plusieurs parcs \u00e0 moins de deux heures de Lille. On vous laisse cliquer sur <a target=\"_blank\" href=\"https:\/\/www.vozer.fr\/2025\/03\/28\/la-liste-des-parcs-d-attractions-qui-se-situent-a-moins-de-2h-de-lille\/\" rel=\"nofollow noopener\">cette liste<\/a>.\u00a0<strong\/><\/p>\n<p>  Une pause culture dans les mus\u00e9es<\/p>\n<p>Autre bonne nouvelle, pendant la Braderie, les lieux culturels restent ouverts. C\u2019est le moment pour faire une parenth\u00e8se culturelle.\u00a0Gare Saint-Sauveur, Maisons Folie, Tripostal ou encore le Palais des Beaux-Arts vous accueillent tout le week-end avec leurs expos en cours. Et comme ce week-end c\u2019est le premier du mois, l\u2019entr\u00e9e est gratuite.<\/p>\n<p><script async src=\"\/\/www.instagram.com\/embed.js\"><\/script><\/p>\n","protected":false},"excerpt":{"rendered":"On pense \u00e0 celles et ceux qui n\u2019ont pas envie de passer leur samedi et dimanche au milieu&hellip;\n","protected":false},"author":2,"featured_media":363910,"comment_status":"","ping_status":"","sticky":false,"template":"","format":"standard","meta":{"footnotes":""},"categories":[2815],"tags":[1111,11,1777,674,1011,27,811,1307,12,25],"class_list":{"0":"post-363909","1":"post","2":"type-post","3":"status-publish","4":"format-standard","5":"has-post-thumbnail","7":"category-lille","8":"tag-actu","9":"tag-actualites","10":"tag-eu","11":"tag-europe","12":"tag-fr","13":"tag-france","14":"tag-hauts-de-france","15":"tag-lille","16":"tag-news","17":"tag-republique-francaise"},"share_on_mastodon":{"url":"https:\/\/pubeurope.com\/@fr\/115141875176452080","error":""},"_links":{"self":[{"href":"https:\/\/www.europesays.com\/fr\/wp-json\/wp\/v2\/posts\/363909","targetHints":{"allow":["GET"]}}],"collection":[{"href":"https:\/\/www.europesays.com\/fr\/wp-json\/wp\/v2\/posts"}],"about":[{"href":"https:\/\/www.europesays.com\/fr\/wp-json\/wp\/v2\/types\/post"}],"author":[{"embeddable":true,"href":"https:\/\/www.europesays.com\/fr\/wp-json\/wp\/v2\/users\/2"}],"replies":[{"embeddable":true,"href":"https:\/\/www.europesays.com\/fr\/wp-json\/wp\/v2\/comments?post=363909"}],"version-history":[{"count":0,"href":"https:\/\/www.europesays.com\/fr\/wp-json\/wp\/v2\/posts\/363909\/revisions"}],"wp:featuredmedia":[{"embeddable":true,"href":"https:\/\/www.europesays.com\/fr\/wp-json\/wp\/v2\/media\/363910"}],"wp:attachment":[{"href":"https:\/\/www.europesays.com\/fr\/wp-json\/wp\/v2\/media?parent=363909"}],"wp:term":[{"taxonomy":"category","embeddable":true,"href":"https:\/\/www.europesays.com\/fr\/wp-json\/wp\/v2\/categories?post=363909"},{"taxonomy":"post_tag","embeddable":true,"href":"https:\/\/www.europesays.com\/fr\/wp-json\/wp\/v2\/tags?post=363909"}],"curies":[{"name":"wp","href":"https:\/\/api.w.org\/{rel}","templated":true}]}}