{"id":363911,"date":"2025-09-03T18:52:23","date_gmt":"2025-09-03T18:52:23","guid":{"rendered":"https:\/\/www.europesays.com\/fr\/363911\/"},"modified":"2025-09-03T18:52:23","modified_gmt":"2025-09-03T18:52:23","slug":"lille3000-fiesta-a-la-braderie-de-lille-2025","status":"publish","type":"post","link":"https:\/\/www.europesays.com\/fr\/363911\/","title":{"rendered":"lille3000 &#8211; Fiesta \u00e0 la Braderie de Lille 2025"},"content":{"rendered":"<p>\t\t\t<img width=\"660\" height=\"330\" src=\"https:\/\/www.europesays.com\/fr\/wp-content\/uploads\/2025\/09\/lille3000_fiesta_01-660x330.jpg\" class=\"attachment-slider size-slider wp-post-image\" alt=\"\" decoding=\"async\" fetchpriority=\"high\"\/>\t\t<\/p>\n<p class=\"post-meta\">\n<p>\t<a href=\"https:\/\/www.zoomsurlille.fr\/author\/damien\" title=\"\" rel=\"nofollow noopener\" target=\"_blank\">Damien <\/a><\/p>\n<p>\t3 septembre 2025<br \/>\n\t<a href=\"https:\/\/www.zoomsurlille.fr\/actualites\" rel=\"category tag nofollow noopener\" target=\"_blank\">Actualit\u00e9s<\/a><\/p>\n<p style=\"text-align: justify;\">Retrouvez l\u2019esprit de <strong>lille3000 \u2013 Fiesta<\/strong> pendant la <strong>Braderie<\/strong> (les 06 &amp; 07 septembre 2025) :<strong> certaines \u0153uvres de la parade d\u2019ouverture<\/strong> investiront le <strong>village Ici Nord, place du Th\u00e9\u00e2tre.<\/strong><\/p>\n<p style=\"text-align: justify;\">\u00c0 l\u2019entr\u00e9e de la <strong>Gare Saint Sauveur, <\/strong>venez d\u00e9couvrir le<strong> stand d\u2019information<\/strong> de <strong>lille3000 \u2013 Fiesta <\/strong>et <strong>tentez votre chance<\/strong> \u00e0 leur <strong>jeu-concours 100% gagnant<\/strong> (places pour les expositions et autres surprises).<\/p>\n<p style=\"text-align: justify;\">Et ce n\u2019est pas tout : la <strong>Braderie des Enfants<\/strong> et l\u2019exposition <strong>M\u00f4m\u2019Art<\/strong> (\u00e0 d\u00e9couvrir avant sa cl\u00f4ture !) vous attendent aussi \u00e0 la <strong>Gare Saint Sauveur.<\/strong><\/p>\n<p><img loading=\"lazy\" decoding=\"async\" width=\"9\" height=\"9\" src=\"https:\/\/www.europesays.com\/fr\/wp-content\/uploads\/2025\/04\/arrow.png\" alt=\"\"\/> <a href=\"https:\/\/www.zoomsurlille.fr\/tag\/braderie-de-lille-2025\" target=\"_blank\" rel=\"noreferrer noopener nofollow\">Retrouvez tous nos articles sur la Braderie de Lille 2025<\/a><\/p>\n<p class=\"has-text-align-right\">Source &amp; image : DR \u2013 \u00a9 lille3000<\/p>\n<p>\t\t<a href=\"#\" id=\"check-also-close\"><\/a><\/p>\n<p>\n\t\t\tA lire \u00e9galement !\n\t\t<\/p>\n<p>\t\t\t\t<a href=\"https:\/\/www.zoomsurlille.fr\/actualites\/reservations-pour-les-journees-du-patrimoine-a-lille-a-partir-du-mercredi-03-septembre-2025\" rel=\"nofollow noopener\" target=\"_blank\"><br \/>\n\t\t\t\t\t<img width=\"310\" height=\"165\" src=\"https:\/\/www.europesays.com\/fr\/wp-content\/uploads\/2025\/09\/jep_2025-310x165.jpg\" class=\"attachment-tie-medium size-tie-medium wp-post-image\" alt=\"\" decoding=\"async\" loading=\"lazy\"\/><br \/>\n\t\t\t\t<\/a><\/p>\n<p>Vendredi 19, samedi 20 et dimanche 21 septembre 2025 se d\u00e9rouleront les Journ\u00e9es Europ\u00e9ennes du \u2026<\/p>\n","protected":false},"excerpt":{"rendered":"Damien 3 septembre 2025 Actualit\u00e9s Retrouvez l\u2019esprit de lille3000 \u2013 Fiesta pendant la Braderie (les 06 &amp; 07&hellip;\n","protected":false},"author":2,"featured_media":363912,"comment_status":"","ping_status":"","sticky":false,"template":"","format":"standard","meta":{"footnotes":""},"categories":[2815],"tags":[1111,11,18703,40565,1777,674,3274,1011,27,811,1307,3276,12,25],"class_list":{"0":"post-363911","1":"post","2":"type-post","3":"status-publish","4":"format-standard","5":"has-post-thumbnail","7":"category-lille","8":"tag-actu","9":"tag-actualites","10":"tag-braderie-de-lille","11":"tag-braderie-de-lille-2025","12":"tag-eu","13":"tag-europe","14":"tag-fiesta","15":"tag-fr","16":"tag-france","17":"tag-hauts-de-france","18":"tag-lille","19":"tag-lille3000","20":"tag-news","21":"tag-republique-francaise"},"share_on_mastodon":{"url":"https:\/\/pubeurope.com\/@fr\/115141879446890275","error":""},"_links":{"self":[{"href":"https:\/\/www.europesays.com\/fr\/wp-json\/wp\/v2\/posts\/363911","targetHints":{"allow":["GET"]}}],"collection":[{"href":"https:\/\/www.europesays.com\/fr\/wp-json\/wp\/v2\/posts"}],"about":[{"href":"https:\/\/www.europesays.com\/fr\/wp-json\/wp\/v2\/types\/post"}],"author":[{"embeddable":true,"href":"https:\/\/www.europesays.com\/fr\/wp-json\/wp\/v2\/users\/2"}],"replies":[{"embeddable":true,"href":"https:\/\/www.europesays.com\/fr\/wp-json\/wp\/v2\/comments?post=363911"}],"version-history":[{"count":0,"href":"https:\/\/www.europesays.com\/fr\/wp-json\/wp\/v2\/posts\/363911\/revisions"}],"wp:featuredmedia":[{"embeddable":true,"href":"https:\/\/www.europesays.com\/fr\/wp-json\/wp\/v2\/media\/363912"}],"wp:attachment":[{"href":"https:\/\/www.europesays.com\/fr\/wp-json\/wp\/v2\/media?parent=363911"}],"wp:term":[{"taxonomy":"category","embeddable":true,"href":"https:\/\/www.europesays.com\/fr\/wp-json\/wp\/v2\/categories?post=363911"},{"taxonomy":"post_tag","embeddable":true,"href":"https:\/\/www.europesays.com\/fr\/wp-json\/wp\/v2\/tags?post=363911"}],"curies":[{"name":"wp","href":"https:\/\/api.w.org\/{rel}","templated":true}]}}