{"id":363915,"date":"2025-09-03T18:54:23","date_gmt":"2025-09-03T18:54:23","guid":{"rendered":"https:\/\/www.europesays.com\/fr\/363915\/"},"modified":"2025-09-03T18:54:23","modified_gmt":"2025-09-03T18:54:23","slug":"leonardo-balerdi-a-demande-a-quitter-marseille-pendant-le-mercato","status":"publish","type":"post","link":"https:\/\/www.europesays.com\/fr\/363915\/","title":{"rendered":"Leonardo Balerdi a demand\u00e9 \u00e0 quitter Marseille pendant le mercato"},"content":{"rendered":"<p style=\"text-align: justify;\"><strong>TRANSFERTS OM \u2013 Selon la Stampa, Leonardo Balerdi a demand\u00e9 \u00e0 quitter Marseille pour rejoindre la Juventus pendant le mercato d\u2019\u00e9t\u00e9.\u00a0<\/strong><\/p>\n<p>Capitaine de l\u2019<strong>Olympique<\/strong> <strong>de<\/strong> <strong>Marseille<\/strong>, <strong>Leonardo Balerdi<\/strong> vit un d\u00e9but de saison compliqu\u00e9e. Le d\u00e9fenseur argentin a rat\u00e9 ses trois premiers matchs avec en point d\u2019orgue une performance catastrophique face \u00e0 Lyon. Responsable de l\u2019expulsion de <strong>CJ Egan-Riley<\/strong>, il est aussi fautif sur le but de la victoire de <strong>Pavel<\/strong> <strong>Sulc<\/strong> en toute fin de partie.<\/p>\n<p>Leonardo Balerdi voulait rejoindre la Juventus<\/p>\n<p style=\"text-align: justify;\">Pendant une bonne partie de l\u2019\u00e9t\u00e9, La <strong>Juventus<\/strong> et <strong>Igor<\/strong> <strong>Tudor<\/strong> ont fait le forcing pour recruter le d\u00e9fenseur argentin. L\u2019<strong>Olympique de Marseille<\/strong> a rapidement fait front en d\u00e9clarant son joueur intransf\u00e9rable. <strong>Pablo<\/strong> <strong>Longoria<\/strong> et <strong>Medhi<\/strong> <strong>Benatia<\/strong> voulaient le conserver pour la <strong>Ligue des Champions<\/strong> alors que sa valeur pouvait encore grimper puisqu\u2019il a rejoint la s\u00e9lection.<\/p>\n<p style=\"text-align: justify;\">La position de Leonardo Balerdi sur la possibilit\u00e9 de rejoindre la Juventus Turin n\u2019a jamais filtr\u00e9 mais selon le m\u00e9dia italien, l\u2019Argentin voulait rejoindre le club italien. La d\u00e9cision des dirigeants olympiens aurait rendu le joueur frustr\u00e9 et agac\u00e9 par la situation. De quoi expliquer son mauvais d\u00e9but de saison ? <strong>Leonardo Balerdi<\/strong> va devoir se battre pour sa place de titulaire puisque l\u2019OM a sign\u00e9 <strong>Nayef<\/strong> <strong>Aguerd<\/strong> et <strong>Benjamin<\/strong> <strong>Pavard<\/strong> le dernier jour du mercato.<\/p>\n<p>\u00c0 ce sujet<br \/>\n<a href=\"https:\/\/dicodusport.fr\/blog\/mercato-om-2025-2026-le-tableau-complet-des-transferts-arrivees-et-departs\/\" class=\"vlp-link\" title=\"Mercato OM 2025-2026 : Le tableau complet des transferts, arriv\u00e9es et d\u00e9parts\" target=\"_blank\" rel=\"noopener\"><img loading=\"lazy\" decoding=\"async\" style=\"max-width: 792px;\" width=\"792\" height=\"445\" class=\"attachment-800x445 size-800x445 perfmatters-lazy\" alt=\"Mercato OM 2025-2026 Le tableau complet des transferts, arriv\u00e9es et d\u00e9parts\" src=\"https:\/\/www.europesays.com\/fr\/wp-content\/uploads\/2025\/08\/Mercato-OM-2025-2026-Le-tableau-complet-des-transferts-arrivees-et-departs.png\"  data-\/><\/p>\n<p>Mercato OM 2025-2026 : Le tableau complet des transferts, arriv\u00e9es et d\u00e9parts<\/p>\n<p>TRANSFERTS OM &#8211; Retrouvez tous les mouvements de l&rsquo;Olympique de Marseille pour l&rsquo;intersaison 2025 en Ligue 1. Arriv\u00e9es, d\u00e9part, pr\u00eats, transferts d\u00e9finitifs, ne ratez rien du mercato estival.\u00a0<\/p>\n<p>Lire l&rsquo;article<\/p>\n<p>dicodusport.fr<\/p>\n","protected":false},"excerpt":{"rendered":"TRANSFERTS OM \u2013 Selon la Stampa, Leonardo Balerdi a demand\u00e9 \u00e0 quitter Marseille pour rejoindre la Juventus pendant&hellip;\n","protected":false},"author":2,"featured_media":363916,"comment_status":"","ping_status":"","sticky":false,"template":"","format":"standard","meta":{"footnotes":""},"categories":[2814],"tags":[1111,11,2113,1777,674,1011,27,66,884,12,882,25,48444],"class_list":{"0":"post-363915","1":"post","2":"type-post","3":"status-publish","4":"format-standard","5":"has-post-thumbnail","7":"category-marseille","8":"tag-actu","9":"tag-actualites","10":"tag-breve","11":"tag-eu","12":"tag-europe","13":"tag-fr","14":"tag-france","15":"tag-ligue-1","16":"tag-marseille","17":"tag-news","18":"tag-provence-alpes-cote-dazur","19":"tag-republique-francaise","20":"tag-transferts-om"},"share_on_mastodon":{"url":"https:\/\/pubeurope.com\/@fr\/115141887048007890","error":""},"_links":{"self":[{"href":"https:\/\/www.europesays.com\/fr\/wp-json\/wp\/v2\/posts\/363915","targetHints":{"allow":["GET"]}}],"collection":[{"href":"https:\/\/www.europesays.com\/fr\/wp-json\/wp\/v2\/posts"}],"about":[{"href":"https:\/\/www.europesays.com\/fr\/wp-json\/wp\/v2\/types\/post"}],"author":[{"embeddable":true,"href":"https:\/\/www.europesays.com\/fr\/wp-json\/wp\/v2\/users\/2"}],"replies":[{"embeddable":true,"href":"https:\/\/www.europesays.com\/fr\/wp-json\/wp\/v2\/comments?post=363915"}],"version-history":[{"count":0,"href":"https:\/\/www.europesays.com\/fr\/wp-json\/wp\/v2\/posts\/363915\/revisions"}],"wp:featuredmedia":[{"embeddable":true,"href":"https:\/\/www.europesays.com\/fr\/wp-json\/wp\/v2\/media\/363916"}],"wp:attachment":[{"href":"https:\/\/www.europesays.com\/fr\/wp-json\/wp\/v2\/media?parent=363915"}],"wp:term":[{"taxonomy":"category","embeddable":true,"href":"https:\/\/www.europesays.com\/fr\/wp-json\/wp\/v2\/categories?post=363915"},{"taxonomy":"post_tag","embeddable":true,"href":"https:\/\/www.europesays.com\/fr\/wp-json\/wp\/v2\/tags?post=363915"}],"curies":[{"name":"wp","href":"https:\/\/api.w.org\/{rel}","templated":true}]}}