{"id":363917,"date":"2025-09-03T18:55:09","date_gmt":"2025-09-03T18:55:09","guid":{"rendered":"https:\/\/www.europesays.com\/fr\/363917\/"},"modified":"2025-09-03T18:55:09","modified_gmt":"2025-09-03T18:55:09","slug":"lyon-une-nouvelle-boite-de-nuit-tendance-ouvre-en-presquile-ce-week-end","status":"publish","type":"post","link":"https:\/\/www.europesays.com\/fr\/363917\/","title":{"rendered":"Lyon. Une nouvelle bo\u00eete de nuit tendance ouvre en Presqu&rsquo;\u00eele ce week-end"},"content":{"rendered":"<p>            Par<br \/>\n        <strong><br \/>\n            <a href=\"https:\/\/actu.fr\/auteur\/anthony-soudani\" title=\"Consulter tous les articles de Anthony Soudani\" target=\"_blank\" rel=\"noopener\">Anthony Soudani<\/a><br \/>\n        <\/strong><\/p>\n<p>        Publi\u00e9 le<\/p>\n<p>            3 sept. 2025 \u00e0 18h31        <\/p>\n<p>Une nouvelle bo\u00eete de nuit ouvre en <a href=\"https:\/\/actu.fr\/tag\/presqu-ile\" target=\"_blank\" rel=\"noopener\">Presqu\u2019\u00eele<\/a> pour faire bouger les Lyonnais. Olma se pr\u00e9sente comme le nouveau club tendance qui d\u00e9barque dans la capitale des Gaules. Adresse, th\u00e8me, musiques, ambiance\u2026 voici tout ce qu\u2019il faut savoir sur ce lieu qui s\u2019annonce tr\u00e8s festif.<\/p>\n<p>Un club pour les passionn\u00e9s de house<\/p>\n<p class=\" wall-content\">Pour commencer, le club se pr\u00e9sente comme l\u2019endroit id\u00e9al pour \u00ab\u2009les passionn\u00e9s de house et de nuits intenses\u2009\u00bb \u00e0 <a href=\"https:\/\/actu.fr\/lyon\/\" target=\"_blank\" rel=\"noopener\">Lyon<\/a>. \u00ab\u2009Plus qu\u2019un espace, c\u2019est une exp\u00e9rience\u2009: 150 m\u00b2 d\u00e9di\u00e9s \u00e0 la musique et \u00e0 l\u2019\u00e9nergie du dancefloor, o\u00f9 chaque d\u00e9tail \u2013 du son \u00e0 l\u2019ambiance \u2013 est con\u00e7u pour faire vibrer la nuit\u2009\u00bb, affirme Olma.<\/p>\n<p class=\" wall-content\">Le club a \u00e9t\u00e9 cr\u00e9\u00e9 avec trois valeurs principales\u2009: la musique, la cr\u00e9ativit\u00e9 et l\u2019exp\u00e9rience collective. \u00ab\u2009C\u2019est un v\u00e9ritable lieu de rencontre o\u00f9 chacun se sent libre d\u2019exprimer son \u00e9nergie et sa personnalit\u00e9.\u2009\u00bb<\/p>\n<p>Des soir\u00e9es d\u2019ouverture tout le week-end<\/p>\n<p class=\" wall-content\">Olma ouvre ce jeudi 4\u00a0septembre au 3 rue Terme, <strong>en lieu et place du tr\u00e8s connu Terminal<\/strong>, ancien club du 1er arrondissement de Lyon. Il est situ\u00e9 en plein c\u0153ur des pentes de la Croix-Rousse, \u00e0 deux pas de l\u2019H\u00f4tel de Ville.<\/p>\n<p class=\" wall-content\"><a href=\"https:\/\/www.instagram.com\/p\/DNVYPVIohaF\/embed\" title=\"Ouvrir le lien sur Instagram\" target=\"_blank\" rel=\"noopener\">Visualiser le contenu sur Instagram<\/a><\/p>\n<p class=\" wall-content\">La soir\u00e9e d\u2019ouverture commence \u00e0 partir de minuit et se termine \u00e0 5h du matin. Cependant, l\u2019\u00e9v\u00e9nement est d\u00e9j\u00e0 complet.<\/p>\n<p class=\" wall-content\">Pour ceux qui aimeraient d\u00e9couvrirent cette nouvelle bo\u00eete de nuit d\u00e8s ce week-end, des soir\u00e9es sont d\u00e9j\u00e0 organis\u00e9es vendredi et samedi soir de minuit \u00e0 6h du matin. L\u2019entr\u00e9e en pr\u00e9vente est \u00e0 partir de <strong>12,10\u00a0euros<\/strong> avec une boisson forte.<\/p>\n<p>M\u00e9tro H\u00f4tel de Ville \u2013 Louis Pradel (lignes A et C) \u00e0 seulement trois minutes \u00e0 pied.<br \/>Parkings publics disponibles \u00e0 proximit\u00e9.<\/p>\n<p class=\" wall-content\">Personnalisez votre actualit\u00e9 en ajoutant vos villes et m\u00e9dias en favori avec <a href=\"https:\/\/moncompte.actu.fr\" title=\"D\u00e9couvez Mon Actu\" rel=\"nofollow noopener\" data-trk=\"{&quot;cta&quot;:{&quot;action&quot;:&quot;https:\\\/\\\/moncompte.actu.fr&quot;,&quot;category&quot;:&quot;mon compte&quot;,&quot;from&quot;:&quot;article footer&quot;,&quot;name&quot;:&quot;Mon actu&quot;,&quot;type&quot;:&quot;cta&quot;}}\" target=\"_blank\">Mon Actu<\/a>.<\/p>\n<p>                    <script async src=\"\/\/www.instagram.com\/embed.js\"><\/script><\/p>\n","protected":false},"excerpt":{"rendered":"Par Anthony Soudani Publi\u00e9 le 3 sept. 2025 \u00e0 18h31 Une nouvelle bo\u00eete de nuit ouvre en Presqu\u2019\u00eele&hellip;\n","protected":false},"author":2,"featured_media":281414,"comment_status":"","ping_status":"","sticky":false,"template":"","format":"standard","meta":{"footnotes":""},"categories":[1889],"tags":[1111,11,2430,215,1777,674,1011,27,1305,2428,12,24442,2809,25],"class_list":{"0":"post-363917","1":"post","2":"type-post","3":"status-publish","4":"format-standard","5":"has-post-thumbnail","7":"category-lyon","8":"tag-actu","9":"tag-actualites","10":"tag-auvergne-rhone-alpes","11":"tag-commerce","12":"tag-eu","13":"tag-europe","14":"tag-fr","15":"tag-france","16":"tag-lifestyle","17":"tag-lyon","18":"tag-news","19":"tag-place-des-terreaux","20":"tag-presquile","21":"tag-republique-francaise"},"share_on_mastodon":{"url":"https:\/\/pubeurope.com\/@fr\/115141890805993612","error":""},"_links":{"self":[{"href":"https:\/\/www.europesays.com\/fr\/wp-json\/wp\/v2\/posts\/363917","targetHints":{"allow":["GET"]}}],"collection":[{"href":"https:\/\/www.europesays.com\/fr\/wp-json\/wp\/v2\/posts"}],"about":[{"href":"https:\/\/www.europesays.com\/fr\/wp-json\/wp\/v2\/types\/post"}],"author":[{"embeddable":true,"href":"https:\/\/www.europesays.com\/fr\/wp-json\/wp\/v2\/users\/2"}],"replies":[{"embeddable":true,"href":"https:\/\/www.europesays.com\/fr\/wp-json\/wp\/v2\/comments?post=363917"}],"version-history":[{"count":0,"href":"https:\/\/www.europesays.com\/fr\/wp-json\/wp\/v2\/posts\/363917\/revisions"}],"wp:featuredmedia":[{"embeddable":true,"href":"https:\/\/www.europesays.com\/fr\/wp-json\/wp\/v2\/media\/281414"}],"wp:attachment":[{"href":"https:\/\/www.europesays.com\/fr\/wp-json\/wp\/v2\/media?parent=363917"}],"wp:term":[{"taxonomy":"category","embeddable":true,"href":"https:\/\/www.europesays.com\/fr\/wp-json\/wp\/v2\/categories?post=363917"},{"taxonomy":"post_tag","embeddable":true,"href":"https:\/\/www.europesays.com\/fr\/wp-json\/wp\/v2\/tags?post=363917"}],"curies":[{"name":"wp","href":"https:\/\/api.w.org\/{rel}","templated":true}]}}