{"id":363918,"date":"2025-09-03T18:56:13","date_gmt":"2025-09-03T18:56:13","guid":{"rendered":"https:\/\/www.europesays.com\/fr\/363918\/"},"modified":"2025-09-03T18:56:13","modified_gmt":"2025-09-03T18:56:13","slug":"le-rappel-categorique-de-la-prefete-lors-de-la-commemoration-de-la-liberation-de-lyon","status":"publish","type":"post","link":"https:\/\/www.europesays.com\/fr\/363918\/","title":{"rendered":"le rappel cat\u00e9gorique de la pr\u00e9f\u00e8te\u00a0lors de la comm\u00e9moration de la Lib\u00e9ration de Lyon"},"content":{"rendered":"<p>\u00ab\u00a0C\u2019est \u00e0 un rendez-vous immanquable que nous sommes convi\u00e9s aujourd\u2019hui.\u00a0\u00bb \u00c0 l\u2019heure de c\u00e9l\u00e9brer le 81e anniversaire de la Lib\u00e9ration de Lyon, le maire \u00e9cologiste de Lyon, Gr\u00e9gory Doucet, prend le public \u00e0 partie et remercie les pr\u00e9sents pour leurs contributions, leurs sourires, leurs bienveillances et leur fid\u00e9lit\u00e9. Surprise, au premier rang, Jean-Michel Aulas, ex-patron de l\u2019OL, candidat toujours pas d\u00e9clar\u00e9 de la droite et du centre pour les municipales de Lyon &#8211; que l\u2019on ne se souvient pas vraiment avoir d\u00e9j\u00e0 vu assist\u00e9 \u00e0 pareille c\u00e9r\u00e9monie &#8211; semble&#8230;<\/p>\n","protected":false},"excerpt":{"rendered":"\u00ab\u00a0C\u2019est \u00e0 un rendez-vous immanquable que nous sommes convi\u00e9s aujourd\u2019hui.\u00a0\u00bb \u00c0 l\u2019heure de c\u00e9l\u00e9brer le 81e anniversaire de&hellip;\n","protected":false},"author":2,"featured_media":363919,"comment_status":"","ping_status":"","sticky":false,"template":"","format":"standard","meta":{"footnotes":""},"categories":[1889],"tags":[1111,11,2430,2757,1777,674,1011,27,937,2428,2756,12,25,2429,104],"class_list":{"0":"post-363918","1":"post","2":"type-post","3":"status-publish","4":"format-standard","5":"has-post-thumbnail","7":"category-lyon","8":"tag-actu","9":"tag-actualites","10":"tag-auvergne-rhone-alpes","11":"tag-edition-lyon-villeurbanne","12":"tag-eu","13":"tag-europe","14":"tag-fr","15":"tag-france","16":"tag-histoire","17":"tag-lyon","18":"tag-lyon-bassin","19":"tag-news","20":"tag-republique-francaise","21":"tag-rhone","22":"tag-societe"},"share_on_mastodon":{"url":"https:\/\/pubeurope.com\/@fr\/115141894662224396","error":""},"_links":{"self":[{"href":"https:\/\/www.europesays.com\/fr\/wp-json\/wp\/v2\/posts\/363918","targetHints":{"allow":["GET"]}}],"collection":[{"href":"https:\/\/www.europesays.com\/fr\/wp-json\/wp\/v2\/posts"}],"about":[{"href":"https:\/\/www.europesays.com\/fr\/wp-json\/wp\/v2\/types\/post"}],"author":[{"embeddable":true,"href":"https:\/\/www.europesays.com\/fr\/wp-json\/wp\/v2\/users\/2"}],"replies":[{"embeddable":true,"href":"https:\/\/www.europesays.com\/fr\/wp-json\/wp\/v2\/comments?post=363918"}],"version-history":[{"count":0,"href":"https:\/\/www.europesays.com\/fr\/wp-json\/wp\/v2\/posts\/363918\/revisions"}],"wp:featuredmedia":[{"embeddable":true,"href":"https:\/\/www.europesays.com\/fr\/wp-json\/wp\/v2\/media\/363919"}],"wp:attachment":[{"href":"https:\/\/www.europesays.com\/fr\/wp-json\/wp\/v2\/media?parent=363918"}],"wp:term":[{"taxonomy":"category","embeddable":true,"href":"https:\/\/www.europesays.com\/fr\/wp-json\/wp\/v2\/categories?post=363918"},{"taxonomy":"post_tag","embeddable":true,"href":"https:\/\/www.europesays.com\/fr\/wp-json\/wp\/v2\/tags?post=363918"}],"curies":[{"name":"wp","href":"https:\/\/api.w.org\/{rel}","templated":true}]}}