{"id":363924,"date":"2025-09-03T19:00:12","date_gmt":"2025-09-03T19:00:12","guid":{"rendered":"https:\/\/www.europesays.com\/fr\/363924\/"},"modified":"2025-09-03T19:00:12","modified_gmt":"2025-09-03T19:00:12","slug":"joeystarr-cambriole-le-butin-depasse-les-100-000-euros","status":"publish","type":"post","link":"https:\/\/www.europesays.com\/fr\/363924\/","title":{"rendered":"JoeyStarr cambriol\u00e9, le butin d\u00e9passe les 100.000 euros"},"content":{"rendered":"<p class=\"mb-4 text-lg md:leading-8 break-words\"><strong>larcin &#8211; Le domicile parisien du rappeur et acteur JoeyStarr a \u00e9t\u00e9 cambriol\u00e9 pour un pr\u00e9judice estim\u00e9 \u00e0 plus de 100.000 euros, avec notamment le vol de montres de luxe<\/strong><\/p>\n<p class=\"mb-4 text-lg md:leading-8 break-words\">Le domicile parisien du <a href=\"https:\/\/www.20minutes.fr\/dossier\/rappeur?at_medium=RSS%20feed&amp;at_campaign=ynews&amp;utm_source=yahoo&amp;utm_medium=rss&amp;utm_campaign=news_feed&amp;utm_content=in_article_link\" rel=\"nofollow noopener\" target=\"_blank\" data-ylk=\"slk:rappeur;elm:context_link;itc:0;sec:content-canvas\" class=\"link \">rappeur<\/a> et acteur <a href=\"https:\/\/www.20minutes.fr\/dossier\/joeystarr?at_medium=RSS%20feed&amp;at_campaign=ynews&amp;utm_source=yahoo&amp;utm_medium=rss&amp;utm_campaign=news_feed&amp;utm_content=in_article_link\" rel=\"nofollow noopener\" target=\"_blank\" data-ylk=\"slk:JoeyStarr;elm:context_link;itc:0;sec:content-canvas\" class=\"link \">JoeyStarr<\/a> a \u00e9t\u00e9 cambriol\u00e9, pour un pr\u00e9judice estim\u00e9 \u00e0 plus de 100.000 euros, a indiqu\u00e9 mercredi le parquet de Paris.<\/p>\n<p class=\"mb-4 text-lg md:leading-8 break-words\">Selon <a href=\"https:\/\/www.leparisien.fr\/faits-divers\/paris-joeystarr-cambriole-un-prejudice-estime-de-100-000-euros-en-montres-de-luxe-03-09-2025-YZS2TYNPKFGDRIVH5Z3GDU6IHM.php?ts=1756922413956&amp;at_medium=RSS%20feed&amp;at_campaign=ynews&amp;utm_source=yahoo&amp;utm_medium=rss&amp;utm_campaign=news_feed&amp;utm_content=in_article_link\" rel=\"nofollow noopener\" target=\"_blank\" data-ylk=\"slk:Le Parisien;elm:context_link;itc:0;sec:content-canvas\" class=\"link \">Le Parisien<\/a>, la star de 57 ans, a port\u00e9 plainte lundi. Il aurait d\u00e9clar\u00e9 s\u2019\u00eatre fait d\u00e9rober des montres de luxe. Didier Morville, de son vrai nom, se serait r\u00e9cemment install\u00e9 dans le 10e\u00a0arrondissement de Paris avec sa compagne, l\u2019actrice et mannequin Pauline Latchoumanin.<\/p>\n<p>De NTM aux nominations des C\u00e9sar<\/p>\n<p class=\"mb-4 text-lg md:leading-8 break-words\">\u00ab\u00a0La victime (a) constat\u00e9 la disparition d\u2019objets pour une valeur estim\u00e9e \u00e0 plus de 100.000 euros pendant son sommeil\u00a0\u00bb, a rapport\u00e9 le parquet, qui a confi\u00e9 une enqu\u00eate pour vol dans un local d\u2019habitation au deuxi\u00e8me district de police judiciaire.<\/p>\n<p class=\"mb-4 text-lg md:leading-8 break-words\">JoeyStarr a commenc\u00e9 sa carri\u00e8re musicale au d\u00e9but des ann\u00e9es\u00a01990 avec Kool Shen, formant un duo mythique du hip-hop fran\u00e7ais Supr\u00eame NTM. Il est ensuite devenu acteur, participant aux com\u00e9dies \u00ab\u00a0La Tour Montparnasse Infernale\u00a0\u00bb (2000) ou \u00ab\u00a0RRRrrrr\u00a0!!!\u00a0\u00bb (2004) avant d\u2019\u00eatre nomm\u00e9 \u00e0 deux reprises aux C\u00e9sar pour ses r\u00f4les dans les films de Ma\u00efwenn \u00ab\u00a0Le Bal des actrices\u00a0\u00bb (2009) et \u00ab\u00a0Polisse\u00a0\u00bb (2011).<\/p>\n<p class=\"mb-4 text-lg md:leading-8 break-words\"><a href=\"https:\/\/www.20minutes.fr\/faits_divers\/4171070-20250903-paris-joeystarr-cambriole-butin-depasse-100-000-euros?at_medium=RSS%20feed&amp;at_campaign=ynews&amp;utm_source=yahoo&amp;utm_medium=rss&amp;utm_campaign=news_feed&amp;utm_content=read_more_link&quot;\" rel=\"nofollow noopener\" target=\"_blank\" data-ylk=\"slk:Lire la suite sur 20minutes;elm:context_link;itc:0;sec:content-canvas\" class=\"link \">Lire la suite sur 20minutes<\/a><\/p>\n<p>\u00c0 lire aussi :<br \/><a href=\"https:\/\/www.20minutes.fr\/arts-stars\/people\/4140807-20250226-joeystarr-alle-consulter-apres-avoir-accuse-violence-fils-neuf-ans-ex-compagne?at_medium=RSS%20feed&amp;at_campaign=ynews&amp;utm_source=yahoo&amp;utm_medium=rss&amp;utm_campaign=news_feed&amp;utm_content=related_content_link\" rel=\"nofollow noopener\" target=\"_blank\" data-ylk=\"slk:JoeyStarr est \u00ab\u00a0all\u00e9 consulter\u00a0\u00bb apr\u00e8s avoir \u00e9t\u00e9 accus\u00e9 de violence sur son fils de neuf ans par son ex-compagne;elm:context_link;itc:0;sec:content-canvas\" class=\"link \">JoeyStarr est \u00ab\u00a0all\u00e9 consulter\u00a0\u00bb apr\u00e8s avoir \u00e9t\u00e9 accus\u00e9 de violence sur son fils de neuf ans par son ex-compagne<\/a><br \/><a href=\"https:\/\/www.20minutes.fr\/faits_divers\/4101073-20240712-paris-brigade-mineurs-enquete-rappeur-joeystarr?at_medium=RSS%20feed&amp;at_campaign=ynews&amp;utm_source=yahoo&amp;utm_medium=rss&amp;utm_campaign=news_feed&amp;utm_content=related_content_link\" rel=\"nofollow noopener\" target=\"_blank\" data-ylk=\"slk:Paris\u00a0: La brigade des mineurs enqu\u00eate sur le rappeur JoeyStarr;elm:context_link;itc:0;sec:content-canvas\" class=\"link \">Paris\u00a0: La brigade des mineurs enqu\u00eate sur le rappeur JoeyStarr<\/a><\/p>\n","protected":false},"excerpt":{"rendered":"larcin &#8211; Le domicile parisien du rappeur et acteur JoeyStarr a \u00e9t\u00e9 cambriol\u00e9 pour un pr\u00e9judice estim\u00e9 \u00e0&hellip;\n","protected":false},"author":2,"featured_media":363925,"comment_status":"","ping_status":"","sticky":false,"template":"","format":"standard","meta":{"footnotes":""},"categories":[1888],"tags":[49855,46427,1111,1928,11,1927,49856,49854,1777,674,1011,27,30290,16985,12,1926,626,1925,25],"class_list":{"0":"post-363924","1":"post","2":"type-post","3":"status-publish","4":"format-standard","5":"has-post-thumbnail","7":"category-paris","8":"tag-100-000","9":"tag-10e-arrondissement-de-paris","10":"tag-actu","11":"tag-actu-paris","12":"tag-actualites","13":"tag-actualites-paris","14":"tag-cambriole","15":"tag-didier-morville","16":"tag-eu","17":"tag-europe","18":"tag-fr","19":"tag-france","20":"tag-joeystarr","21":"tag-montres-de-luxe","22":"tag-news","23":"tag-news-paris","24":"tag-paris","25":"tag-paris-news","26":"tag-republique-francaise"},"share_on_mastodon":{"url":"https:\/\/pubeurope.com\/@fr\/115141910537380248","error":""},"_links":{"self":[{"href":"https:\/\/www.europesays.com\/fr\/wp-json\/wp\/v2\/posts\/363924","targetHints":{"allow":["GET"]}}],"collection":[{"href":"https:\/\/www.europesays.com\/fr\/wp-json\/wp\/v2\/posts"}],"about":[{"href":"https:\/\/www.europesays.com\/fr\/wp-json\/wp\/v2\/types\/post"}],"author":[{"embeddable":true,"href":"https:\/\/www.europesays.com\/fr\/wp-json\/wp\/v2\/users\/2"}],"replies":[{"embeddable":true,"href":"https:\/\/www.europesays.com\/fr\/wp-json\/wp\/v2\/comments?post=363924"}],"version-history":[{"count":0,"href":"https:\/\/www.europesays.com\/fr\/wp-json\/wp\/v2\/posts\/363924\/revisions"}],"wp:featuredmedia":[{"embeddable":true,"href":"https:\/\/www.europesays.com\/fr\/wp-json\/wp\/v2\/media\/363925"}],"wp:attachment":[{"href":"https:\/\/www.europesays.com\/fr\/wp-json\/wp\/v2\/media?parent=363924"}],"wp:term":[{"taxonomy":"category","embeddable":true,"href":"https:\/\/www.europesays.com\/fr\/wp-json\/wp\/v2\/categories?post=363924"},{"taxonomy":"post_tag","embeddable":true,"href":"https:\/\/www.europesays.com\/fr\/wp-json\/wp\/v2\/tags?post=363924"}],"curies":[{"name":"wp","href":"https:\/\/api.w.org\/{rel}","templated":true}]}}