{"id":363926,"date":"2025-09-03T19:01:12","date_gmt":"2025-09-03T19:01:12","guid":{"rendered":"https:\/\/www.europesays.com\/fr\/363926\/"},"modified":"2025-09-03T19:01:12","modified_gmt":"2025-09-03T19:01:12","slug":"joeystarr-et-sa-compagne-victimes-dun-cambriolage-a-six-chiffres-dans-leur-nouvel-appartement","status":"publish","type":"post","link":"https:\/\/www.europesays.com\/fr\/363926\/","title":{"rendered":"JoeyStarr et sa compagne victimes d&rsquo;un cambriolage \u00e0 six chiffres dans leur nouvel appartement"},"content":{"rendered":"<p>            Par<br \/>\n        <strong><br \/>\n            <a href=\"https:\/\/actu.fr\/auteur\/redaction-paris\" title=\"Consulter tous les articles de R\u00e9daction Paris\" target=\"_blank\" rel=\"noopener\">R\u00e9daction Paris<\/a><br \/>\n        <\/strong><\/p>\n<p>        Publi\u00e9 le<\/p>\n<p>            3 sept. 2025 \u00e0 20h22        <\/p>\n<p>Des <a href=\"https:\/\/actu.fr\/ile-de-france\/paris_75056\/paris-le-domicile-de-l-acteur-jonathan-cohen-vise-par-une-tentative-de-cambriolage_62200846.html\" target=\"_blank\" rel=\"noopener\">com\u00e9diens<\/a>, des <a href=\"https:\/\/actu.fr\/ile-de-france\/puteaux_92062\/hauts-de-seine-la-chanteuse-vitaa-et-sa-famille-victimes-d-un-home-jacking_60479658.html\" target=\"_blank\" rel=\"noopener\">chanteurs<\/a>, des <a href=\"https:\/\/actu.fr\/ile-de-france\/paris_75056\/paris-cinq-personnes-interpellees-apres-une-tentative-de-cambriolage-chez-anne-sophie-lapix_60592482.html\" target=\"_blank\" rel=\"noopener\">pr\u00e9sentateurs t\u00e9l\u00e9<\/a>, des <a href=\"https:\/\/actu.fr\/ile-de-france\/paris_75056\/braquage-de-kim-kardashian-a-paris-le-no-address-hotel-secret-des-stars-et-monument-historique_62613086.html\" target=\"_blank\" rel=\"noopener\">influenceurs<\/a>\u2026, voire des<a href=\"https:\/\/actu.fr\/ile-de-france\/nogent-sur-marne_94052\/cyril-gane-cambriole-dans-le-val-de-marne-le-principal-suspect-relaxe_60634305.html\" target=\"_blank\" rel=\"noopener\"> stars de MMA<\/a>\u2026 La liste des c\u00e9l\u00e9brit\u00e9s dont le domicile a \u00e9t\u00e9 vandalis\u00e9 \u00e0 <a href=\"https:\/\/actu.fr\/paris\/dernieres-actus\" target=\"_blank\" rel=\"noopener\">Paris<\/a> et dans sa r\u00e9gion est longue\u2026 Dernier en date \u00e0 avoir fait les frais d\u2019un cambriolage : <a href=\"https:\/\/actu.fr\/tag\/joey-starr\" target=\"_blank\" rel=\"noopener\">Joey Starr<\/a>. Le domicile du rappeur et acteur a en effet \u00e9t\u00e9 visit\u00e9, pour un pr\u00e9judice estim\u00e9 \u00e0 plus de 100\u2009000 euros, a indiqu\u00e9 ce mercredi 3 septembre 2025 le <a href=\"https:\/\/actu.fr\/tag\/tribunal-de-paris\" target=\"_blank\" rel=\"noopener\">parquet de Paris<\/a>, confirmant une information du <a href=\"https:\/\/www.leparisien.fr\/faits-divers\/paris-joeystarr-cambriole-un-prejudice-estime-de-100-000-euros-en-montres-de-luxe-03-09-2025-YZS2TYNPKFGDRIVH5Z3GDU6IHM.php\" target=\"_blank\" rel=\"noopener\">Parisien<\/a>.<\/p>\n<p>R\u00e9cemment install\u00e9s dans le 10e arrondissement<\/p>\n<p class=\" wall-content\">Selon le quotidien, la star de 57 ans, Didier Morville de son vrai nom, qui se serait r\u00e9cemment install\u00e9e dans le 10e arrondissement de la capitale avec sa compagne, l\u2019actrice et mannequin Pauline Latchoumanin, a port\u00e9 plainte lundi.\u00a0Il aurait d\u00e9clar\u00e9 s\u2019\u00eatre fait d\u00e9rober des montres de luxe.\u00a0<\/p>\n<p class=\" wall-content\">\u00ab\u2009La victime (a) constat\u00e9 la disparition d\u2019objets pour une valeur estim\u00e9e \u00e0 plus de 100\u2009000 euros pendant son sommeil\u2009\u00bb, a rapport\u00e9 le parquet, qui a ajout\u00e9 qu\u2019une enqu\u00eate pour vol dans un local d\u2019habitation \u00e9tait ouverte au deuxi\u00e8me district de police judiciaire.<\/p>\n<p class=\" wall-content\">JoeyStarr a commenc\u00e9 sa carri\u00e8re musicale au d\u00e9but des ann\u00e9es 1990 avec Kool Shen, formant un duo mythique du hip-hop fran\u00e7ais Supr\u00eame NTM. Il est ensuite devenu acteur, participant aux com\u00e9dies La Tour Montparnasse Infernale (2\u2009000) ou RRRrrrr\u2009!!! (2004) avant d\u2019\u00eatre nomm\u00e9 \u00e0 deux reprises aux C\u00e9sar pour ses r\u00f4les dans les films de Ma\u00efwenn Le Bal des actrices (2009) et Polisse (2011).<\/p>\n<p class=\" wall-content\">Avec AFP<\/p>\n<p class=\" wall-content\">Personnalisez votre actualit\u00e9 en ajoutant vos villes et m\u00e9dias en favori avec <a href=\"https:\/\/moncompte.actu.fr\" title=\"D\u00e9couvez Mon Actu\" rel=\"nofollow noopener\" data-trk=\"{&quot;cta&quot;:{&quot;action&quot;:&quot;https:\\\/\\\/moncompte.actu.fr&quot;,&quot;category&quot;:&quot;mon compte&quot;,&quot;from&quot;:&quot;article footer&quot;,&quot;name&quot;:&quot;Mon actu&quot;,&quot;type&quot;:&quot;cta&quot;}}\" target=\"_blank\">Mon Actu<\/a>.<\/p>\n","protected":false},"excerpt":{"rendered":"Par R\u00e9daction Paris Publi\u00e9 le 3 sept. 2025 \u00e0 20h22 Des com\u00e9diens, des chanteurs, des pr\u00e9sentateurs t\u00e9l\u00e9, des&hellip;\n","protected":false},"author":2,"featured_media":363927,"comment_status":"","ping_status":"","sticky":false,"template":"","format":"standard","meta":{"footnotes":""},"categories":[1888],"tags":[11,1174,1777,674,118,1011,27,30528,12,626,1072,25],"class_list":{"0":"post-363926","1":"post","2":"type-post","3":"status-publish","4":"format-standard","5":"has-post-thumbnail","7":"category-paris","8":"tag-actualites","9":"tag-cambriolage","10":"tag-eu","11":"tag-europe","12":"tag-faits-divers","13":"tag-fr","14":"tag-france","15":"tag-joey-starr","16":"tag-news","17":"tag-paris","18":"tag-police","19":"tag-republique-francaise"},"share_on_mastodon":{"url":"https:\/\/pubeurope.com\/@fr\/115141914644816493","error":""},"_links":{"self":[{"href":"https:\/\/www.europesays.com\/fr\/wp-json\/wp\/v2\/posts\/363926","targetHints":{"allow":["GET"]}}],"collection":[{"href":"https:\/\/www.europesays.com\/fr\/wp-json\/wp\/v2\/posts"}],"about":[{"href":"https:\/\/www.europesays.com\/fr\/wp-json\/wp\/v2\/types\/post"}],"author":[{"embeddable":true,"href":"https:\/\/www.europesays.com\/fr\/wp-json\/wp\/v2\/users\/2"}],"replies":[{"embeddable":true,"href":"https:\/\/www.europesays.com\/fr\/wp-json\/wp\/v2\/comments?post=363926"}],"version-history":[{"count":0,"href":"https:\/\/www.europesays.com\/fr\/wp-json\/wp\/v2\/posts\/363926\/revisions"}],"wp:featuredmedia":[{"embeddable":true,"href":"https:\/\/www.europesays.com\/fr\/wp-json\/wp\/v2\/media\/363927"}],"wp:attachment":[{"href":"https:\/\/www.europesays.com\/fr\/wp-json\/wp\/v2\/media?parent=363926"}],"wp:term":[{"taxonomy":"category","embeddable":true,"href":"https:\/\/www.europesays.com\/fr\/wp-json\/wp\/v2\/categories?post=363926"},{"taxonomy":"post_tag","embeddable":true,"href":"https:\/\/www.europesays.com\/fr\/wp-json\/wp\/v2\/tags?post=363926"}],"curies":[{"name":"wp","href":"https:\/\/api.w.org\/{rel}","templated":true}]}}