{"id":363928,"date":"2025-09-03T19:02:12","date_gmt":"2025-09-03T19:02:12","guid":{"rendered":"https:\/\/www.europesays.com\/fr\/363928\/"},"modified":"2025-09-03T19:02:12","modified_gmt":"2025-09-03T19:02:12","slug":"date-de-mise-en-vente-des-billets-et-prix-annonces","status":"publish","type":"post","link":"https:\/\/www.europesays.com\/fr\/363928\/","title":{"rendered":"Date de mise en vente des billets et prix annonc\u00e9s"},"content":{"rendered":"<p>Il a pris tout le monde par surprise. Ce mercredi 3\u00a0septembre, Ed Sheeran a \u00e9gay\u00e9 la rentr\u00e9e de ses fans fran\u00e7ais en annon\u00e7ant une tourn\u00e9e surprise \u00ab\u00a0des petites salles\u00a0\u00bb, dont le premier concert sera \u00e0 Paris. Alors que son prochain album, \u00ab\u00a0Play\u00a0\u00bb sortira le 12\u00a0septembre prochain, la star britannique sera de retour dans la Ville Lumi\u00e8re avec un concert au Z\u00e9nith de la Villette (6000 places) le lundi 1er\u00a0d\u00e9cembre prochain.<\/p>\n<p>La pr\u00e9vente le 9\u00a0septembre, la vente deux jours plus tard<\/p>\n<p>M\u00eame si la vente des billets pour assister au concert d\u2019Ed Sheeran \u00e0 Paris n\u2019est pr\u00e9vue que le jeudi 11\u00a0septembre \u00e0 11 heures, une pr\u00e9vente sera organis\u00e9e d\u00e8s le mardi 9\u00a0septembre \u00e0 11 heures pour ceux qui ont achet\u00e9 son album.<\/p>\n<p>Pour ceux qui sont int\u00e9ress\u00e9s, prenez en compte que le concert aura lieu un lundi soir. Sur les r\u00e9seaux sociaux, cette d\u00e9cision a d\u2019ailleurs chagrin\u00e9 certains fans.<\/p>\n<p class=\"mb-xxl@xs color-ultramarine font-weight-semi-bold@xs font-source-serif-pro heading-s@xs\">L\u2019acc\u00e8s \u00e0 ce contenu a \u00e9t\u00e9 bloqu\u00e9 afin de respecter votre choix de consentement<\/p>\n<p class=\"mb-m@xs text-l@xs\">En cliquant sur\u00ab J\u2019accepte \u00bb, vous acceptez le d\u00e9p\u00f4t de cookies par des services externes et aurez ainsi acc\u00e8s aux contenus de nos partenaires.<\/p>\n<p class=\"mb-xl@xs text-s@xs\">Plus d\u2019informations sur la page<a href=\"https:\/\/www.20minutes.fr\/gestion-cookies\" class=\"mx-xxs@xs color-ultramarine\" target=\"_blank\" rel=\"noopener\">Politique de gestion des cookies<\/a><\/p>\n<p>J\u2019acceptePlay, son nouvel album, sortira le 12\u00a0septembre<\/p>\n<p>Apr\u00e8s Paris, Ed Sheeran mettra le cap sur <a href=\"https:\/\/www.20minutes.fr\/dossier\/munich\" class=\"c-link c-link--is-underlined\" target=\"_blank\" rel=\"noopener\">Munich<\/a> (<a href=\"https:\/\/www.20minutes.fr\/dossier\/allemagne\" class=\"c-link c-link--is-underlined\" target=\"_blank\" rel=\"noopener\">Allemagne<\/a>), Coventry (Angleterre), <a href=\"https:\/\/www.20minutes.fr\/dossier\/manchester\" class=\"c-link c-link--is-underlined\" target=\"_blank\" rel=\"noopener\">Manchester<\/a> (<a href=\"https:\/\/www.20minutes.fr\/dossier\/angleterre\" class=\"c-link c-link--is-underlined\" target=\"_blank\" rel=\"noopener\">Angleterre<\/a>) et <a href=\"https:\/\/www.20minutes.fr\/dossier\/dublin\" class=\"c-link c-link--is-underlined\" target=\"_blank\" rel=\"noopener\">Dublin<\/a> (<a href=\"https:\/\/www.20minutes.fr\/dossier\/irlande\" class=\"c-link c-link--is-underlined\" target=\"_blank\" rel=\"noopener\">Irlande<\/a>). Cette tourn\u00e9e de cinq dates exceptionnelles permettra aux fans de d\u00e9couvrir les nouvelles chansons de l\u2019album du chanteur du Yorkshire interpr\u00e9t\u00e9es sur sc\u00e8ne.<\/p>\n<p>La derni\u00e8re fois que le Britannique \u00e9tait venu dans la capitale, c\u2019\u00e9tait lors de sa tourn\u00e9e de\u00a02023. Cette ann\u00e9e en juin, il s\u2019est produit sur sc\u00e8ne \u00e0 Marseille, durant deux concerts. Il a notamment chant\u00e9 son tube \u00ab\u00a0Saphhire\u00a0\u00bb avec la star locale, <a href=\"https:\/\/www.20minutes.fr\/dossier\/soprano\" class=\"c-link c-link--is-underlined\" target=\"_blank\" rel=\"noopener\">Soprano<\/a>. Le stade Pierre-Mauroy, pr\u00e8s de Lille, avait \u00e9galement vibr\u00e9 lors d\u2019un concert du chanteur-guitariste \u00e0 succ\u00e8s, \u00e9galement au mois de juin dernier. Pierre Garnier avait accompagn\u00e9 Ed Sheeran le temps d&rsquo;une chanson.<\/p>\n","protected":false},"excerpt":{"rendered":"Il a pris tout le monde par surprise. Ce mercredi 3\u00a0septembre, Ed Sheeran a \u00e9gay\u00e9 la rentr\u00e9e de&hellip;\n","protected":false},"author":2,"featured_media":363929,"comment_status":"","ping_status":"","sticky":false,"template":"","format":"standard","meta":{"footnotes":""},"categories":[1888],"tags":[11,1697,9472,1777,674,1011,27,873,12,626,10044,25,5896],"class_list":{"0":"post-363928","1":"post","2":"type-post","3":"status-publish","4":"format-standard","5":"has-post-thumbnail","7":"category-paris","8":"tag-actualites","9":"tag-concert","10":"tag-ed-sheeran","11":"tag-eu","12":"tag-europe","13":"tag-fr","14":"tag-france","15":"tag-musique","16":"tag-news","17":"tag-paris","18":"tag-pop","19":"tag-republique-francaise","20":"tag-tempo"},"share_on_mastodon":{"url":"https:\/\/pubeurope.com\/@fr\/115141918349645072","error":""},"_links":{"self":[{"href":"https:\/\/www.europesays.com\/fr\/wp-json\/wp\/v2\/posts\/363928","targetHints":{"allow":["GET"]}}],"collection":[{"href":"https:\/\/www.europesays.com\/fr\/wp-json\/wp\/v2\/posts"}],"about":[{"href":"https:\/\/www.europesays.com\/fr\/wp-json\/wp\/v2\/types\/post"}],"author":[{"embeddable":true,"href":"https:\/\/www.europesays.com\/fr\/wp-json\/wp\/v2\/users\/2"}],"replies":[{"embeddable":true,"href":"https:\/\/www.europesays.com\/fr\/wp-json\/wp\/v2\/comments?post=363928"}],"version-history":[{"count":0,"href":"https:\/\/www.europesays.com\/fr\/wp-json\/wp\/v2\/posts\/363928\/revisions"}],"wp:featuredmedia":[{"embeddable":true,"href":"https:\/\/www.europesays.com\/fr\/wp-json\/wp\/v2\/media\/363929"}],"wp:attachment":[{"href":"https:\/\/www.europesays.com\/fr\/wp-json\/wp\/v2\/media?parent=363928"}],"wp:term":[{"taxonomy":"category","embeddable":true,"href":"https:\/\/www.europesays.com\/fr\/wp-json\/wp\/v2\/categories?post=363928"},{"taxonomy":"post_tag","embeddable":true,"href":"https:\/\/www.europesays.com\/fr\/wp-json\/wp\/v2\/tags?post=363928"}],"curies":[{"name":"wp","href":"https:\/\/api.w.org\/{rel}","templated":true}]}}