{"id":363930,"date":"2025-09-03T19:03:10","date_gmt":"2025-09-03T19:03:10","guid":{"rendered":"https:\/\/www.europesays.com\/fr\/363930\/"},"modified":"2025-09-03T19:03:10","modified_gmt":"2025-09-03T19:03:10","slug":"portrait-de-robert-fico-dirigeant-europeen-proche-de-la-russie","status":"publish","type":"post","link":"https:\/\/www.europesays.com\/fr\/363930\/","title":{"rendered":"Portrait de Robert Fico, dirigeant europ\u00e9en proche de la Russie"},"content":{"rendered":"<p>Il est apparu radieux au milieu du parterre de dirigeants, serrant longuement la main de <a href=\"https:\/\/www.lejdd.fr\/international\/quel-bilan-de-la-visite-de-xi-jinping-en-france-145016\" target=\"_blank\" rel=\"nofollow noopener\">Xi Jinping<\/a>. Ce mercredi 3 septembre \u00e0 P\u00e9kin, Robert Fico a marqu\u00e9 les esprits : le Premier ministre slovaque \u00e9tait le seul dirigeant de l\u2019Union europ\u00e9enne convi\u00e9 au plus grand d\u00e9fil\u00e9 militaire jamais organis\u00e9 par la R\u00e9publique populaire, o\u00f9 les troupes ont d\u00e9fil\u00e9 au pas cadenc\u00e9 sur la place Tian\u2019anmen pendant plus d\u2019une heure.<\/p>\n<p>D\u00e9j\u00e0 aper\u00e7u le 9 mai dernier aux c\u00f4t\u00e9s de Vladimir Poutine lors du \u00ab d\u00e9fil\u00e9 de la victoire \u00bb \u00e0 Moscou, c\u00e9l\u00e9brant les 80 ans de la capitulation nazie, Robert Fico n\u2019a jamais dissimul\u00e9 sa proximit\u00e9 avec le ma\u00eetre du Kremlin. Cette semaine encore, il s\u2019est affich\u00e9 au sommet de l\u2019Organisation de coop\u00e9ration de Shangha\u00ef, aux c\u00f4t\u00e9s des alli\u00e9s strat\u00e9giques et commerciaux de la Russie.<\/p>\n<p>    La suite apr\u00e8s cette publicit\u00e9<\/p>\n<p>\u00c2g\u00e9 de soixante ans, <a href=\"https:\/\/www.lejdd.fr\/International\/slovaquie-le-premier-ministre-robert-fico-songe-a-quitter-lotan-159318\" target=\"_blank\" rel=\"nofollow noopener\">Robert Fico<\/a> a connu une carri\u00e8re politique en dents de scie. Fondateur en 1999 du parti SMER-social-d\u00e9mocratie (SMER-SD), il a occup\u00e9 \u00e0 trois reprises le poste de Premier ministre : de 2006 \u00e0 2010, de 2012 \u00e0 2018, puis depuis 2023. En 2010, malgr\u00e9 sa victoire aux l\u00e9gislatives, il doit d\u00e9missionner apr\u00e8s la mise en minorit\u00e9 de son camp au Conseil national slovaque, le Parlement du pays. Rebelote en 2018 : r\u00e9\u00e9lu deux ans plus t\u00f4t, il quitte le pouvoir dans le tumulte provoqu\u00e9 par l\u2019assassinat du journaliste Jan Kuciak, qui enqu\u00eatait sur des soup\u00e7ons de fraude fiscale visant l\u2019homme d\u2019affaires Marian Kocner, proche de Fico et qui avait publiquement menac\u00e9 le reporter.<\/p>\n<p>    La suite apr\u00e8s cette publicit\u00e9<\/p>\n<p>Virage russophile<\/p>\n<p>Revenu en gr\u00e2ce \u00e0 l\u2019automne 2023, victorieux des l\u00e9gislatives anticip\u00e9es \u00e0 la t\u00eate d\u2019une coalition de populistes et de nationalistes, Fico op\u00e8re un virage politique complet, d\u00e9sormais marqu\u00e9 par un alignement pro-russe assum\u00e9. \u00ab Il est un agent du r\u00e9gime fasciste et imp\u00e9rialiste \u00e0 Moscou. Rien d\u2019autre que l\u2019idiot le plus utile de Poutine en Europe \u00bb, d\u00e9non\u00e7ait dans Le Figaro l\u2019ancien ministre slovaque des Affaires \u00e9trang\u00e8res Rastislav Kacer.<\/p>\n<p>Ses positions polarisent au point de nourrir une hostilit\u00e9 croissante. Le 15 mai 2024, il est gri\u00e8vement bless\u00e9 de quatre balles lors d\u2019une <a href=\"https:\/\/www.lejdd.fr\/international\/slovaquie-le-premier-ministre-robert-fico-blesse-dans-une-fusillade-145218\" target=\"_blank\" rel=\"nofollow noopener\">tentative d\u2019assassinat<\/a>, perp\u00e9tr\u00e9e par un po\u00e8te, Jaraj Chintula, qui revendiquait son opposition \u00e0 la politique de Fico.<\/p>\n<p>    La suite apr\u00e8s cette publicit\u00e9<\/p>\n<p>    La suite apr\u00e8s cette publicit\u00e9<\/p>\n<p>Hostilit\u00e9 \u00e0 l\u2019OTAN et \u00e0 l\u2019Ukraine<\/p>\n<p>Le chef du gouvernement slovaque accompagne son rapprochement avec Moscou d\u2019une hostilit\u00e9 ouverte \u00e0 l\u2019Ukraine et \u00e0 ses alli\u00e9s. En d\u00e9cembre 2024, il annonce la suspension de <a href=\"https:\/\/www.lejdd.fr\/International\/guerre-en-ukraine-donald-trump-suspend-laide-militaire-americaine-pour-faire-pression-sur-volodymyr-zelensky-155607\" target=\"_blank\" rel=\"nofollow noopener\">l\u2019aide militaire de son pays \u00e0 Kiev<\/a>, en repr\u00e9sailles au refus ukrainien de renouveler le contrat de transit du gaz russe vers l\u2019Europe, dont Bratislava d\u00e9pend largement. Partisan d\u2019un \u00ab cessez-le-feu imm\u00e9diat \u00bb, il ne cesse de fustiger la position des Europ\u00e9ens. Cons\u00e9quence : son parti est suspendu du Parti socialiste europ\u00e9en (PSE).<\/p>\n<p>Le 18 juin dernier, Fico a franchi une nouvelle \u00e9tape en \u00e9voquant un possible retrait de la Slovaquie de l\u2019OTAN, assurant sur Facebook que \u00ab la neutralit\u00e9 conviendrait \u00e0 la Slovaquie \u00bb. Il s\u2019oppose frontalement aux exigences de Donald Trump, qui presse Europ\u00e9ens et Canadiens de consacrer 5 % de leur PIB aux d\u00e9penses de l\u2019Alliance atlantique, objectif ent\u00e9rin\u00e9 lors du sommet de La Haye le 25 juin.<\/p>\n<p>Pour autant, Fico aime se pr\u00e9senter comme un b\u00e2tisseur de ponts entre l\u2019Est et l\u2019Ouest. \u00ab Si quelqu\u2019un construit un nouveau rideau de fer, je vous garantis que je prendrai une scie \u00e0 m\u00e9taux \u00bb, lan\u00e7ait-il le 4 mai dernier, quelques jours avant d\u2019appara\u00eetre aux comm\u00e9morations du 9 mai \u00e0 Moscou. Mais alors que P\u00e9kin et Moscou resserrent leurs liens, que la promesse de sommet tripartite Trump-Poutine-Zelensky est au point mort, et que l\u2019Europe reste marginalis\u00e9e dans les n\u00e9gociations sur l\u2019Ukraine, l\u2019attitude de Fico ressemble bien plus \u00e0 un pas unique vers l\u2019Est qu\u2019\u00e0 une main tendue aux deux blocs.<\/p>\n","protected":false},"excerpt":{"rendered":"Il est apparu radieux au milieu du parterre de dirigeants, serrant longuement la main de Xi Jinping. Ce&hellip;\n","protected":false},"author":2,"featured_media":363931,"comment_status":"","ping_status":"","sticky":false,"template":"","format":"standard","meta":{"footnotes":""},"categories":[1591],"tags":[11,1887,12,1885,1886,132],"class_list":{"0":"post-363930","1":"post","2":"type-post","3":"status-publish","4":"format-standard","5":"has-post-thumbnail","7":"category-russie","8":"tag-actualites","9":"tag-federation-de-russie","10":"tag-news","11":"tag-russia","12":"tag-russian-federation","13":"tag-russie"},"share_on_mastodon":{"url":"https:\/\/pubeurope.com\/@fr\/115141922242568418","error":""},"_links":{"self":[{"href":"https:\/\/www.europesays.com\/fr\/wp-json\/wp\/v2\/posts\/363930","targetHints":{"allow":["GET"]}}],"collection":[{"href":"https:\/\/www.europesays.com\/fr\/wp-json\/wp\/v2\/posts"}],"about":[{"href":"https:\/\/www.europesays.com\/fr\/wp-json\/wp\/v2\/types\/post"}],"author":[{"embeddable":true,"href":"https:\/\/www.europesays.com\/fr\/wp-json\/wp\/v2\/users\/2"}],"replies":[{"embeddable":true,"href":"https:\/\/www.europesays.com\/fr\/wp-json\/wp\/v2\/comments?post=363930"}],"version-history":[{"count":0,"href":"https:\/\/www.europesays.com\/fr\/wp-json\/wp\/v2\/posts\/363930\/revisions"}],"wp:featuredmedia":[{"embeddable":true,"href":"https:\/\/www.europesays.com\/fr\/wp-json\/wp\/v2\/media\/363931"}],"wp:attachment":[{"href":"https:\/\/www.europesays.com\/fr\/wp-json\/wp\/v2\/media?parent=363930"}],"wp:term":[{"taxonomy":"category","embeddable":true,"href":"https:\/\/www.europesays.com\/fr\/wp-json\/wp\/v2\/categories?post=363930"},{"taxonomy":"post_tag","embeddable":true,"href":"https:\/\/www.europesays.com\/fr\/wp-json\/wp\/v2\/tags?post=363930"}],"curies":[{"name":"wp","href":"https:\/\/api.w.org\/{rel}","templated":true}]}}