{"id":363932,"date":"2025-09-03T19:04:13","date_gmt":"2025-09-03T19:04:13","guid":{"rendered":"https:\/\/www.europesays.com\/fr\/363932\/"},"modified":"2025-09-03T19:04:13","modified_gmt":"2025-09-03T19:04:13","slug":"lukraine-recevra-certainement-de-garanties-de-securite","status":"publish","type":"post","link":"https:\/\/www.europesays.com\/fr\/363932\/","title":{"rendered":"L&rsquo;Ukraine recevra certainement de garanties de s\u00e9curit\u00e9"},"content":{"rendered":"<p>L&rsquo;Ukraine recevra certainement de garanties de s\u00e9curit\u00e9, qui seront le r\u00e9sultat de la r\u00e9union de la Coalition des volontaires.<\/p>\n<p style=\"text-align: justify;\">C&rsquo;est ce qu&rsquo;a d\u00e9clar\u00e9 le pr\u00e9sident ukrainien Volodymyr Zelensky lors d&rsquo;une conf\u00e9rence de presse conjointe avec le pr\u00e9sident fran\u00e7ais Emmanuel Macron, rapporte le correspondant d&rsquo;Ukrinform.<\/p>\n<p style=\"text-align: justify;\">\u00ab Je crois fermement en la Coalition des volontaires, pr\u00e9sid\u00e9e par vous (Emmanuel Macron, ndlr) et Keir Starmer, et vous avez r\u00e9uni plus de 30 pays. Et j&rsquo;esp\u00e8re sinc\u00e8rement qu&rsquo;aujourd&rsquo;hui, nous aurons une conversation bilat\u00e9rale, une r\u00e9union bilat\u00e9rale et une r\u00e9union avec nos \u00e9quipes. Demain, nous aurons une Coalition des volontaires. Je ne sais pas quel jour cela se produira, mais cela se produira certainement, sera des garanties de s\u00e9curit\u00e9 pour l&rsquo;Ukraine. C&rsquo;est tr\u00e8s important. Une arm\u00e9e ukrainienne forte, des garanties de s\u00e9curit\u00e9 pour les gens, pour nos familles. Je n&rsquo;y crois pas seulement, nous y travaillons tous \u00bb, a soulign\u00e9 M. Zelensky.<\/p>\n<p style=\"text-align: justify;\">Le chef de l&rsquo;\u00c9tat a remerci\u00e9 personnellement le pr\u00e9sident fran\u00e7ais et le peuple fran\u00e7ais pour leur soutien dans la lutte contre l&rsquo;agression russe, et a \u00e9galement soulign\u00e9 la n\u00e9cessit\u00e9 d&rsquo;augmenter la pression de l&rsquo;Ukraine, de l&rsquo;Europe et des \u00c9tats-Unis afin de parvenir \u00e0 une solution diplomatique pour mettre fin \u00e0 la guerre.<\/p>\n<p style=\"text-align: justify;\">\u00ab La France a toujours \u00e9t\u00e9 parmi les leaders, et je vous en suis tr\u00e8s reconnaissant. Aujourd&rsquo;hui, nous sommes \u00e0 un moment o\u00f9 la France, comme d&rsquo;autres pays, souhaite r\u00e9ellement se rapprocher autant que possible de la paix. Malheureusement, nous ne voyons pour l&rsquo;instant aucun signe de la part de la Russie indiquant qu&rsquo;elle souhaite mettre fin \u00e0 la guerre. Mais je suis convaincu que notre alliance, l&rsquo;alliance avant tout de l&rsquo;Europe, qui est avec nous depuis le d\u00e9but de la guerre, et l&rsquo;alliance de l&rsquo;Europe avec l&rsquo;Am\u00e9rique nous aideront \u00e0 accro\u00eetre la pression sur la Russie afin de parvenir \u00e0 une solution diplomatique \u00e0 cette question complexe \u00bb, a d\u00e9clar\u00e9 Zelensky.<\/p>\n<\/p>\n<p style=\"text-align: justify;\">Le pr\u00e9sident a remerci\u00e9 s\u00e9par\u00e9ment la France pour les syst\u00e8mes de d\u00e9fense a\u00e9rienne fournis, qui aident chaque jour \u00e0 prot\u00e9ger l&rsquo;Ukraine contre les frappes de missiles russes.<\/p>\n<p style=\"text-align: justify;\">De son c\u00f4t\u00e9, le pr\u00e9sident fran\u00e7ais Emmanuel Macron a assur\u00e9 que la coalition des volontaires \u00e9tait pr\u00eate \u00e0 fournir \u00e0 l&rsquo;Ukraine toutes les garanties de s\u00e9curit\u00e9 n\u00e9cessaires.<\/p>\n<p style=\"text-align: justify;\">\u00ab Nous rencontrons le pr\u00e9sident ukrainien \u00e0 la veille du sommet de la coalition. Demain, plusieurs dirigeants europ\u00e9ens se joindront \u00e0 nous, et le travail accompli apr\u00e8s le sommet de Washington \u00e0 la mi-ao\u00fbt par tous nos chefs d&rsquo;\u00e9tat-major sera ent\u00e9rin\u00e9 au niveau des chefs d&rsquo;\u00c9tat et de gouvernement \u00bb, a indiqu\u00e9 M. Macron.<\/p>\n<p style=\"text-align: justify;\">Il a ajout\u00e9 que tout le travail accompli lui permettait d&rsquo;affirmer que les Europ\u00e9ens \u00e9taient pr\u00eats \u00e0 fournir des garanties de s\u00e9curit\u00e9 \u00e0 l&rsquo;Ukraine.<\/p>\n<p><img loading=\"lazy\" decoding=\"async\" alt=\"\" height=\"608\" src=\"https:\/\/www.europesays.com\/fr\/wp-content\/uploads\/2025\/09\/1756919959-910.jpeg\" title=\"\" width=\"1080\"\/><\/p>\n<p style=\"text-align: justify;\">Pour rappel, le pr\u00e9sident ukrainien Volodymyr Zelensky est arriv\u00e9 \u00e0 Paris pour une rencontre bilat\u00e9rale avec le pr\u00e9sident fran\u00e7ais Emmanuel Macron et pour des n\u00e9gociations ult\u00e9rieures dans le cadre de la Coalition des volontaires.<\/p>\n","protected":false},"excerpt":{"rendered":"L&rsquo;Ukraine recevra certainement de garanties de s\u00e9curit\u00e9, qui seront le r\u00e9sultat de la r\u00e9union de la Coalition des&hellip;\n","protected":false},"author":2,"featured_media":363933,"comment_status":"","ping_status":"","sticky":false,"template":"","format":"standard","meta":{"footnotes":""},"categories":[1590],"tags":[11,1777,674,12,220],"class_list":{"0":"post-363932","1":"post","2":"type-post","3":"status-publish","4":"format-standard","5":"has-post-thumbnail","7":"category-ukraine","8":"tag-actualites","9":"tag-eu","10":"tag-europe","11":"tag-news","12":"tag-ukraine"},"share_on_mastodon":{"url":"https:\/\/pubeurope.com\/@fr\/115141926674815413","error":""},"_links":{"self":[{"href":"https:\/\/www.europesays.com\/fr\/wp-json\/wp\/v2\/posts\/363932","targetHints":{"allow":["GET"]}}],"collection":[{"href":"https:\/\/www.europesays.com\/fr\/wp-json\/wp\/v2\/posts"}],"about":[{"href":"https:\/\/www.europesays.com\/fr\/wp-json\/wp\/v2\/types\/post"}],"author":[{"embeddable":true,"href":"https:\/\/www.europesays.com\/fr\/wp-json\/wp\/v2\/users\/2"}],"replies":[{"embeddable":true,"href":"https:\/\/www.europesays.com\/fr\/wp-json\/wp\/v2\/comments?post=363932"}],"version-history":[{"count":0,"href":"https:\/\/www.europesays.com\/fr\/wp-json\/wp\/v2\/posts\/363932\/revisions"}],"wp:featuredmedia":[{"embeddable":true,"href":"https:\/\/www.europesays.com\/fr\/wp-json\/wp\/v2\/media\/363933"}],"wp:attachment":[{"href":"https:\/\/www.europesays.com\/fr\/wp-json\/wp\/v2\/media?parent=363932"}],"wp:term":[{"taxonomy":"category","embeddable":true,"href":"https:\/\/www.europesays.com\/fr\/wp-json\/wp\/v2\/categories?post=363932"},{"taxonomy":"post_tag","embeddable":true,"href":"https:\/\/www.europesays.com\/fr\/wp-json\/wp\/v2\/tags?post=363932"}],"curies":[{"name":"wp","href":"https:\/\/api.w.org\/{rel}","templated":true}]}}