{"id":363934,"date":"2025-09-03T19:05:20","date_gmt":"2025-09-03T19:05:20","guid":{"rendered":"https:\/\/www.europesays.com\/fr\/363934\/"},"modified":"2025-09-03T19:05:20","modified_gmt":"2025-09-03T19:05:20","slug":"usa-lactivite-economique-et-lemploi-ont-peu-evolue-ces-dernieres-semaines-livre-beige","status":"publish","type":"post","link":"https:\/\/www.europesays.com\/fr\/363934\/","title":{"rendered":"USA-L&rsquo;activit\u00e9 \u00e9conomique et l&#8217;emploi ont peu \u00e9volu\u00e9 ces derni\u00e8res semaines-Livre beige"},"content":{"rendered":"<td class=\"is__realtime px-5\">\n<tr wp_automatic_readability=\"2\">\n<td colspan=\"3\" class=\"is__realtime-quality js-next-event-quotes\" data-next-event=\"2025-09-03T01:59:58+02:00\">\n<p>                                                    Temps r\u00e9el estim\u00e9<br \/>\n                                            TTMZero<\/p>\n<p>21:05:05 03\/09\/2025<\/p>\n<\/td>\n<td class=\"txt-align-center is__realtime-quality c-none cm-table\">\n                            Varia. 5j.\n                        <\/td>\n<td class=\"txt-align-center is__realtime-quality\">\n                            Varia. 1 janv.\n                        <\/td>\n<\/tr>\n<tr>\n<td class=\"txt-s7 is__realtime-last txt-align-left\">\n<p>1,1659                        USD\n                                    <\/td>\n<td class=\"txt-s7 is__realtime-var txt-align-left\">\n                                             +0,23%\n                                    <\/td>\n<td class=\"table-child--middle c-none cs-table table-child--no-pad\">\n                                                <img loading=\"lazy\" decoding=\"async\" style=\"vertical-align: middle\" width=\"120\" height=\"45\" alt=\"Graphique intraday de Euro \/ US Dollar (EUR\/USD)\" src=\"https:\/\/www.zonebourse.com\/zbcache\/charts\/ObjectChart.aspx?Name=4591&amp;Type=Intraday&amp;Width=120&amp;Height=45&amp;ShowAxis=0&amp;DTstart=2025-09-03&amp;Render=Line&amp;BottomMargin=3&amp;TopMargin=5&amp;Prev=1.16326&amp;TIMEZONE=Europe\/Paris\" onerror=\"this.style.display='none'\"\/>                    <\/td>\n<td class=\"txt-s4 txt-align-center c-none cm-table\">\n                             +0,14%\n                        <\/td>\n<td class=\"txt-s4 txt-align-center\">\n                                                             +12,66%\n                                                    <\/td>\n<\/tr>\n<p class=\"m-0 txt-s1\">Publi\u00e9 le 03\/09\/2025<br \/>\n            \u00e0 20:46<\/p>\n<p>\n                                            Reuters\n                                                        <\/p>\n<p><img decoding=\"async\" src=\"https:\/\/www.europesays.com\/fr\/wp-content\/uploads\/2025\/09\/2016-11-28T101606Z_1_LYNXMPECAR0F3_RTROPTP_2_GERMANY-BUSINESS.JPG\" alt=\"USA-L'activit\u00e9 \u00e9conomique et l'emploi ont peu \u00e9volu\u00e9 ces derni\u00e8res semaines-Livre beige\" class=\"w-100 media--169 \" data-zoomable=\"true\" data-zoomable-url=\"\/images\/reuters\/2016-11-28T101606Z_1_LYNXMPECAR0F3_RTROPTP_2_GERMANY-BUSINESS.JPG\"\/>]]]]>]]><\/p>\n<p>D\u00e9bloquer l&rsquo;article : INSCRIVEZ-VOUS !<\/p>\n<p><img decoding=\"async\" src=\"https:\/\/www.europesays.com\/fr\/wp-content\/uploads\/2025\/04\/reuters.jpg\" alt=\"Reuters logo\" class=\"c-block ml-auto\"\/><br \/>\n                    \u00a9 Reuters &#8211; 2025<\/p>\n<tr class=\"\" wp_automatic_readability=\"0.17821782178218\">\n<td class=\"w-100\"><a href=\"https:\/\/ch.zonebourse.com\/actualite-bourse\/usa-l-activite-economique-et-l-emploi-ont-peu-evolue-ces-dernieres-semaines-livre-beige-ce7d59dbda8ff12d\" class=\"txt-- txt-overflow-2 link link--no-underline my-5 my-m-0 txt-m-inline\" rel=\"nofollow noopener\" target=\"_blank\"><\/p>\n<p>USA-L&rsquo;activit\u00e9 \u00e9conomique et l&#8217;emploi ont peu \u00e9volu\u00e9 ces derni\u00e8res semaines-Livre beige<\/p>\n<p>                        <\/a><\/td>\n<td class=\"table-child--right  table-child--nowrap table-child--w100 txt-s1\">\n    20:46<\/td>\n<td class=\"table-child--right table-child--w40 c-none cm-table\">\n                                    RE\n                        <\/td>\n<\/tr>\n<tr class=\"\" wp_automatic_readability=\"0.28125\">\n<td class=\"w-100\"><a href=\"https:\/\/ch.zonebourse.com\/actualite-bourse\/la-fed-dispose-d-une-marge-de-manoeuvre-pour-baisser-doucement-les-taux-selon-kashkari-ce7d59dbda8ff62d\" class=\"txt-- txt-overflow-2 link link--no-underline my-5 my-m-0 txt-m-inline\" rel=\"nofollow noopener\" target=\"_blank\"><\/p>\n<p>La Fed dispose d&rsquo;une marge de manoeuvre pour baisser doucement les taux, selon Kashkari<\/p>\n<p>                        <\/a><\/td>\n<td class=\"table-child--right  table-child--nowrap table-child--w100 txt-s1\">\n    20:34<\/td>\n<td class=\"table-child--right table-child--w40 c-none cm-table\">\n                                    RE\n                        <\/td>\n<\/tr>\n<tr class=\"\" wp_automatic_readability=\"0.32142857142857\">\n<td class=\"w-100\"><a href=\"https:\/\/ch.zonebourse.com\/actualite-bourse\/activite-economique-et-emploi-quasi-stables-aux-etats-unis-selon-la-fed-ce7d59dbda8cf023\" class=\"txt-- txt-overflow-2 link link--no-underline my-5 my-m-0 txt-m-inline\" rel=\"nofollow noopener\" target=\"_blank\"><\/p>\n<p>Activit\u00e9 \u00e9conomique et emploi quasi stables aux \u00c9tats-Unis, selon la Fed<\/p>\n<p>                        <\/a><\/td>\n<td class=\"table-child--right  table-child--nowrap table-child--w100 txt-s1\">\n    20:33<\/td>\n<td class=\"table-child--right table-child--w40 c-none cm-table\">\n                                    RE\n                        <\/td>\n<\/tr>\n<tr class=\"\" wp_automatic_readability=\"0.32727272727273\">\n<td class=\"w-100\"><a href=\"https:\/\/ch.zonebourse.com\/actualite-bourse\/la-croissance-economique-demeure-stable-dans-la-plupart-des-districts-de-la-fed-selon-le-beige-book-ce7d59dbda8cfe24\" class=\"txt-- txt-overflow-2 link link--no-underline my-5 my-m-0 txt-m-inline\" rel=\"nofollow noopener\" target=\"_blank\"><\/p>\n<p>La croissance \u00e9conomique demeure stable dans la plupart des districts de la Fed, selon le Beige Book<\/p>\n<p>                        <\/a><\/td>\n<td class=\"table-child--right  table-child--nowrap table-child--w100 txt-s1\">\n    20:21<\/td>\n<td class=\"table-child--right table-child--w40 c-none cm-table\">\n                                    MT\n                        <\/td>\n<\/tr>\n<tr class=\"\" wp_automatic_readability=\"0.36363636363636\">\n<td class=\"w-100\"><a href=\"https:\/\/ch.zonebourse.com\/actualite-bourse\/marches-actions-indices-mixtes-alphabet-sa-envole-les-investisseurs-ecoutent-la-fed-ce7d59dbda8cf322\" class=\"txt-- txt-overflow-2 link link--no-underline my-5 my-m-0 txt-m-inline\" rel=\"nofollow noopener\" target=\"_blank\"><\/p>\n<p>March\u00e9s Actions : Indices Mixtes, Alphabet S\u2019Envole, les Investisseurs \u00c9coutent la Fed<\/p>\n<p>                        <\/a><\/td>\n<td class=\"table-child--right  table-child--nowrap table-child--w100 txt-s1\">\n    20:10<\/td>\n<td class=\"table-child--right table-child--w40 c-none cm-table\">\n                                    MT\n                        <\/td>\n<\/tr>\n<tr class=\"\" wp_automatic_readability=\"0.28723404255319\">\n<td class=\"w-100\"><a href=\"https:\/\/ch.zonebourse.com\/actualite-bourse\/la-politique-monetaire-de-la-fed-entre-dans-une-phase-delicate-selon-neel-kashkari-ce7d59dbda8cf724\" class=\"txt-- txt-overflow-2 link link--no-underline my-5 my-m-0 txt-m-inline\" rel=\"nofollow noopener\" target=\"_blank\"><\/p>\n<p>La politique mon\u00e9taire de la Fed entre dans une phase d\u00e9licate, selon Neel Kashkari<\/p>\n<p>                        <\/a><\/td>\n<td class=\"table-child--right  table-child--nowrap table-child--w100 txt-s1\">\n    19:58<\/td>\n<td class=\"table-child--right table-child--w40 c-none cm-table\">\n                                    RE\n                        <\/td>\n<\/tr>\n<tr class=\"\" wp_automatic_readability=\"0.32432432432432\">\n<td class=\"w-100\"><a href=\"https:\/\/ch.zonebourse.com\/actualite-bourse\/l-inflation-devrait-reprendre-sa-convergence-vers-2-au-second-semestre-2026-selon-musalem-de-la-f-ce7d59dbda8df422\" class=\"txt-- txt-overflow-2 link link--no-underline my-5 my-m-0 txt-m-inline\" rel=\"nofollow noopener\" target=\"_blank\"><\/p>\n<p>L&rsquo;inflation devrait reprendre sa convergence vers 2 % au second semestre 2026, selon Musalem de la Fed<\/p>\n<p>                        <\/a><\/td>\n<td class=\"table-child--right  table-child--nowrap table-child--w100 txt-s1\">\n    19:40<\/td>\n<td class=\"table-child--right table-child--w40 c-none cm-table\">\n                                    MT\n                        <\/td>\n<\/tr>\n<tr class=\"\" wp_automatic_readability=\"0.375\">\n<td class=\"w-100\"><a href=\"https:\/\/ch.zonebourse.com\/actualite-bourse\/le-candidat-de-trump-a-la-fed-stephen-miran-s-engage-a-preserver-l-independance-de-la-reserve-fede-ce7d59dbda8afe2c\" class=\"txt-- txt-overflow-2 link link--no-underline my-5 my-m-0 txt-m-inline\" rel=\"nofollow noopener\" target=\"_blank\"><\/p>\n<p>Le candidat de Trump \u00e0 la Fed, Stephen Miran, s&rsquo;engage \u00e0 pr\u00e9server l&rsquo;ind\u00e9pendance de la R\u00e9serve f\u00e9d\u00e9rale<\/p>\n<p>                        <\/a><\/td>\n<td class=\"table-child--right  table-child--nowrap table-child--w100 txt-s1\">\n    19:30<\/td>\n<td class=\"table-child--right table-child--w40 c-none cm-table\">\n                                    RE\n                        <\/td>\n<\/tr>\n<tr class=\"\" wp_automatic_readability=\"0.1978021978022\">\n<td class=\"w-100\"><a href=\"https:\/\/ch.zonebourse.com\/actualite-bourse\/le-gouverneur-de-la-bdf-appelle-a-defendre-l-independance-des-banques-centrales-ce7d59dbda8af022\" class=\"txt-- txt-overflow-2 link link--no-underline my-5 my-m-0 txt-m-inline\" rel=\"nofollow noopener\" target=\"_blank\"><\/p>\n<p>Le gouverneur de la BdF appelle \u00e0 d\u00e9fendre l&rsquo;ind\u00e9pendance des banques centrales<\/p>\n<p>                        <\/a><\/td>\n<td class=\"table-child--right  table-child--nowrap table-child--w100 txt-s1\">\n    19:22<\/td>\n<td class=\"table-child--right table-child--w40 c-none cm-table\">\n                                    AW\n                        <\/td>\n<\/tr>\n<tr class=\"\">\n<td class=\"w-100\"><a href=\"https:\/\/ch.zonebourse.com\/actualite-bourse\/devises--ce7d59dbda8af124\" class=\"txt-- txt-overflow-2 link link--no-underline my-5 my-m-0 txt-m-inline\" rel=\"nofollow noopener\" target=\"_blank\"><\/p>\n<p>Devises : <\/p>\n<p>                        <\/a><\/td>\n<td class=\"table-child--right  table-child--nowrap table-child--w100 txt-s1\">\n    19:20<\/td>\n<td class=\"table-child--right table-child--w40 c-none cm-table\"><img loading=\"lazy\" decoding=\"async\" src=\"https:\/\/www.europesays.com\/fr\/wp-content\/uploads\/2025\/05\/logo_at.gif\" width=\"14\" height=\"8\" alt=\"Zonebourse\"\/><\/td>\n<\/tr>\n<tr class=\"\" wp_automatic_readability=\"0.25\">\n<td class=\"w-100\"><a href=\"https:\/\/ch.zonebourse.com\/actualite-bourse\/l-independance-d-une-banque-centrale-n-est-pas-un-obstacle-a-des-taux-bas-dit-villeroy-de-galhau-ce7d59dbda88f32d\" class=\"txt-- txt-overflow-2 link link--no-underline my-5 my-m-0 txt-m-inline\" rel=\"nofollow noopener\" target=\"_blank\"><\/p>\n<p>L&rsquo;ind\u00e9pendance d&rsquo;une banque centrale n&rsquo;est pas un obstacle \u00e0 des taux bas, dit Villeroy de Galhau<\/p>\n<p>                        <\/a><\/td>\n<td class=\"table-child--right  table-child--nowrap table-child--w100 txt-s1\">\n    18:57<\/td>\n<td class=\"table-child--right table-child--w40 c-none cm-table\">\n                                    RE\n                        <\/td>\n<\/tr>\n<tr class=\"\" wp_automatic_readability=\"0.25233644859813\">\n<td class=\"w-100\"><a href=\"https:\/\/ch.zonebourse.com\/actualite-bourse\/l-independance-des-banques-centrales-n-entrave-pas-la-baisse-des-taux-affirme-villeroy-de-galhau-ce7d59dbda88f226\" class=\"txt-- txt-overflow-2 link link--no-underline my-5 my-m-0 txt-m-inline\" rel=\"nofollow noopener\" target=\"_blank\"><\/p>\n<p>L&rsquo;ind\u00e9pendance des banques centrales n&rsquo;entrave pas la baisse des taux, affirme Villeroy de Galhau<\/p>\n<p>                        <\/a><\/td>\n<td class=\"table-child--right  table-child--nowrap table-child--w100 txt-s1\">\n    18:47<\/td>\n<td class=\"table-child--right table-child--w40 c-none cm-table\">\n                                    RE\n                        <\/td>\n<\/tr>\n<tr class=\"\" wp_automatic_readability=\"0.12371134020619\">\n<td class=\"w-100\"><a href=\"https:\/\/ch.zonebourse.com\/actualite-bourse\/taux-christopher-waller-fed-ressuscite-le-scenario-a-3-baisses-de-taux-d-ici-fin-2025-ce7d59dbda88f324\" class=\"txt-- txt-overflow-2 link link--no-underline my-5 my-m-0 txt-m-inline\" rel=\"nofollow noopener\" target=\"_blank\"><\/p>\n<p>Taux :  Christopher Waller (FED) ressuscite le sc\u00e9nario \u00e0 3 baisses de taux d&rsquo;ici fin 2025<\/p>\n<p>                        <\/a><\/td>\n<td class=\"table-child--right  table-child--nowrap table-child--w100 txt-s1\">\n    18:44<\/td>\n<td class=\"table-child--right table-child--w40 c-none cm-table\"><img loading=\"lazy\" decoding=\"async\" src=\"https:\/\/www.europesays.com\/fr\/wp-content\/uploads\/2025\/05\/logo_at.gif\" width=\"14\" height=\"8\" alt=\"Zonebourse\"\/><\/td>\n<\/tr>\n<tr class=\"\" wp_automatic_readability=\"0.27692307692308\">\n<td class=\"w-100\"><a href=\"https:\/\/ch.zonebourse.com\/actualite-bourse\/le-dollar-recule-face-aux-principales-devises-l-euro-progresse-apres-la-publication-des-chiffres-de-ce7d59dbda89f026\" class=\"txt-- txt-overflow-2 link link--no-underline my-5 my-m-0 txt-m-inline\" rel=\"nofollow noopener\" target=\"_blank\"><\/p>\n<p>Le dollar recule face aux principales devises, l&rsquo;euro progresse apr\u00e8s la publication des chiffres de l&#8217;emploi am\u00e9ricain<\/p>\n<p>                        <\/a><\/td>\n<td class=\"table-child--right  table-child--nowrap table-child--w100 txt-s1\">\n    18:31<\/td>\n<td class=\"table-child--right table-child--w40 c-none cm-table\">\n                                    RE\n                        <\/td>\n<\/tr>\n<tr class=\"\" wp_automatic_readability=\"0.45762711864407\">\n<td class=\"w-100\"><a href=\"https:\/\/ch.zonebourse.com\/actualite-bourse\/paris-rebondit-entre-secteur-technologique-et-fed-ce7d59dbda89f223\" class=\"txt-- txt-overflow-2 link link--no-underline my-5 my-m-0 txt-m-inline\" rel=\"nofollow noopener\" target=\"_blank\"><\/p>\n<p>Paris rebondit, entre secteur technologique et Fed<\/p>\n<p>                        <\/a><\/td>\n<td class=\"table-child--right  table-child--nowrap table-child--w100 txt-s1\">\n    18:28<\/td>\n<td class=\"table-child--right table-child--w40 c-none cm-table\">\n                                    AW\n                        <\/td>\n<\/tr>\n<tr class=\"\" wp_automatic_readability=\"0.25471698113208\">\n<td class=\"w-100\"><a href=\"https:\/\/ch.zonebourse.com\/actualite-bourse\/le-tsx-progresse-de-100-points-a-la-mi-journee-porte-par-les-secteurs-minier-et-technologique-ce7d59dbda89f52d\" class=\"txt-- txt-overflow-2 link link--no-underline my-5 my-m-0 txt-m-inline\" rel=\"nofollow noopener\" target=\"_blank\"><\/p>\n<p>Le TSX progresse de 100 points \u00e0 la mi-journ\u00e9e, port\u00e9 par les secteurs minier et technologique<\/p>\n<p>                        <\/a><\/td>\n<td class=\"table-child--right  table-child--nowrap table-child--w100 txt-s1\">\n    18:23<\/td>\n<td class=\"table-child--right table-child--w40 c-none cm-table\">\n                                    MT\n                        <\/td>\n<\/tr>\n<tr class=\"\" wp_automatic_readability=\"0.288\">\n<td class=\"w-100\"><a href=\"https:\/\/ch.zonebourse.com\/actualite-bourse\/le-rand-sud-africain-progresse-apres-l-enquete-pmi-les-investisseurs-attendent-des-donnees-cles-des-ce7d59dbdb80f421\" class=\"txt-- txt-overflow-2 link link--no-underline my-5 my-m-0 txt-m-inline\" rel=\"nofollow noopener\" target=\"_blank\"><\/p>\n<p>Le rand sud-africain progresse apr\u00e8s l&rsquo;enqu\u00eate PMI, les investisseurs attendent des donn\u00e9es cl\u00e9s des \u00c9tats-Unis<\/p>\n<p>                        <\/a><\/td>\n<td class=\"table-child--right  table-child--nowrap table-child--w100 txt-s1\">\n    18:11<\/td>\n<td class=\"table-child--right table-child--w40 c-none cm-table\">\n                                    RE\n                        <\/td>\n<\/tr>\n<tr class=\"\" wp_automatic_readability=\"0.24\">\n<td class=\"w-100\"><a href=\"https:\/\/ch.zonebourse.com\/actualite-bourse\/ing-anticipe-une-reunion-delicate-de-la-bce-la-semaine-prochaine-ce7d59dbdb8cf521\" class=\"txt-- txt-overflow-2 link link--no-underline my-5 my-m-0 txt-m-inline\" rel=\"nofollow noopener\" target=\"_blank\"><\/p>\n<p>ING Anticipe une R\u00e9union D\u00e9licate de la BCE la Semaine Prochaine<\/p>\n<p>                        <\/a><\/td>\n<td class=\"table-child--right  table-child--nowrap table-child--w100 txt-s1\">\n    17:40<\/td>\n<td class=\"table-child--right table-child--w40 c-none cm-table\">\n                                    MT\n                        <\/td>\n<\/tr>\n<tr class=\"\" wp_automatic_readability=\"0.20454545454545\">\n<td class=\"w-100\"><a href=\"https:\/\/ch.zonebourse.com\/actualite-bourse\/les-rendements-obligataires-de-la-zone-euro-restent-volatils-les-inquietudes-budgetaires-pesent-sur-ce7d59dad08cf725\" class=\"txt-- txt-overflow-2 link link--no-underline my-5 my-m-0 txt-m-inline\" rel=\"nofollow noopener\" target=\"_blank\"><\/p>\n<p>Les rendements obligataires de la zone euro reculent en fin de s\u00e9ance volatile<\/p>\n<p>                        <\/a><\/td>\n<td class=\"table-child--right  table-child--nowrap table-child--w100 txt-s1\">\n    17:21<\/td>\n<td class=\"table-child--right table-child--w40 c-none cm-table\">\n                                    RE\n                        <\/td>\n<\/tr>\n<tr class=\"\" wp_automatic_readability=\"0.22222222222222\">\n<td class=\"w-100\"><a href=\"https:\/\/ch.zonebourse.com\/actualite-bourse\/la-fed-annonce-une-conference-sur-l-innovation-des-paiements-en-octobre-ce7d59dbdb8bf120\" class=\"txt-- txt-overflow-2 link link--no-underline my-5 my-m-0 txt-m-inline\" rel=\"nofollow noopener\" target=\"_blank\"><\/p>\n<p>La Fed annonce une conf\u00e9rence sur l&rsquo;innovation des paiements en octobre<\/p>\n<p>                        <\/a><\/td>\n<td class=\"table-child--right  table-child--nowrap table-child--w100 txt-s1\">\n    17:10<\/td>\n<td class=\"table-child--right table-child--w40 c-none cm-table\">\n                                    RE\n                        <\/td>\n<\/tr>\n<tr class=\"\" wp_automatic_readability=\"0.26470588235294\">\n<td class=\"w-100\"><a href=\"https:\/\/ch.zonebourse.com\/actualite-bourse\/les-rendements-des-bons-du-tresor-americain-chutent-apres-les-donnees-sur-l-emploi-une-baisse-des-t-ce7d59dbdb8bf52d\" class=\"txt-- txt-overflow-2 link link--no-underline my-5 my-m-0 txt-m-inline\" rel=\"nofollow noopener\" target=\"_blank\"><\/p>\n<p>Les rendements des bons du Tr\u00e9sor am\u00e9ricain chutent apr\u00e8s les donn\u00e9es sur l&#8217;emploi, une baisse des taux de la Fed imminente<\/p>\n<p>                        <\/a><\/td>\n<td class=\"table-child--right  table-child--nowrap table-child--w100 txt-s1\">\n    17:04<\/td>\n<td class=\"table-child--right table-child--w40 c-none cm-table\">\n                                    RE\n                        <\/td>\n<\/tr>\n<tr class=\"\" wp_automatic_readability=\"0.30337078651685\">\n<td class=\"w-100\"><a href=\"https:\/\/ch.zonebourse.com\/actualite-bourse\/la-bce-pourrait-commencer-a-relever-ses-taux-moderement-fin-2026-selon-ubs-ce7d59dbdb8bf526\" class=\"txt-- txt-overflow-2 link link--no-underline my-5 my-m-0 txt-m-inline\" rel=\"nofollow noopener\" target=\"_blank\"><\/p>\n<p>La BCE pourrait commencer \u00e0 relever ses taux \u00ab\u00a0mod\u00e9r\u00e9ment\u00a0\u00bb fin 2026, selon UBS<\/p>\n<p>                        <\/a><\/td>\n<td class=\"table-child--right  table-child--nowrap table-child--w100 txt-s1\">\n    17:03<\/td>\n<td class=\"table-child--right table-child--w40 c-none cm-table\">\n                                    MT\n                        <\/td>\n<\/tr>\n<tr class=\"\" wp_automatic_readability=\"0.22222222222222\">\n<td class=\"w-100\"><a href=\"https:\/\/ch.zonebourse.com\/actualite-bourse\/la-fed-annonce-une-conference-sur-l-innovation-des-paiements-en-octobre-ce7d59dbdb8bf524\" class=\"txt-- txt-overflow-2 link link--no-underline my-5 my-m-0 txt-m-inline\" rel=\"nofollow noopener\" target=\"_blank\"><\/p>\n<p>La Fed annonce une conf\u00e9rence sur l&rsquo;innovation des paiements en octobre<\/p>\n<p>                        <\/a><\/td>\n<td class=\"table-child--right  table-child--nowrap table-child--w100 txt-s1\">\n    17:02<\/td>\n<td class=\"table-child--right table-child--w40 c-none cm-table\">\n                                    RE\n                        <\/td>\n<\/tr>\n<tr class=\"\" wp_automatic_readability=\"0.34615384615385\">\n<td class=\"w-100\"><a href=\"https:\/\/ch.zonebourse.com\/actualite-bourse\/la-fed-pourrait-abaisser-ses-taux-a-au-moins-3-selon-mark-cabana-ce7d59dbdb89f02c\" class=\"txt-- txt-overflow-2 link link--no-underline my-5 my-m-0 txt-m-inline\" rel=\"nofollow noopener\" target=\"_blank\"><\/p>\n<p>La Fed pourrait abaisser ses taux \u00e0 au moins 3\u00a0%, selon Mark Cabana<\/p>\n<p>                        <\/a><\/td>\n<td class=\"table-child--right  table-child--nowrap table-child--w100 txt-s1\">\n    16:47<\/td>\n<td class=\"table-child--right table-child--w40 c-none cm-table\">\n                                    MT\n                        <\/td>\n<\/tr>\n<tr class=\"\" wp_automatic_readability=\"0.26086956521739\">\n<td class=\"w-100\"><a href=\"https:\/\/ch.zonebourse.com\/actualite-bourse\/le-dollar-recule-face-a-ses-principales-devises-la-euro-progresse-apres-la-publication-des-donnees-ce7d59dbdb89f32d\" class=\"txt-- txt-overflow-2 link link--no-underline my-5 my-m-0 txt-m-inline\" rel=\"nofollow noopener\" target=\"_blank\"><\/p>\n<p>Le dollar recule face \u00e0 ses principales devises, l\u2019euro progresse apr\u00e8s la publication des donn\u00e9es sur l\u2019emploi am\u00e9ricain<\/p>\n<p>                        <\/a><\/td>\n<td class=\"table-child--right  table-child--nowrap table-child--w100 txt-s1\">\n    16:43<\/td>\n<td class=\"table-child--right table-child--w40 c-none cm-table\">\n                                    RE\n                        <\/td>\n<\/tr>\n<p>    <img decoding=\"async\" src=\"https:\/\/www.europesays.com\/fr\/wp-content\/uploads\/2025\/04\/img_footer_appstore.png\" alt=\"Download from Apple Store\" loading=\"lazy\"\/><\/p>\n<p class=\"m-0\">NOS EXPERTS \u00c0 VOTRE \u00c9COUTE<\/p>\n<p class=\"m-0 txt-bold\">Lundi &#8211; Vendredi 9h-12h \/ 14h-18h<\/p>\n<p><img decoding=\"async\" src=\"https:\/\/www.europesays.com\/fr\/wp-content\/uploads\/2025\/04\/footer_logo_zb.png\" width=\"181\" height=\"24\" alt=\"Zonebourse, bourse en direct\" loading=\"lazy\"\/><br \/>\n                    Mentions l\u00e9gales<br \/>\n                |<br \/>\n                Param\u00e9trer les cookies<br \/>\n            |<br \/>\n                    Blog Zonebourse<br \/>\n                |<a href=\"https:\/\/ch.zonebourse.com\/qui-sommes-nous\" class=\"link txt-footer\" rel=\"nofollow noopener\" target=\"_blank\"><br \/>\n                Qui sommes-nous ?<br \/>\n            <\/a>|<br \/>\n                Copyright \u00a9 2025 Surperformance SAS. Tous droits r\u00e9serv\u00e9s.<\/p>\n<p>\n            Les cotations sont fournies par Factset, Morningstar et S&amp;P Capital IQ\n        <\/p>\n<p class=\"pl-10 txt-bold m-0\">S\u00e9lectionnez votre \u00e9dition<\/p>\n<p class=\"txt-s1 txt-muted m-0 pl-10\">Toutes les informations financi\u00e8res adapt\u00e9es au niveau national<\/p>\n<\/td>\n","protected":false},"excerpt":{"rendered":"Temps r\u00e9el estim\u00e9 TTMZero 21:05:05 03\/09\/2025 Varia. 5j. Varia. 1 janv. 1,1659 USD +0,23% +0,14% +12,66% Publi\u00e9 le&hellip;\n","protected":false},"author":2,"featured_media":363935,"comment_status":"","ping_status":"","sticky":false,"template":"","format":"standard","meta":{"footnotes":""},"categories":[1589],"tags":[11,340,73,1866,12,1864,1865,1863,308],"class_list":{"0":"post-363934","1":"post","2":"type-post","3":"status-publish","4":"format-standard","5":"has-post-thumbnail","7":"category-etats-unis","8":"tag-actualites","9":"tag-bourse","10":"tag-etats-unis","11":"tag-etats-unis-damerique","12":"tag-news","13":"tag-united-states","14":"tag-united-states-of-america","15":"tag-us","16":"tag-usa"},"share_on_mastodon":{"url":"https:\/\/pubeurope.com\/@fr\/115141930292248143","error":""},"_links":{"self":[{"href":"https:\/\/www.europesays.com\/fr\/wp-json\/wp\/v2\/posts\/363934","targetHints":{"allow":["GET"]}}],"collection":[{"href":"https:\/\/www.europesays.com\/fr\/wp-json\/wp\/v2\/posts"}],"about":[{"href":"https:\/\/www.europesays.com\/fr\/wp-json\/wp\/v2\/types\/post"}],"author":[{"embeddable":true,"href":"https:\/\/www.europesays.com\/fr\/wp-json\/wp\/v2\/users\/2"}],"replies":[{"embeddable":true,"href":"https:\/\/www.europesays.com\/fr\/wp-json\/wp\/v2\/comments?post=363934"}],"version-history":[{"count":0,"href":"https:\/\/www.europesays.com\/fr\/wp-json\/wp\/v2\/posts\/363934\/revisions"}],"wp:featuredmedia":[{"embeddable":true,"href":"https:\/\/www.europesays.com\/fr\/wp-json\/wp\/v2\/media\/363935"}],"wp:attachment":[{"href":"https:\/\/www.europesays.com\/fr\/wp-json\/wp\/v2\/media?parent=363934"}],"wp:term":[{"taxonomy":"category","embeddable":true,"href":"https:\/\/www.europesays.com\/fr\/wp-json\/wp\/v2\/categories?post=363934"},{"taxonomy":"post_tag","embeddable":true,"href":"https:\/\/www.europesays.com\/fr\/wp-json\/wp\/v2\/tags?post=363934"}],"curies":[{"name":"wp","href":"https:\/\/api.w.org\/{rel}","templated":true}]}}