{"id":363936,"date":"2025-09-03T19:06:10","date_gmt":"2025-09-03T19:06:10","guid":{"rendered":"https:\/\/www.europesays.com\/fr\/363936\/"},"modified":"2025-09-03T19:06:10","modified_gmt":"2025-09-03T19:06:10","slug":"au-royaume-uni-larrestation-dun-comedien-accuse-de-transphobie-relance-le-debat-de-la-liberte-dexpression","status":"publish","type":"post","link":"https:\/\/www.europesays.com\/fr\/363936\/","title":{"rendered":"Au Royaume-Uni, l\u2019arrestation d\u2019un com\u00e9dien accus\u00e9 de transphobie relance le d\u00e9bat de la libert\u00e9 d\u2019expression"},"content":{"rendered":"<p><strong>R\u00c9CIT<\/strong> &#8211; Le co-cr\u00e9ateur de la s\u00e9rie humoristique \u00abFather Ted\u00bb, Graham Linehan, a \u00e9t\u00e9 arr\u00eat\u00e9 \u00e0 l\u2019a\u00e9roport d\u2019Heathrow par cinq policiers arm\u00e9s pour trois publications sur X o\u00f9 il critiquait le militantisme transgenre. Une affaire embarrassante pour le gouvernement Starmer.<\/p>\n<p class=\"fig-paragraph\">Correspondant \u00e0 Londres<\/p>\n<p class=\"fig-paragraph\">Le d\u00e9bat sur une libert\u00e9 d\u2019expression qui serait en recul dans l\u2019Angleterre travailliste s\u2019enflamme de nouveau. La spectaculaire arrestation par la police londonienne du com\u00e9dien irlandais Graham Linehan, \u00e0 l\u2019a\u00e9roport d\u2019Heathrow a mis le feu aux poudres. On lui reproche des posts sur X (ex-Twitter) critiquant le militantisme transgenre et qualifi\u00e9s \u00abd\u2019incitation \u00e0 la violence\u00bb.<\/p>\n<p class=\"fig-paragraph\">Le co-cr\u00e9ateur de la s\u00e9rie humoristique \u00abFather Ted\u00bb a \u00e9t\u00e9 arr\u00eat\u00e9 \u00e0 l\u2019a\u00e9roport par cinq policiers arm\u00e9s, alors qu\u2019il arrivait en avion d\u2019Arizona. Ceux-ci lui ont signifi\u00e9 qu\u2019il \u00e9tait poursuivi pour trois publications sur Internet. Il a ensuite subi un interrogatoire sur ces posts. Un des policiers a d\u00e9clar\u00e9 \u00e0 Graham Linehan qu\u2019il \u00e9tait arr\u00eat\u00e9 pour avoir publi\u00e9 sur X, le 19 avril 2025, \u00abune publication jug\u00e9e destin\u00e9e \u00e0 inciter \u00e0 la haine et \u00e0 la violence en raison de l\u2019orientation sexuelle.\u00bb Dans ce post, le com\u00e9dien disait aux femmes\u00a0: \u00abSi un homme trans se trouve dans un espace r\u00e9serv\u00e9\u2026<\/p>\n<p class=\"fig-premium-paywall__infos\">\n        Cet article est r\u00e9serv\u00e9 aux abonn\u00e9s.        Il vous reste 81% \u00e0 d\u00e9couvrir.\n    <\/p>\n<p>                <img  data- alt=\"Le Figaro\" class=\"fig-img--complete fig-img\"\/><\/p>\n<p class=\"fig-premium-paywall__title\">Vente Flash<\/p>\n<p class=\"fig-premium-paywall__subtitle\">4,99\u20ac par mois pendant 12 mois. Sans engagement<\/p>\n<p class=\"fig-premium-paywall__connect\">\n                D\u00e9j\u00e0 abonn\u00e9\u00a0?                <a class=\"fig-premium-paywall__connect-link\" href=\"https:\/\/connect.lefigaro.fr\/login?client=horizon_web&amp;type=main&amp;redirect_uri=https%3A%2F%2Fwww.lefigaro.fr%2Finternational%2Fau-royaume-uni-l-arrestation-d-un-comedien-accuse-de-transphobie-relance-le-debat-de-la-liberte-d-expression-20250903\" data-js-gtm=\"{&quot;customCategorie&quot;: &quot;conversion&quot;, &quot;customAction&quot;: &quot;before_Landing_Connexion_paywall_auto&quot;, &quot;customLabel&quot;: &quot;bGVmaWdhcm8uZnJfXzFmMDg4Yzc4LWMzNjItNmFjNi1hODY2LWViZWUxZDBhYTFiM19fQXJ0aWNsZQ==_Au Royaume-Uni, l\u2019arrestation d\u2019un com\u00e9dien accus\u00e9 de transphobie relance le d\u00e9bat de la libert\u00e9 d\u2019expression_597&quot;, &quot;customIDSPE&quot;: &quot;bGVmaWdhcm8uZnJfXzFmMDg4Yzc4LWMzNjItNmFjNi1hODY2LWViZWUxZDBhYTFiM19fQXJ0aWNsZQ==&quot;, &quot;event&quot;: &quot;customEventSPE&quot;}\" rel=\"nofollow noopener\" target=\"_blank\"><br \/>\n                    Connectez-vous<br \/>\n                <\/a>\n            <\/p>\n","protected":false},"excerpt":{"rendered":"R\u00c9CIT &#8211; Le co-cr\u00e9ateur de la s\u00e9rie humoristique \u00abFather Ted\u00bb, Graham Linehan, a \u00e9t\u00e9 arr\u00eat\u00e9 \u00e0 l\u2019a\u00e9roport d\u2019Heathrow&hellip;\n","protected":false},"author":2,"featured_media":363937,"comment_status":"","ping_status":"","sticky":false,"template":"","format":"standard","meta":{"footnotes":""},"categories":[1588],"tags":[11,1777,674,474,12,473,1853,14521,1851,1850,1852],"class_list":{"0":"post-363936","1":"post","2":"type-post","3":"status-publish","4":"format-standard","5":"has-post-thumbnail","7":"category-royaume-uni","8":"tag-actualites","9":"tag-eu","10":"tag-europe","11":"tag-liberte-dexpression","12":"tag-news","13":"tag-royaume-uni","14":"tag-royaume-uni-de-grande-bretagne-et-dirlande-du-nord","15":"tag-transgenres","16":"tag-uk","17":"tag-united-kingdom","18":"tag-united-kingdom-of-great-britain-and-northern-ireland"},"share_on_mastodon":{"url":"https:\/\/pubeurope.com\/@fr\/115141934011061923","error":""},"_links":{"self":[{"href":"https:\/\/www.europesays.com\/fr\/wp-json\/wp\/v2\/posts\/363936","targetHints":{"allow":["GET"]}}],"collection":[{"href":"https:\/\/www.europesays.com\/fr\/wp-json\/wp\/v2\/posts"}],"about":[{"href":"https:\/\/www.europesays.com\/fr\/wp-json\/wp\/v2\/types\/post"}],"author":[{"embeddable":true,"href":"https:\/\/www.europesays.com\/fr\/wp-json\/wp\/v2\/users\/2"}],"replies":[{"embeddable":true,"href":"https:\/\/www.europesays.com\/fr\/wp-json\/wp\/v2\/comments?post=363936"}],"version-history":[{"count":0,"href":"https:\/\/www.europesays.com\/fr\/wp-json\/wp\/v2\/posts\/363936\/revisions"}],"wp:featuredmedia":[{"embeddable":true,"href":"https:\/\/www.europesays.com\/fr\/wp-json\/wp\/v2\/media\/363937"}],"wp:attachment":[{"href":"https:\/\/www.europesays.com\/fr\/wp-json\/wp\/v2\/media?parent=363936"}],"wp:term":[{"taxonomy":"category","embeddable":true,"href":"https:\/\/www.europesays.com\/fr\/wp-json\/wp\/v2\/categories?post=363936"},{"taxonomy":"post_tag","embeddable":true,"href":"https:\/\/www.europesays.com\/fr\/wp-json\/wp\/v2\/tags?post=363936"}],"curies":[{"name":"wp","href":"https:\/\/api.w.org\/{rel}","templated":true}]}}