{"id":363938,"date":"2025-09-03T19:07:11","date_gmt":"2025-09-03T19:07:11","guid":{"rendered":"https:\/\/www.europesays.com\/fr\/363938\/"},"modified":"2025-09-03T19:07:11","modified_gmt":"2025-09-03T19:07:11","slug":"les-eti-francaises-et-allemandes-demandent-un-soutien-accru-pour-ces-entreprises","status":"publish","type":"post","link":"https:\/\/www.europesays.com\/fr\/363938\/","title":{"rendered":"Les ETI fran\u00e7aises et allemandes demandent un soutien accru pour ces entreprises"},"content":{"rendered":"<p class=\"fig-paragraph\">Les repr\u00e9sentants des\u00a0<a href=\"http:\/\/www.lefigaro.fr\/flash-eco\/les-pme-eti-europeennes-voient-le-changement-climatique-comme-une-opportunite-selon-une-etude-20250617\" data-fig-type=\"NewsFlash\" data-gtm-custom-categorie=\"navigation\" data-gtm-custom-action=\"crossclick\" data-gtm-custom-label=\"Contextuel\" data-gtm-event=\"customEventSPE\" data-fig-domain=\"LEFIGARO\" rel=\"nofollow noopener\" target=\"_blank\">entreprises de taille interm\u00e9diaire (ETI)\u00a0<\/a>fran\u00e7aises et allemandes lancent mercredi un appel pour qu&rsquo;elles soient mieux reconnues, en estimant qu&rsquo;elles devraient \u00eatre \u00abla colonne vert\u00e9brale\u00bb des politiques \u00e9conomiques europ\u00e9ennes.<\/p>\n<p class=\"fig-paragraph\">\u00abMalgr\u00e9 un march\u00e9 int\u00e9rieur riche de 450 millions de consommateurs, jamais l&rsquo;Europe n&rsquo;a \u00e9t\u00e9 aussi gravement menac\u00e9e de d\u00e9sindustrialisation, de marginalisation \u00e9conomique et, \u00e0 terme, de dislocation. Face \u00e0 ce risque, la question n&rsquo;est plus de savoir si le couple franco-allemand doit r\u00e9agir, mais comment\u00bb, \u00e9crivent dans un communiqu\u00e9 commun Fr\u00e9d\u00e9ric Coirier et Philippe d&rsquo;Ornano, co-pr\u00e9sidents du METI (Mouvement des ETI) et Christoph Ahlhaus, pr\u00e9sident du BVMW.<\/p>\n<p>                                    <a class=\"fig-a11y-skip a11y-hidden\" href=\"#fig-a11y-skip-main-inarticle\"><br \/>\n        Passer la publicit\u00e9<br \/>\n    <\/a><\/p>\n<p class=\"fig-paragraph\">\u00abLa r\u00e9ponse, selon nous, tient en un mot\u00a0: \u201cMittelstand\u201d\u00bb, \u00e9crivent ces responsables dans ce qu&rsquo;ils nomment \u00abl&rsquo;Appel de Paris\u00bb. Le Mittelstand, concept allemand d\u00e9signant les entreprises industrielles de taille interm\u00e9diaire, souvent familiales et exportatrices, en comprend 40.000 en Europe, \u00abassurant la prosp\u00e9rit\u00e9 des villes moyennes comme des zones rurales\u00bb, mais n&rsquo;\u00e9tant \u00abni reconnu, ni plac\u00e9 au coeur des politiques \u00e9conomiques, alors qu&rsquo;il devrait en \u00eatre la colonne vert\u00e9brale\u00bb, estiment les signataires.<\/p>\n<p class=\"fig-paragraph\">Dans la foul\u00e9e du Conseil des ministres franco-allemand qui s&rsquo;est tenu la semaine derni\u00e8re, \u00able couple franco-allemand doit faire de ce Mittelstand un pilier de la strat\u00e9gie industrielle du continent\u00bb, poursuivent-ils. Ils proposent diff\u00e9rents axes d&rsquo;action pour cela\u00a0: reconnaissance d&rsquo;une cat\u00e9gorie baptis\u00e9e \u00ablarge midcaps\u00bb jusqu&rsquo;\u00e0 5.000 salari\u00e9s, simplification r\u00e9glementaire, convergence fiscale et sociale franco-allemande, alignement des prix de l&rsquo;\u00e9nergie, priorit\u00e9 au \u00abProduire en Europe\u00bb, suppression des droits de transmission et de succession sur les actifs productifs et mise en place d&rsquo;un bouclier anti-dumping.<\/p>\n<p class=\"fig-paragraph\">Ces mesures \u00abr\u00e9pondent \u00e0 un risque imminent\u00bb et \u00abconstituent une feuille de route pragmatique pour redonner \u00e0 l&rsquo;Europe son ind\u00e9pendance et aux Europ\u00e9ens, gr\u00e2ce \u00e0 la prosp\u00e9rit\u00e9, la fiert\u00e9 d&rsquo;\u00eatre ensemble\u00bb, concluent ces responsables, indiquant qu&rsquo;ils porteront cet appel devant les autorit\u00e9s de leurs deux pays, et europ\u00e9ennes. En France, une ETI est d\u00e9finie comme une entreprise ayant entre 250 et 4.999 salari\u00e9s, et un chiffre d&rsquo;affaires n&rsquo;exc\u00e9dant pas 1,5 milliard d&rsquo;euros ou un total de bilan n&rsquo;exc\u00e9dant pas 2 milliards d&rsquo;euros.<\/p>\n","protected":false},"excerpt":{"rendered":"Les repr\u00e9sentants des\u00a0entreprises de taille interm\u00e9diaire (ETI)\u00a0fran\u00e7aises et allemandes lancent mercredi un appel pour qu&rsquo;elles soient mieux reconnues,&hellip;\n","protected":false},"author":2,"featured_media":363939,"comment_status":"","ping_status":"","sticky":false,"template":"","format":"standard","meta":{"footnotes":""},"categories":[1587],"tags":[11,672,1804,1805,1803,49857,1777,674,27,1801,12,1802],"class_list":{"0":"post-363938","1":"post","2":"type-post","3":"status-publish","4":"format-standard","5":"has-post-thumbnail","7":"category-allemagne","8":"tag-actualites","9":"tag-allemagne","10":"tag-bundesrepublik-deutschland","11":"tag-de","12":"tag-deutschland","13":"tag-eti","14":"tag-eu","15":"tag-europe","16":"tag-france","17":"tag-germany","18":"tag-news","19":"tag-republique-federale-dallemagne"},"share_on_mastodon":{"url":"https:\/\/pubeurope.com\/@fr\/115141937960746266","error":""},"_links":{"self":[{"href":"https:\/\/www.europesays.com\/fr\/wp-json\/wp\/v2\/posts\/363938","targetHints":{"allow":["GET"]}}],"collection":[{"href":"https:\/\/www.europesays.com\/fr\/wp-json\/wp\/v2\/posts"}],"about":[{"href":"https:\/\/www.europesays.com\/fr\/wp-json\/wp\/v2\/types\/post"}],"author":[{"embeddable":true,"href":"https:\/\/www.europesays.com\/fr\/wp-json\/wp\/v2\/users\/2"}],"replies":[{"embeddable":true,"href":"https:\/\/www.europesays.com\/fr\/wp-json\/wp\/v2\/comments?post=363938"}],"version-history":[{"count":0,"href":"https:\/\/www.europesays.com\/fr\/wp-json\/wp\/v2\/posts\/363938\/revisions"}],"wp:featuredmedia":[{"embeddable":true,"href":"https:\/\/www.europesays.com\/fr\/wp-json\/wp\/v2\/media\/363939"}],"wp:attachment":[{"href":"https:\/\/www.europesays.com\/fr\/wp-json\/wp\/v2\/media?parent=363938"}],"wp:term":[{"taxonomy":"category","embeddable":true,"href":"https:\/\/www.europesays.com\/fr\/wp-json\/wp\/v2\/categories?post=363938"},{"taxonomy":"post_tag","embeddable":true,"href":"https:\/\/www.europesays.com\/fr\/wp-json\/wp\/v2\/tags?post=363938"}],"curies":[{"name":"wp","href":"https:\/\/api.w.org\/{rel}","templated":true}]}}