{"id":363940,"date":"2025-09-03T19:08:19","date_gmt":"2025-09-03T19:08:19","guid":{"rendered":"https:\/\/www.europesays.com\/fr\/363940\/"},"modified":"2025-09-03T19:08:19","modified_gmt":"2025-09-03T19:08:19","slug":"leurope-finit-en-hausse-avec-laccalmie-sur-les-taux-longs-03-09-2025-a-1821","status":"publish","type":"post","link":"https:\/\/www.europesays.com\/fr\/363940\/","title":{"rendered":"L&rsquo;Europe finit en hausse avec l&rsquo;accalmie sur les taux longs &#8211; 03\/09\/2025 \u00e0 18:21"},"content":{"rendered":"<p>        <img fetchpriority=\"high\" decoding=\"async\" src=\"https:\/\/www.europesays.com\/fr\/wp-content\/uploads\/2025\/09\/928a31e301b1768d4425a70e276f1878-760x507.jpg\" alt=\"La bourse Euronext dans le quartier d'affaires de La D\u00e9fense \u00e0 Paris\" loading=\"eager\" width=\"760\" height=\"507\" style=\"max-width: 100%!important; height: auto;\"\/><\/p>\n<p class=\"c-image-news__legend\">La bourse Euronext dans le quartier d&rsquo;affaires de La D\u00e9fense \u00e0 Paris<\/p>\n<p>\n par Claude Chendjou\n<\/p>\n<p>\n Les Bourses europ\u00e9ennes ont termin\u00e9 en hausse mercredi et \u00e0 Wall Street, deux des trois principaux indices \u00e9taient \u00e9galement dans le vert \u00e0 mi-s\u00e9ance sur fond de d\u00e9tente dans les rendements obligataires longs et d&rsquo;une d\u00e9cision de justice favorable \u00e0 Alphabet.\n<\/p>\n<p>\n \u00c0 Paris, le CAC 40 a fini sur un gain de 0,86% \u00e0 7.719,71 points, soutenu par le compartiment du luxe, dont l&rsquo;indice en Europe a progress\u00e9 de 0,85 au lendemain des changements de recommandation sur Kering et LVMH. Le Footsie britannique a avanc\u00e9 de 0,67% et le Dax allemand a progress\u00e9 de 0,48%.\n<\/p>\n<p>\n L&rsquo;indice EuroStoxx 50 a gagn\u00e9 0,64%, le FTSEurofirst 300 0,68% et le Stoxx 600 0,66% au lendemain d&rsquo;une perte de 1,47%, la plus importante en une s\u00e9ance depuis plus d&rsquo;un mois pour ce dernier indice.\n<\/p>\n<p>\n Au moment de la cl\u00f4ture en Europe, le Dow Jones recule de 0,43%, mais le Standard &amp; Poor&rsquo;s 500 gagne 0,27% et le Nasdaq 0,84% avec le soutien du secteur technologique (+0,62%).\n<\/p>\n<p>\n Alphabet bondit de 8,23% et Apple de 2,79% alors que la justice am\u00e9ricaine a d\u00e9cid\u00e9 mardi soir que la maison m\u00e8re de Google, qui dispose d&rsquo;un partenariat dans les moteurs de recherche sur internet avec le fabricant de l&rsquo;iPhone, ne devra pas c\u00e9der son navigateur Chrome, comme r\u00e9clam\u00e9 par les autorit\u00e9s antitrust. Google devra cependant partager des donn\u00e9es avec ses concurrents.\n<\/p>\n<p>\n Cette d\u00e9cision a \u00e9galement profit\u00e9 au secteur europ\u00e9en des nouvelles technologies qui a fini sur un gain de 0,85%.\n<\/p>\n<p>\n L&rsquo;accalmie en cl\u00f4ture dans les rendements obligataires souverains, qui avaient des niveaux records mardi et mercredi matin sur fond d&rsquo;inqui\u00e9tudes budg\u00e9taires \u00e0 travers le monde, a permis au march\u00e9s actions de souffler \u00e9galement.\n<\/p>\n<p>\n VALEURS EN EUROPE\n<\/p>\n<p>\n A Paris, Derichebourg a plong\u00e9 de 10,40% apr\u00e8s avoir abaiss\u00e9 son objectif d&rsquo;Ebitda pour cette ann\u00e9e en raison du contexte \u00e9conomique, tandis que Valneva a grimp\u00e9 de 10,06% \u00e0 la faveur de donn\u00e9es positives pour son candidat vaccin contre la maladie de Lyme.\n<\/p>\n<p>\n Dans le reste de l&rsquo;Europe, Swiss Life a recul\u00e9 de 1,21%, l&rsquo;assureur ayant publi\u00e9 un b\u00e9n\u00e9fice net en baisse au premier semestre, tandis qu&rsquo;Adidas a avanc\u00e9 de 4,81%, Jefferies \u00e9tant pass\u00e9 de \u00ab\u00a0conserver\u00a0\u00bb \u00e0 \u00ab\u00a0acheter\u00a0\u00bb sur l&rsquo;\u00e9quipementier sportif.\n<\/p>\n<p>\n LES INDICATEURS DU JOUR\n<\/p>\n<p>\n Le nombre d&rsquo;offres d&#8217;emplois aux Etats-Unis a diminu\u00e9 en juillet plus fortement que pr\u00e9vu, \u00e0 7,181 millions contre 7,357 millions en juin, selon des donn\u00e9es publi\u00e9es par le d\u00e9partement du Travail am\u00e9ricain.\n<\/p>\n<p>\n Les commandes \u00e0 l&rsquo;industrie aux Etats-Unis se sont encore contract\u00e9es en juillet mais cette baisse est moins marqu\u00e9e qu&rsquo;en juin, tandis que le recul des commandes de biens durables s&rsquo;est poursuivi.\n<\/p>\n<p>\n Les PMI ont montr\u00e9 mercredi que l&rsquo;activit\u00e9 du secteur priv\u00e9 en zone euro avait progress\u00e9 \u00e0 un rythme faible en ao\u00fbt avec un indice composite \u00e0 51,0 contre 50,9 en juillet.\n<\/p>\n<p>\n En Grande-Bretagne, le PMI composite a atteint son plus haut niveau en 12 mois, \u00e0 53,5, contre 51,5 en juillet.\n<\/p>\n<p>\n Les prix \u00e0 la production en zone euro ont augment\u00e9 plus que pr\u00e9vu en juillet, de 0,4% sur un mois et de 0,2% sur un an.\n<\/p>\n<p>\n CHANGES\n<\/p>\n<p>\n Le dollar c\u00e8de mercredi 0,34% face \u00e0 un panier de devises internationales apr\u00e8s un gain de 0,66% mardi.\n<\/p>\n<p>\n L&rsquo;euro avance de 0,31%, \u00e0 1,1675 dollar, apr\u00e8s une baisse de 0,60% la veille.\n<\/p>\n<p>\n La livre sterling, qui a perdu mardi 1,5%, rebondit de 0,43%, \u00e0 1,3449%.\n<\/p>\n<p>\n TAUX\n<\/p>\n<p>\n Le rendement des bons du Tr\u00e9sor am\u00e9ricain \u00e0 dix ans se replie de 6,2 points de base (pb), \u00e0 4,2149%, tandis que le 30 ans d\u00e9cline de sept pb, \u00e0 4,9009% apr\u00e8s avoir franchi en matin\u00e9e le seuil tr\u00e8s surveill\u00e9 des 5%.\n<\/p>\n<p>\n Celui du Bund allemand \u00e0 dix ans a c\u00e9d\u00e9 environ cinq points de base (pb), \u00e0 2,7415%, et celui \u00e0 30 ans, 5,5 pb, \u00e0 3,3606%, apr\u00e8s \u00eatre mont\u00e9s tous deux respectivement \u00e0 2,80% et 3,43%.\n<\/p>\n<p>\n En France, l&rsquo;OAT \u00e0 dix ans a abandonn\u00e9 \u00e9galement cinq pb, \u00e0 3,541% et le 30 ans 5,4 pb, \u00e0 4,45%, apr\u00e8s avoir grimp\u00e9 respectivement en s\u00e9ance jusqu&rsquo;\u00e0 3,601% et 4,523%.\n<\/p>\n<p>\n L&rsquo;\u00e9cart de rendement entre le Bund et l&rsquo;OAT \u00e0 dix ans est rest\u00e9 au dessus de 80 points de base, touchant m\u00eame en s\u00e9ance 81,12 pb, \u00e0 cinq jours d&rsquo;un vote de confiance susceptible de faire tomber le gouvernement de Fran\u00e7ois Bayrou, qui a tendu mercredi la main au Rassemblement national (RN) et au Parti socialiste (PS).\n<\/p>\n<p>\n P\u00c9TROLE\n<\/p>\n<p>\n Le march\u00e9 p\u00e9trolier est affect\u00e9 par un probable rel\u00e8vement de la production de l&rsquo;Opep+ dimanche, au regard des informations rapport\u00e9es par des sources proches.\n<\/p>\n<p>\n Le Brent reflue de 2,18% \u00e0 67,63 dollars le baril et le brut l\u00e9ger am\u00e9ricain (West Texas Intermediate, WTI) baisse de 1,94% \u00e0 64,33 dollars.\n<\/p>\n<p>\n (R\u00e9dig\u00e9 par Claude Chendjou, \u00e9dit\u00e9 par Kate Entringer)<\/p>\n","protected":false},"excerpt":{"rendered":"La bourse Euronext dans le quartier d&rsquo;affaires de La D\u00e9fense \u00e0 Paris par Claude Chendjou Les Bourses europ\u00e9ennes&hellip;\n","protected":false},"author":2,"featured_media":363941,"comment_status":"","ping_status":"","sticky":false,"template":"","format":"standard","meta":{"footnotes":""},"categories":[1586],"tags":[400,11,398,408,405,1777,674,1011,27,403,402,399,404,12,25,401,406,407],"class_list":{"0":"post-363940","1":"post","2":"type-post","3":"status-publish","4":"format-standard","5":"has-post-thumbnail","7":"category-europe","8":"tag-action-cac-40","9":"tag-actualites","10":"tag-bourse-de-paris","11":"tag-boursorama","12":"tag-cotations","13":"tag-eu","14":"tag-europe","15":"tag-fr","16":"tag-france","17":"tag-indices-devises","18":"tag-investir","19":"tag-investissement","20":"tag-marche-boursier","21":"tag-news","22":"tag-republique-francaise","23":"tag-sicav","24":"tag-trackers","25":"tag-warrants"},"share_on_mastodon":{"url":"https:\/\/pubeurope.com\/@fr\/115141941941704439","error":""},"_links":{"self":[{"href":"https:\/\/www.europesays.com\/fr\/wp-json\/wp\/v2\/posts\/363940","targetHints":{"allow":["GET"]}}],"collection":[{"href":"https:\/\/www.europesays.com\/fr\/wp-json\/wp\/v2\/posts"}],"about":[{"href":"https:\/\/www.europesays.com\/fr\/wp-json\/wp\/v2\/types\/post"}],"author":[{"embeddable":true,"href":"https:\/\/www.europesays.com\/fr\/wp-json\/wp\/v2\/users\/2"}],"replies":[{"embeddable":true,"href":"https:\/\/www.europesays.com\/fr\/wp-json\/wp\/v2\/comments?post=363940"}],"version-history":[{"count":0,"href":"https:\/\/www.europesays.com\/fr\/wp-json\/wp\/v2\/posts\/363940\/revisions"}],"wp:featuredmedia":[{"embeddable":true,"href":"https:\/\/www.europesays.com\/fr\/wp-json\/wp\/v2\/media\/363941"}],"wp:attachment":[{"href":"https:\/\/www.europesays.com\/fr\/wp-json\/wp\/v2\/media?parent=363940"}],"wp:term":[{"taxonomy":"category","embeddable":true,"href":"https:\/\/www.europesays.com\/fr\/wp-json\/wp\/v2\/categories?post=363940"},{"taxonomy":"post_tag","embeddable":true,"href":"https:\/\/www.europesays.com\/fr\/wp-json\/wp\/v2\/tags?post=363940"}],"curies":[{"name":"wp","href":"https:\/\/api.w.org\/{rel}","templated":true}]}}