{"id":363942,"date":"2025-09-03T19:09:10","date_gmt":"2025-09-03T19:09:10","guid":{"rendered":"https:\/\/www.europesays.com\/fr\/363942\/"},"modified":"2025-09-03T19:09:10","modified_gmt":"2025-09-03T19:09:10","slug":"accord-ue-mercosur-la-france-va-t-elle-donner-son-feu-vert","status":"publish","type":"post","link":"https:\/\/www.europesays.com\/fr\/363942\/","title":{"rendered":"Accord UE-Mercosur\u00a0: la France va-t-elle donner son feu vert\u00a0?"},"content":{"rendered":"<p>Les commissaires europ\u00e9ens ont valid\u00e9 en milieu de journ\u00e9e le texte de l\u2019accord, premi\u00e8re \u00e9tape avant de le soumettre aux \u00c9tats membres et aux eurod\u00e9put\u00e9s.<\/p>\n<p>\u00ab Des garanties encore plus solides \u00bb<\/p>\n<p>Bruxelles esp\u00e8re obtenir leur aval avant fin d\u00e9cembre, tant que le Br\u00e9silien Lula occupe la pr\u00e9sidence tournante du Mercosur.<\/p>\n<p>    La r\u00e9daction vous conseille<\/p>\n<p>Jusqu\u2019ici, la France menait la fronde au sein des 27. Pour la convaincre et rassurer les agriculteurs europ\u00e9ens, la Commission promet d\u00e9sormais de compl\u00e9ter l\u2019accord par un \u00ab\u00a0acte juridique\u00a0\u00bb renfor\u00e7ant les mesures de sauvegarde pour \u00ab\u00a0les produits europ\u00e9ens sensibles\u00a0\u00bb.<\/p>\n<p>    Les syndicats agricoles vent debout<br \/>\nL\u2019accord de libre-\u00e9change entre des pays du Mercosur et l\u2019Union europ\u00e9enne reste un accord \u00abtoxique\u00bb, ont estim\u00e9 hier les syndicats agricoles FNSEA et JA, appelant Emmanuel Macron \u00ab\u00e0 honorer sa parole et \u00e0 exprimer publiquement son opposition claire \u00e0 cet accord\u00bb.<br \/>\u00abOn ne peut pas se satisfaire de cette proposition qui ne r\u00e9pond pas \u00e0 la question essentielle\u00bb, a dit le pr\u00e9sident de la FNSEA, Arnaud Rousseau. <br \/>La Conf\u00e9d\u00e9ration paysanne, 3e syndicat agricole fran\u00e7ais, a annonc\u00e9 hier son intention de participer au mouvement de col\u00e8re multisectoriel pr\u00e9vu le 10 septembre, contrairement \u00e0 sa rivale la FNSEA, et manifestera aujourd\u2019hui \u00e0 Bruxelles pour s\u2019opposer \u00e0 l\u2019accord UE-Mercosur.<\/p>\n<p>L\u2019ex\u00e9cutif europ\u00e9en s\u2019engage \u00e0 intervenir en cas d\u2019impact n\u00e9gatif des importations sur certaines fili\u00e8res, comme le b\u0153uf, la volaille, le sucre et l\u2019\u00e9thanol.<\/p>\n<p>La pr\u00e9sidente de la Commission, Ursula von der Leyen, affirme avoir \u00ab\u00a0\u00e9cout\u00e9 attentivement\u00a0\u00bb agriculteurs et \u00c9tats membres. \u00ab\u00a0Nous avons mis en place des garanties encore plus solides, juridiquement contraignantes, pour les rassurer\u00a0\u00bb, a-t-elle soulign\u00e9 sur le r\u00e9seau social X.<\/p>\n<blockquote><p>\u00ab\u00a0Nous regarderons le texte avec plus de bienveillance\u00a0\u00bb<\/p><\/blockquote>\n<p>Des mesures imm\u00e9diatement salu\u00e9es \u00e0 Paris. La porte-parole du gouvernement Sophie Primas s\u2019est r\u00e9jouie que l\u2019UE \u00ab\u00a0ait entendu les r\u00e9serves\u00a0\u00bb fran\u00e7aises. Le gouvernement a encore \u00ab\u00a0besoin d\u2019analyser cette clause de sauvegarde\u00a0\u00bb, a-t-elle nuanc\u00e9.<\/p>\n<p>\u00ab\u00a0S\u2019il y a une r\u00e9ponse technique qui nous donne satisfaction, nous regarderons le texte avec plus de bienveillance. Sinon, nous resterons oppos\u00e9s\u00a0\u00bb, a dit le ministre fran\u00e7ais du Commerce ext\u00e9rieur Laurent Saint-Martin au T\u00e9l\u00e9gramme.<\/p>\n<p>Bruxelles ne cesse de marteler la n\u00e9cessit\u00e9 de diversifier les partenariats avec des \u00ab\u00a0alli\u00e9s fiables\u00a0\u00bb, alors que la concurrence est f\u00e9roce avec la Chine et que les taxes douani\u00e8res sur les produits europ\u00e9ens augmentent dans les \u00c9tats-Unis de Donald Trump.<\/p>\n<p>Cet accord doit notamment permettre \u00e0 l\u2019Union europ\u00e9enne d\u2019exporter davantage de voitures, de machines, de vins et de spiritueux en Argentine, au Br\u00e9sil, en Uruguay et au Paraguay.<\/p>\n<p>En retour, il faciliterait l\u2019entr\u00e9e de viande, sucre, riz, miel ou soja sud-am\u00e9ricains, au risque de fragiliser certaines fili\u00e8res agricoles europ\u00e9ennes.<\/p>\n","protected":false},"excerpt":{"rendered":"Les commissaires europ\u00e9ens ont valid\u00e9 en milieu de journ\u00e9e le texte de l\u2019accord, premi\u00e8re \u00e9tape avant de le&hellip;\n","protected":false},"author":2,"featured_media":363943,"comment_status":"","ping_status":"","sticky":false,"template":"","format":"standard","meta":{"footnotes":""},"categories":[1586],"tags":[11,1777,674,1779,1011,27,12,25,1778,364],"class_list":{"0":"post-363942","1":"post","2":"type-post","3":"status-publish","4":"format-standard","5":"has-post-thumbnail","7":"category-europe","8":"tag-actualites","9":"tag-eu","10":"tag-europe","11":"tag-european-union","12":"tag-fr","13":"tag-france","14":"tag-news","15":"tag-republique-francaise","16":"tag-ue","17":"tag-union-europeenne"},"share_on_mastodon":{"url":"https:\/\/pubeurope.com\/@fr\/115141945923699123","error":""},"_links":{"self":[{"href":"https:\/\/www.europesays.com\/fr\/wp-json\/wp\/v2\/posts\/363942","targetHints":{"allow":["GET"]}}],"collection":[{"href":"https:\/\/www.europesays.com\/fr\/wp-json\/wp\/v2\/posts"}],"about":[{"href":"https:\/\/www.europesays.com\/fr\/wp-json\/wp\/v2\/types\/post"}],"author":[{"embeddable":true,"href":"https:\/\/www.europesays.com\/fr\/wp-json\/wp\/v2\/users\/2"}],"replies":[{"embeddable":true,"href":"https:\/\/www.europesays.com\/fr\/wp-json\/wp\/v2\/comments?post=363942"}],"version-history":[{"count":0,"href":"https:\/\/www.europesays.com\/fr\/wp-json\/wp\/v2\/posts\/363942\/revisions"}],"wp:featuredmedia":[{"embeddable":true,"href":"https:\/\/www.europesays.com\/fr\/wp-json\/wp\/v2\/media\/363943"}],"wp:attachment":[{"href":"https:\/\/www.europesays.com\/fr\/wp-json\/wp\/v2\/media?parent=363942"}],"wp:term":[{"taxonomy":"category","embeddable":true,"href":"https:\/\/www.europesays.com\/fr\/wp-json\/wp\/v2\/categories?post=363942"},{"taxonomy":"post_tag","embeddable":true,"href":"https:\/\/www.europesays.com\/fr\/wp-json\/wp\/v2\/tags?post=363942"}],"curies":[{"name":"wp","href":"https:\/\/api.w.org\/{rel}","templated":true}]}}