{"id":363947,"date":"2025-09-03T19:12:17","date_gmt":"2025-09-03T19:12:17","guid":{"rendered":"https:\/\/www.europesays.com\/fr\/363947\/"},"modified":"2025-09-03T19:12:17","modified_gmt":"2025-09-03T19:12:17","slug":"chikungunya-deja-plus-de-300-cas-autochtones-detectes-en-france-cet-ete-un-niveau-inedit","status":"publish","type":"post","link":"https:\/\/www.europesays.com\/fr\/363947\/","title":{"rendered":"Chikungunya\u00a0: d\u00e9j\u00e0 plus de 300 cas autochtones d\u00e9tect\u00e9s en France cet \u00e9t\u00e9, un niveau in\u00e9dit"},"content":{"rendered":"<p>Plus de 300 cas autochtones de chikungunya ont \u00e9t\u00e9 d\u00e9tect\u00e9s en France cet \u00e9t\u00e9, selon des donn\u00e9es publi\u00e9es mercredi par Sant\u00e9 publique France. Il s&rsquo;agit d&rsquo;un niveau in\u00e9dit.<\/p>\n<p>Un niveau in\u00e9dit est d\u00e9sormais franchi.\u00a0Plus de 300 cas autochtones de chikungunya ont \u00e9t\u00e9 d\u00e9tect\u00e9s cet \u00e9t\u00e9 dans l&rsquo;Hexagone, selon des donn\u00e9es publi\u00e9es mercredi par Sant\u00e9 publique France,\u00a0<a class=\"IciLink ici-link IciArticleLink g-ici-body-regular-1 underline brand svelte-lu7k6w\" href=\"https:\/\/www.francebleu.fr\/infos\/sante-sciences\/chikungunya-virus-du-nil-occidental-nombre-record-de-cas-de-maladies-transmises-par-des-moustiques-en-europe-1743149\" rel=\"nofollow noopener\" target=\"_blank\">confirmation d&rsquo;une saison sans pr\u00e9c\u00e9dent pour les maladies transmises par des moustiques<\/a>.<\/p>\n<p>Au 2 septembre, \u00ab\u00a034 \u00e9pisodes de chikungunya totalisant 301 cas\u00a0\u00bb ont \u00e9t\u00e9 identifi\u00e9s dans l&rsquo;Hexagone, a r\u00e9sum\u00e9 l&rsquo;agence sanitaire dans un bilan hebdomadaire, pointant ainsi quatre nouveaux \u00e9pisodes de transmission de cette maladie virale.<br \/>Si plusieurs \u00e9pisodes sont d\u00e9sormais clos, l&rsquo;\u00e9t\u00e9 2025 est d&rsquo;une ampleur sans pr\u00e9c\u00e9dent en m\u00e9tropole pour les cas autochtones de chikungunya, dont le virus se transmet d&rsquo;un humain \u00e0 l&rsquo;autre via des piq\u00fbres de moustiques tigres.<\/p>\n<p>\u00c0 lire aussi   <img decoding=\"async\" src=\"https:\/\/www.europesays.com\/fr\/wp-content\/uploads\/2025\/09\/1756926736_828_560x315\" alt=\"Un agent d'une entreprise de lutte antiparasitaire fait une op\u00e9ration de d\u00e9moustication ordonn\u00e9e par l'Agence r\u00e9gionale de sant\u00e9 \u00e0 Bourges, le 14 ao\u00fbt 2025.\" style=\"--_image-preview:url('data:image\/jpeg;base64,\/9j\/2wBDACgcHiMeGSgjISMtKygwPGRBPDc3PHtYXUlkkYCZlo+AjIqgtObDoKrarYqMyP\/L2u71\/\/\/\/m8H\/\/\/\/6\/+b9\/\/j\/2wBDASstLTw1PHZBQXb4pYyl+Pj4+Pj4+Pj4+Pj4+Pj4+Pj4+Pj4+Pj4+Pj4+Pj4+Pj4+Pj4+Pj4+Pj4+Pj4+Pj4+Pj\/wAARCAAXACoDASIAAhEBAxEB\/8QAGAABAQEBAQAAAAAAAAAAAAAAAAIDAQX\/xAAXEAEBAQEAAAAAAAAAAAAAAAAAAREC\/8QAFQEBAQAAAAAAAAAAAAAAAAAAAAH\/xAAUEQEAAAAAAAAAAAAAAAAAAAAA\/9oADAMBAAIRAxEAPwDyJFSEi5EHMMXhYDOpXYkFyNJABWOWAoy6iAB\/\/9k=');\" loading=\"lazy\" fetchpriority=\"low\" aria-hidden=\"true\" class=\"svelte-1pnmlwx rounded\" onload=\"this.__e=event\" onerror=\"this.__e=event\"\/><\/p>\n<p>Le nombre important de foyers de chikungunya et leur pr\u00e9cocit\u00e9 est partiellement li\u00e9 \u00e0 l&rsquo;<strong>\u00e9pid\u00e9mie de grande ampleur qui a s\u00e9vi \u00e0 La R\u00e9union<\/strong> et dans la zone de l&rsquo;oc\u00e9an Indien et favoris\u00e9 l&rsquo;arriv\u00e9e de cas import\u00e9s, lesquels ont ensuite favoris\u00e9 des contaminations en m\u00e9tropole.<\/p>\n<p>L&rsquo;expansion du chikungunya s&rsquo;inscrit aussi dans un contexte o\u00f9 le <strong>moustique tigre<\/strong>, encore absent de m\u00e9tropole voici quelques d\u00e9cennies, est d\u00e9sormais implant\u00e9 presque partout, sur fond de r\u00e9chauffement climatique.<\/p>\n<p><img loading=\"lazy\" decoding=\"async\" class=\"VisualPreview svelte-1rldrkz\" src=\"data:image\/jpeg;base64,\/9j\/2wBDACgcHiMeGSgjISMtKygwPGRBPDc3PHtYXUlkkYCZlo+AjIqgtObDoKrarYqMyP\/L2u71\/\/\/\/m8H\/\/\/\/6\/+b9\/\/j\/2wBDASstLTw1PHZBQXb4pYyl+Pj4+Pj4+Pj4+Pj4+Pj4+Pj4+Pj4+Pj4+Pj4+Pj4+Pj4+Pj4+Pj4+Pj4+Pj4+Pj4+Pj\/wAARCAAqACgDASIAAhEBAxEB\/8QAFwABAQEBAAAAAAAAAAAAAAAAAAECBf\/EABcQAQEBAQAAAAAAAAAAAAAAAAARARL\/xAAVAQEBAAAAAAAAAAAAAAAAAAAAAf\/EABQRAQAAAAAAAAAAAAAAAAAAAAD\/2gAMAwEAAhEDEQA\/AOlysbhAYixqLAYg3AFRdZ0UpUEVvBnBUVNUBkVBVwAR\/9k=\" alt=\"Carte de France des communes colonis\u00e9es par le moustique tigre depuis son arriv\u00e9e en 2004.\" width=\"600\" height=\"618\"\/>  Carte de France des communes colonis\u00e9es par le moustique tigre depuis son arriv\u00e9e en 2004. \u00a9 AFP &#8211; Laurence SAUBADU<\/p>\n<p>Autre maladie transmise par le moustique tigre et en augmentation,\u00a0<a class=\"IciLink ici-link IciArticleLink g-ici-body-regular-1 underline brand svelte-lu7k6w\" href=\"https:\/\/www.francebleu.fr\/infos\/sante-sciences\/contamination-symptomes-traitements-tout-savoir-sur-la-dengue-cette-grippe-tropicale-transmise-par-le-moustique-9383518\" rel=\"nofollow noopener\" target=\"_blank\">la dengue<\/a>\u00a0a entra\u00een\u00e9 jusqu&rsquo;ici dix foyers estivaux en m\u00e9tropole, pour un total de 19 cas, sans atteindre le record de 2024 (66 cas).<\/p>\n<p>\u00c0 lire aussi   <img decoding=\"async\" src=\"https:\/\/www.europesays.com\/fr\/wp-content\/uploads\/2025\/09\/1756926737_848_560x315\" alt=\"Plus de 3.000 cas de dengue ont \u00e9t\u00e9 import\u00e9s en France m\u00e9tropolitaine depuis le d\u00e9but de l'ann\u00e9e (photo d'illustration).\" style=\"--_image-preview:url('data:image\/jpeg;base64,\/9j\/2wBDACgcHiMeGSgjISMtKygwPGRBPDc3PHtYXUlkkYCZlo+AjIqgtObDoKrarYqMyP\/L2u71\/\/\/\/m8H\/\/\/\/6\/+b9\/\/j\/2wBDASstLTw1PHZBQXb4pYyl+Pj4+Pj4+Pj4+Pj4+Pj4+Pj4+Pj4+Pj4+Pj4+Pj4+Pj4+Pj4+Pj4+Pj4+Pj4+Pj4+Pj\/wAARCAAXACoDASIAAhEBAxEB\/8QAFwABAQEBAAAAAAAAAAAAAAAAAAECA\/\/EABUQAQEAAAAAAAAAAAAAAAAAAAAB\/8QAFQEBAQAAAAAAAAAAAAAAAAAAAQD\/xAAUEQEAAAAAAAAAAAAAAAAAAAAA\/9oADAMBAAIRAxEAPwDqlVAWRQpAEGkAEQCgBB\/\/2Q==');\" loading=\"lazy\" fetchpriority=\"low\" aria-hidden=\"true\" class=\"svelte-1pnmlwx rounded\" onload=\"this.__e=event\" onerror=\"this.__e=event\"\/><\/p>\n<p>Les cas de chikungunya et de dengue identifi\u00e9s cet \u00e9t\u00e9 se situent dans les r\u00e9gions Provence-Alpes-C\u00f4te d&rsquo;Azur (Paca), Corse, Occitanie, Auvergne-Rh\u00f4ne-Alpes, d\u00e9j\u00e0 affect\u00e9es les ann\u00e9es pr\u00e9c\u00e9dentes, et,\u00a0<a class=\"IciLink ici-link IciArticleLink g-ici-body-regular-1 underline brand svelte-lu7k6w\" href=\"https:\/\/www.francebleu.fr\/infos\/sante-sciences\/chikungunya-un-premier-cas-de-transmission-de-la-maladie-en-alsace-2671339\" rel=\"nofollow noopener\" target=\"_blank\">pour la premi\u00e8re fois cette ann\u00e9e, en Grand Est<\/a>, Nouvelle-Aquitaine et\u00a0<a class=\"IciLink ici-link IciArticleLink g-ici-body-regular-1 underline brand svelte-lu7k6w\" href=\"https:\/\/www.francebleu.fr\/emissions\/l-info-d-ici-ici-bourgogne\/moustiques-tigre-une-operation-de-demoustication-a-dijon-apres-la-decouverte-d-un-cas-autochtone-5892729\" rel=\"nofollow noopener\" target=\"_blank\">Bourgogne-Franche-Comt\u00e9<\/a>.<\/p>\n<p>\u00ab\u00a0Avec la persistance de foyers actifs, notamment dans des zones touristiques du sud de la France, et le retour des vacances d&rsquo;\u00e9t\u00e9, le risque de foyers secondaires dans d&rsquo;autres r\u00e9gions en France est augment\u00e9\u00a0\u00bb, note Sant\u00e9 publique France.<\/p>\n<p>Autre maladie sous surveillance renforc\u00e9e\u00a0: la fi\u00e8vre \u00ab\u00a0West Nile\u00a0\u00bb ou fi\u00e8vre du Nil occidental, qui n&rsquo;est pas transmise par le moustique tigre mais par la vari\u00e9t\u00e9 Culex, plus courante en France m\u00e9tropolitaine. Avec 20 cas autochtones identifi\u00e9s, il n&rsquo;y a pas de record battu pour l&rsquo;instant cet \u00e9t\u00e9 dans l&rsquo;Hexagone, mais leur localisation confirme une transmission croissante hors de la zone historique de l&rsquo;arc m\u00e9diterran\u00e9en. Outre ceux en Paca et en Occitanie, plusieurs cas ont \u00e9t\u00e9 identifi\u00e9s en Ile-de-France et en Auvergne-Rh\u00f4ne-Alpes pour la premi\u00e8re fois.<\/p>\n","protected":false},"excerpt":{"rendered":"Plus de 300 cas autochtones de chikungunya ont \u00e9t\u00e9 d\u00e9tect\u00e9s en France cet \u00e9t\u00e9, selon des donn\u00e9es publi\u00e9es&hellip;\n","protected":false},"author":2,"featured_media":363948,"comment_status":"","ping_status":"","sticky":false,"template":"","format":"standard","meta":{"footnotes":""},"categories":[4],"tags":[11,1011,27,12,25],"class_list":{"0":"post-363947","1":"post","2":"type-post","3":"status-publish","4":"format-standard","5":"has-post-thumbnail","7":"category-france","8":"tag-actualites","9":"tag-fr","10":"tag-france","11":"tag-news","12":"tag-republique-francaise"},"share_on_mastodon":{"url":"https:\/\/pubeurope.com\/@fr\/115141957813234967","error":""},"_links":{"self":[{"href":"https:\/\/www.europesays.com\/fr\/wp-json\/wp\/v2\/posts\/363947","targetHints":{"allow":["GET"]}}],"collection":[{"href":"https:\/\/www.europesays.com\/fr\/wp-json\/wp\/v2\/posts"}],"about":[{"href":"https:\/\/www.europesays.com\/fr\/wp-json\/wp\/v2\/types\/post"}],"author":[{"embeddable":true,"href":"https:\/\/www.europesays.com\/fr\/wp-json\/wp\/v2\/users\/2"}],"replies":[{"embeddable":true,"href":"https:\/\/www.europesays.com\/fr\/wp-json\/wp\/v2\/comments?post=363947"}],"version-history":[{"count":0,"href":"https:\/\/www.europesays.com\/fr\/wp-json\/wp\/v2\/posts\/363947\/revisions"}],"wp:featuredmedia":[{"embeddable":true,"href":"https:\/\/www.europesays.com\/fr\/wp-json\/wp\/v2\/media\/363948"}],"wp:attachment":[{"href":"https:\/\/www.europesays.com\/fr\/wp-json\/wp\/v2\/media?parent=363947"}],"wp:term":[{"taxonomy":"category","embeddable":true,"href":"https:\/\/www.europesays.com\/fr\/wp-json\/wp\/v2\/categories?post=363947"},{"taxonomy":"post_tag","embeddable":true,"href":"https:\/\/www.europesays.com\/fr\/wp-json\/wp\/v2\/tags?post=363947"}],"curies":[{"name":"wp","href":"https:\/\/api.w.org\/{rel}","templated":true}]}}