{"id":363949,"date":"2025-09-03T19:13:14","date_gmt":"2025-09-03T19:13:14","guid":{"rendered":"https:\/\/www.europesays.com\/fr\/363949\/"},"modified":"2025-09-03T19:13:14","modified_gmt":"2025-09-03T19:13:14","slug":"golf-professionnel-lactu-du-1er-au-7-septembre-federation-francaise-de-golf","status":"publish","type":"post","link":"https:\/\/www.europesays.com\/fr\/363949\/","title":{"rendered":"Golf professionnel : L&#039;actu du 1er au 7 septembre &#8211; F\u00e9d\u00e9ration Fran\u00e7aise de Golf"},"content":{"rendered":"<ol>\n<li><a href=\"https:\/\/news.google.com\/rss\/articles\/CBMingFBVV95cUxQZW9YMkFuV1FHS1hXTW1UdmdyM1ZMUDVqcWNkVFM5X00tSlBjYnZDMkNZUHBuZXJReHNhTWxMV2NXWmJBT3J0aFY4ay1CSm5iVnBXRjc3cHhmeWpqeUJnbko2NE5veG9DcTYxSGVqY193U1h2WF9oSlAtVUNmeDJkVE00N3dSVVUwNktiZ1dEd1ZjM3pLaTBHSWFWQVFlQQ?oc=5\" target=\"_blank\" rel=\"nofollow noopener\">Golf professionnel : L&rsquo;actu du 1er au 7 septembre<\/a>&nbsp;&nbsp;F\u00e9d\u00e9ration Fran\u00e7aise de Golf<\/li>\n<li><a href=\"https:\/\/news.google.com\/rss\/articles\/CBMiiAJBVV95cUxOXzgzNTJCcW5veV9XS0FPQ1VUamZHeURTajdwZ05BNWZmelRtVGdFeTZlQWRFZ3l6ZjlDMXU5OUJMVVd2QmNFX2VIZnhSWXdOczlPQUJDMXhTT1NRMTNyWkNYZk9vZFFCZkhhTHYxWDgyRDkwTDBsVThUckdpeDBZVWZ4RkVJcy0xbXVEQ251U1BDQkNMamtNMUdXQ1REVkVkX3J5WG9ZcW1vM1NYWENodUR3RmdFa04xdDJ6dDNvZ09EQ0pVOG81NkVhNVllcE4wOHgtWnZUc2I5dTV6UXN1ZnNvTEMtbVZyWUM4dHBBbW1Ecm90bHpuZ3pObHFGZ3lNUjl3QnVxM3k?oc=5\" target=\"_blank\" rel=\"nofollow noopener\">Golf. ALPS Tour: 53 Fran\u00e7ais jeudi \u00e0 Longwy pour tenter d\u2019int\u00e9grer le top 5 et voir plus grand<\/a>&nbsp;&nbsp;Ouest-France<\/li>\n<li><a href=\"https:\/\/news.google.com\/rss\/articles\/CBMipwFBVV95cUxPQjI4SEJHTUx1RGQ0aWx2NTR2VVRZQ1pvQjA2NjlCbmVuTnNtbzRsMVQzMnpNSFVlcHpXNzc4ZUZoUTdpSmFWMU42Ry1NYjh3RXBiM1IycS1QNEZZNVJJQmFwTjRha1A1RXd1cEZLNWswZ1ctbklRUUp1SzhPYzBqaXlrWGNpRldycXhLQWc0OWRxNVNFQk4wT0g0Ty1QX1NDWW5PY3oydw?oc=5\" target=\"_blank\" rel=\"nofollow noopener\">Golf. Alps Tour : la succession de Damien Perrier est ouverte \u00e0 Longwy<\/a>&nbsp;&nbsp;Le Republicain Lorrain<\/li>\n<li><a href=\"https:\/\/news.google.com\/rss\/articles\/CBMitgFBVV95cUxQUFhBb2JHZTM2ZDRHdGFVSVNYSmlmM0RqY0xlV0l4N1BIVW9LRnlMSlpueEU1VWZYVGtHMVhBZWdRMjIxZG9ocFdmcVRCWmhlWXU4ajA3SXRQVWNnMHpzTTZPQUJqLTN2aDJuRFpVcFota3hvZ3ZhaXpaV0gzbnBKcTgzZ3MwaEhhNWVOOEM2SGJBTTFVby0wV0V1TEIxcHd3d2NLRjVrVkdfZjZnOEFWVGlVU05DQQ?oc=5\" target=\"_blank\" rel=\"nofollow noopener\">Shane Lowry et Rory McIlroy sur le DP World Tour au programme de la semaine<\/a>&nbsp;&nbsp;Golf Plan\u00e8te<\/li>\n<\/ol>\n","protected":false},"excerpt":{"rendered":"Golf professionnel : L&rsquo;actu du 1er au 7 septembre&nbsp;&nbsp;F\u00e9d\u00e9ration Fran\u00e7aise de Golf Golf. ALPS Tour: 53 Fran\u00e7ais jeudi&hellip;\n","protected":false},"author":2,"featured_media":363950,"comment_status":"","ping_status":"","sticky":false,"template":"","format":"standard","meta":{"footnotes":""},"categories":[1418],"tags":[1011,27,1472,60],"class_list":{"0":"post-363949","1":"post","2":"type-post","3":"status-publish","4":"format-standard","5":"has-post-thumbnail","7":"category-golf","8":"tag-fr","9":"tag-france","10":"tag-golf","11":"tag-sports"},"share_on_mastodon":{"url":"https:\/\/pubeurope.com\/@fr\/115141961480937897","error":""},"_links":{"self":[{"href":"https:\/\/www.europesays.com\/fr\/wp-json\/wp\/v2\/posts\/363949","targetHints":{"allow":["GET"]}}],"collection":[{"href":"https:\/\/www.europesays.com\/fr\/wp-json\/wp\/v2\/posts"}],"about":[{"href":"https:\/\/www.europesays.com\/fr\/wp-json\/wp\/v2\/types\/post"}],"author":[{"embeddable":true,"href":"https:\/\/www.europesays.com\/fr\/wp-json\/wp\/v2\/users\/2"}],"replies":[{"embeddable":true,"href":"https:\/\/www.europesays.com\/fr\/wp-json\/wp\/v2\/comments?post=363949"}],"version-history":[{"count":0,"href":"https:\/\/www.europesays.com\/fr\/wp-json\/wp\/v2\/posts\/363949\/revisions"}],"wp:featuredmedia":[{"embeddable":true,"href":"https:\/\/www.europesays.com\/fr\/wp-json\/wp\/v2\/media\/363950"}],"wp:attachment":[{"href":"https:\/\/www.europesays.com\/fr\/wp-json\/wp\/v2\/media?parent=363949"}],"wp:term":[{"taxonomy":"category","embeddable":true,"href":"https:\/\/www.europesays.com\/fr\/wp-json\/wp\/v2\/categories?post=363949"},{"taxonomy":"post_tag","embeddable":true,"href":"https:\/\/www.europesays.com\/fr\/wp-json\/wp\/v2\/tags?post=363949"}],"curies":[{"name":"wp","href":"https:\/\/api.w.org\/{rel}","templated":true}]}}