{"id":363951,"date":"2025-09-03T19:15:15","date_gmt":"2025-09-03T19:15:15","guid":{"rendered":"https:\/\/www.europesays.com\/fr\/363951\/"},"modified":"2025-09-03T19:15:15","modified_gmt":"2025-09-03T19:15:15","slug":"rugby-top-14-la-section-paloise-dans-le-top-6-entre-croyances-et-doutes","status":"publish","type":"post","link":"https:\/\/www.europesays.com\/fr\/363951\/","title":{"rendered":"Rugby &#8211; Top 14\u00a0: la Section Paloise dans le top 6, entre croyances et doutes"},"content":{"rendered":"<p><strong>Un effectif stable et renforc\u00e9<\/strong><\/p>\n<p>Si neuf joueurs ont quitt\u00e9 la Section Paloise cet \u00e9t\u00e9, elle n\u2019a aucune \u00e9norme perte sportive \u00e0 d\u00e9plorer. Certes, les historiques centurions Lekima Tagitagivalu et Nacho Calles, ainsi qu\u2019Eliott Roudil, ont quitt\u00e9 le B\u00e9arn. Mais ils ne faisaient plus partie des joueurs majeurs depuis deux saisons. \u00c0 l\u2019\u00e9t\u00e9 2024, l\u2019effectif b\u00e9arnais avait \u00e9t\u00e9 renouvel\u00e9 en profondeur avec douze arriv\u00e9es. L\u2019intersaison 2025 a \u00e9t\u00e9 plus calme. Mais porteuse de grands espoirs. Avec les arriv\u00e9es des internationaux argentins Facundo Isa et Julian Montoya, ainsi que celle de Thomas Laclayat, pilier droit aux 2 s\u00e9lections avec le XV de France, Pau a gagn\u00e9 en qualit\u00e9.<\/p>\n<p><strong>Deux saisons \u00e0 deux points du top&#8230;<\/strong><\/p>\n<p><strong>Un effectif stable et renforc\u00e9<\/strong><\/p>\n<p>Si neuf joueurs ont quitt\u00e9 la Section Paloise cet \u00e9t\u00e9, elle n\u2019a aucune \u00e9norme perte sportive \u00e0 d\u00e9plorer. Certes, les historiques centurions Lekima Tagitagivalu et Nacho Calles, ainsi qu\u2019Eliott Roudil, ont quitt\u00e9 le B\u00e9arn. Mais ils ne faisaient plus partie des joueurs majeurs depuis deux saisons. \u00c0 l\u2019\u00e9t\u00e9 2024, l\u2019effectif b\u00e9arnais avait \u00e9t\u00e9 renouvel\u00e9 en profondeur avec douze arriv\u00e9es. L\u2019intersaison 2025 a \u00e9t\u00e9 plus calme. Mais porteuse de grands espoirs. Avec les arriv\u00e9es des internationaux argentins Facundo Isa et Julian Montoya, ainsi que celle de Thomas Laclayat, pilier droit aux 2 s\u00e9lections avec le XV de France, Pau a gagn\u00e9 en qualit\u00e9.<\/p>\n<p><strong>Deux saisons \u00e0 deux points du top 6<\/strong><\/p>\n<p>\u00ab\u00a0Si loin, si pr\u00e8s\u00a0\u00bb\u00a0: l\u2019expression colle parfaitement au rapport qu\u2019entretient la Section avec le top 6. En juin 2024, elle avait \u00e9chou\u00e9 \u00e0 la 9e place, \u00e0 2 points du Racing 92, 6e. Il y a trois mois, ce faible \u00e9cart \u00e9tait le m\u00eame avec Clermont et Castres, 5e et 6e ex-aequo. Mais cette fois, les Vert et Blanc se sont rapproch\u00e9s de leur but en glanant la 8e place, synonyme de retour en Champions Cup. Si proche du grand bonheur de go\u00fbter \u00e0 nouveau \u00e0 la phase finale du Top 14, qu\u2019elle n\u2019a plus disput\u00e9 depuis 2003, la bande \u00e0 Piqueronies ne veut plus s\u2019en \u00e9loigner.<\/p>\n<p><strong>Une capacit\u00e9 \u00e0 (enfin) battre les gros r\u00e9guli\u00e8rement<\/strong><\/p>\n<p>Le symbole \u00e9tait fort mais il devra devenir une habitude. Le 7\u00a0juin, pour la derni\u00e8re journ\u00e9e de Top 14, Pau a battu La\u00a0Rochelle pour la premi\u00e8re fois au Hameau depuis 2018 (6 d\u00e9faites d\u2019affil\u00e9e). Deux semaines avant, les Vert et Blanc s\u2019\u00e9taient offert le scalp de Toulon \u00e0 domicile. Soit les deux adversaires contre lesquels elle a le moins gagn\u00e9 depuis son retour dans l\u2019\u00e9lite en 2015 (4 victoires en 19 rencontres). D\u00e9but mars, les B\u00e9arnais l\u2019avaient emport\u00e9 au Racing 92, un succ\u00e8s in\u00e9dit au XXIe\u00a0si\u00e8cle dans les Hauts-de-Seine\u00a0! D\u00e9sormais, ils peuvent battre tout le monde.<\/p>\n<p><strong>Une saison pr\u00e9par\u00e9e comme jamais<\/strong><\/p>\n<p>Cet \u00e9t\u00e9, la Section Paloise a \u00e9t\u00e9 le premier club de Top 14 \u00e0 reprendre l\u2019entra\u00eenement, d\u00e8s le mercredi 9\u00a0juillet. Une volont\u00e9 d\u2019anticiper pour mieux pr\u00e9parer les corps, trop souvent bless\u00e9s la saison pass\u00e9e, avec un staff m\u00e9dical renforc\u00e9 de plusieurs kin\u00e9s afin d\u2019assurer un suivi plus optimal et pouss\u00e9 des joueurs. Physiquement, la pr\u00e9paration a \u00e9t\u00e9 intense comme jamais. Et avec un groupe peu retouch\u00e9, le projet de jeu a \u00e9t\u00e9 plus facilement absorb\u00e9. En sus, les pelouses du centre d\u2019entra\u00eenement et du Hameau n\u2019ont pas subi les habituelles et malheureuses avaries estivales. De quoi lancer sereinement l\u2019exercice 2025-2026.<\/p>\n<p><strong>Une dynamique positive<\/strong><\/p>\n<p>Mal embarqu\u00e9s, les Vert et Blanc ont s\u00e9rieusement d\u00e9coll\u00e9 en deuxi\u00e8me partie de saison derni\u00e8re. 8 victoires sur 13 matchs jou\u00e9s, 37 points glan\u00e9s, les Palois ont mis les gaz, terminant sur quatre victoires d\u2019affil\u00e9e. En dehors du terrain \u00e9galement, les voyants sont au vert avec un budget historique \u00e0 plus de 30\u00a0millions d\u2019euros et un centre de performance dont les plans ont \u00e9t\u00e9 valid\u00e9s, qui sortira de terre ces prochains mois. Sous une bonne \u00e9toile, les B\u00e9arnais veulent aller en d\u00e9crocher d\u2019autres dans le ciel du Top 14\u00a0: \u00ab\u00a0on vise le top 6\u00a0\u00bb, affirment sans d\u00e9tour joueurs et dirigeants sectionnistes.<\/p>\n<p>        <img decoding=\"async\" id=\"25777458\" src=\"https:\/\/www.europesays.com\/fr\/wp-content\/uploads\/2025\/09\/rep-595-hd15033.jpg\" alt=\"Les avants palois auront \u00e0 se montrer plus r\u00e9guliers, notamment en m\u00eal\u00e9e. \" itemprop=\"contentURL\"\/><\/p>\n<p>    Les avants palois auront \u00e0 se montrer plus r\u00e9guliers, notamment en m\u00eal\u00e9e. <\/p>\n<p>Rodolphe MARTIN<\/p>\n<p>    La r\u00e9daction vous conseille<\/p>\n<p>    La r\u00e9daction vous conseille<\/p>\n<p>Pourquoi on peut douter<\/p>\n<p><strong>Quelques joueurs indispensables<\/strong><\/p>\n<p>Ces derniers mois l\u2019ont montr\u00e9, les matchs de pr\u00e9paration l\u2019ont confirm\u00e9. Lorsque certains leaders ou talents manquent (Whitelock, Simmonds, Gorgadze, Maddocks, Rey, les internationaux fran\u00e7ais Daubagna, Gailleton, Attissogbe, Auradou), la Section Paloise n\u2019a plus du tout le m\u00eame visage. Or, avec 30 matchs de haut niveau \u00e0 jouer au minimum cette saison, il faudra que d\u2019autres t\u00eates \u00e9mergent. En gonflant l\u2019effectif pro \u00e0 52 joueurs cet \u00e9t\u00e9, le staff b\u00e9arnais nourrissait cette ambition.<\/p>\n<p><strong>Une rude concurrence<\/strong><\/p>\n<p>Un top 6, c\u2019est bien, mais \u00e7a ne laisse pas beaucoup de place \u00e0 l\u2019erreur. Parce que Toulouse, Bordeaux-B\u00e8gles et d\u00e9sormais Toulon semblent avoir de la marge sur les autres. Derri\u00e8re, sept clubs (Bayonne, Clermont, Castres, La\u00a0Rochelle, Pau, Montpellier et Lyon) clament leur d\u00e9sir de participer \u00e0 la prochaine phase finale. Il y aura forc\u00e9ment plusieurs d\u00e9\u00e7us. Et l\u2019histoire r\u00e9cente tend \u00e0 penser que la Section pourrait en faire partie. Parce que l\u2019ASM, le CO et les Maritimes, avec qui elle sera \u00e0 la lutte, ont toujours fini devant elle ces deux derni\u00e8res saisons.<\/p>\n<p><strong>Une irr\u00e9gularit\u00e9 qui colle \u00e0 la peau<\/strong><\/p>\n<p>\u00c0 Pau ces dix derni\u00e8res ann\u00e9es, les plaisirs ont souvent \u00e9t\u00e9 trop \u00e9ph\u00e9m\u00e8res. Alors que le club \u00e9tait lanc\u00e9 sur une dynamique positive de 2016 \u00e0 2018 (9e puis 8e, comme ces deux derni\u00e8res saisons), la courbe \u00e9tait ensuite devenue mortif\u00e8re (11e, 12e, 12e les trois exercices suivants). R\u00e9sultat, jamais la Section n\u2019est parvenue \u00e0 performer plus de deux ans d\u2019affil\u00e9e. Pis, au c\u0153ur des saisons, ce sont les montagnes russes, avec des s\u00e9ries r\u00e9currentes de trois ou quatre revers cons\u00e9cutifs (voire plus) qui sapent le moral et les objectifs b\u00e9arnais. Capables du meilleur comme du pire, les Vert et Blanc sont terriblement impr\u00e9visibles.<\/p>\n<p>        <img decoding=\"async\" id=\"25777494\" src=\"https:\/\/www.europesays.com\/fr\/wp-content\/uploads\/2025\/09\/la-section-face-a-ses-adversaires-de-top14-2025.jpg\" itemprop=\"contentURL\"\/><\/p>\n<p>Repro PP<\/p>\n<p><strong>De grosses cadences \u00e0 g\u00e9rer<\/strong><\/p>\n<p>Plut\u00f4t performante en sprint, lorsqu\u2019elle fait face \u00e0 un calendrier morcel\u00e9, la Section Paloise souffre d\u00e8s que la distance s\u2019allonge, sur les longs marathons de la premi\u00e8re partie de saison du Top 14. Or, avec la Champions Cup et ses exigences plus \u00e9lev\u00e9es que la Challenge Cup, les hommes de S\u00e9bastien Piqueronies vont faire face \u00e0 des cadences infernales. En championnat, ils seront sur le pont pendant neuf week-ends d\u2019affil\u00e9e pour d\u00e9buter, avant de rel\u00e2cher deux semaines d\u00e9but novembre puis de replonger dans un tunnel de onze rencontres (dont quatre europ\u00e9ennes), jusqu\u2019\u00e0 fin janvier. Un programme dantesque, auquel il faut ajouter l\u2019impact des doublons internationaux de novembre et f\u00e9vrier-mars, qui pourraient concerner cinq journ\u00e9es de championnat et six voire sept (Gorgadze\u00a0?) joueurs b\u00e9arnais.<\/p>\n<p><strong>Des garanties, mais pas trop<\/strong><\/p>\n<p>La Section Paloise a des choses sur lesquelles s\u2019appuyer\u00a0: sa touche est l\u2019une des plus performantes de l\u2019\u00e9lite, quand sa ligne de trois-quarts s\u2019av\u00e8re l\u00e9tale d\u00e8s lors qu\u2019elle a des ballons rapides \u00e0 exploiter. Probl\u00e8me, la conqu\u00eate et le jeu au sol peinent \u00e0 se stabiliser \u00e0 leur meilleur niveau. En ao\u00fbt, les avants sont partis faire un stage sp\u00e9cifique pour affiner leurs automatismes. Du 5 de devant d\u00e9pend beaucoup de choses. De l\u2019infirmerie aussi, trop souvent remplie ces derniers mois pour offrir de la continuit\u00e9 et de l\u2019\u00e9nergie.<\/p>\n","protected":false},"excerpt":{"rendered":"Un effectif stable et renforc\u00e9 Si neuf joueurs ont quitt\u00e9 la Section Paloise cet \u00e9t\u00e9, elle n\u2019a aucune&hellip;\n","protected":false},"author":2,"featured_media":363952,"comment_status":"","ping_status":"","sticky":false,"template":"","format":"standard","meta":{"footnotes":""},"categories":[1416],"tags":[1011,27,479,1468,60],"class_list":{"0":"post-363951","1":"post","2":"type-post","3":"status-publish","4":"format-standard","5":"has-post-thumbnail","7":"category-rugby","8":"tag-fr","9":"tag-france","10":"tag-rugby","11":"tag-rugby-football","12":"tag-sports"},"share_on_mastodon":{"url":"https:\/\/pubeurope.com\/@fr\/115141969608927427","error":""},"_links":{"self":[{"href":"https:\/\/www.europesays.com\/fr\/wp-json\/wp\/v2\/posts\/363951","targetHints":{"allow":["GET"]}}],"collection":[{"href":"https:\/\/www.europesays.com\/fr\/wp-json\/wp\/v2\/posts"}],"about":[{"href":"https:\/\/www.europesays.com\/fr\/wp-json\/wp\/v2\/types\/post"}],"author":[{"embeddable":true,"href":"https:\/\/www.europesays.com\/fr\/wp-json\/wp\/v2\/users\/2"}],"replies":[{"embeddable":true,"href":"https:\/\/www.europesays.com\/fr\/wp-json\/wp\/v2\/comments?post=363951"}],"version-history":[{"count":0,"href":"https:\/\/www.europesays.com\/fr\/wp-json\/wp\/v2\/posts\/363951\/revisions"}],"wp:featuredmedia":[{"embeddable":true,"href":"https:\/\/www.europesays.com\/fr\/wp-json\/wp\/v2\/media\/363952"}],"wp:attachment":[{"href":"https:\/\/www.europesays.com\/fr\/wp-json\/wp\/v2\/media?parent=363951"}],"wp:term":[{"taxonomy":"category","embeddable":true,"href":"https:\/\/www.europesays.com\/fr\/wp-json\/wp\/v2\/categories?post=363951"},{"taxonomy":"post_tag","embeddable":true,"href":"https:\/\/www.europesays.com\/fr\/wp-json\/wp\/v2\/tags?post=363951"}],"curies":[{"name":"wp","href":"https:\/\/api.w.org\/{rel}","templated":true}]}}