{"id":363953,"date":"2025-09-03T19:16:11","date_gmt":"2025-09-03T19:16:11","guid":{"rendered":"https:\/\/www.europesays.com\/fr\/363953\/"},"modified":"2025-09-03T19:16:11","modified_gmt":"2025-09-03T19:16:11","slug":"karolina-muchova-naomi-osaka-grand-chelem-us-open-quarts-de-finale-jeudi-04-septembre-2025-lequipe","status":"publish","type":"post","link":"https:\/\/www.europesays.com\/fr\/363953\/","title":{"rendered":"Karolina Muchova &#8211; Naomi Osaka, Grand Chelem, US Open, Quarts de finale, Jeudi 04 septembre 2025 &#8211; L&#039;\u00c9quipe"},"content":{"rendered":"<ol>\n<li><a href=\"https:\/\/news.google.com\/rss\/articles\/CBMiwAFBVV95cUxQMkhXM3NCMllXZUpyMy0waW1FUHpiUjJmRE1WcFRUMEhvOVo0QThRcnRZSlkzaUdTZlJ4ZzJCMmxOM1M2Rkh0ZGNlTk93S0FzX0FMVXE0OWhxMk5wRXAtbUZ3czhDWlhhbVdCc1pxUFJFdkVpSFR2Nms1RWxURHE5V3BUc2J4eHFwbzZrV1hwWGxBNDlwa3ZyTXNqMUp4V1gxVy03YnVqdm45NHFMQmxIajF5YlJDcDFMcDVwU2M2YWo?oc=5\" target=\"_blank\" rel=\"nofollow noopener\">Karolina Muchova &#8211; Naomi Osaka, Grand Chelem, US Open, Quarts de finale, Jeudi 04 septembre 2025<\/a>&nbsp;&nbsp;L&rsquo;\u00c9quipe<\/li>\n<li><a href=\"https:\/\/news.google.com\/rss\/articles\/CBMiqgFBVV95cUxQTGtTOEdveVlyUXgzU3FKdUdZUlg2QjdpU2VKYkc0dG1lQmJxRlNFdG9fdUdZNlhEaTVLZlNMbjl1VGl6MlZhbUtrbFpuNmprRWRtalA4elo5TzBYMWd0YVVsM1pXMmw3dURHeWpUOG1wcVR6dGtzRFBUdXpHejdGSUhjcWNacGV4dmdSTkY2YW9WRk56X2NZVFI1c0pjbDBHYzlBZXduNEV6UQ?oc=5\" target=\"_blank\" rel=\"nofollow noopener\">Karol\u00edna Muchov\u00e1 &#8211; Naomi Osaka en direct &#8211; US Open dames : Tennis Scores &amp; R\u00e9sultats &#8211; 03\/09\/2025<\/a>&nbsp;&nbsp;Eurosport<\/li>\n<li><a href=\"https:\/\/news.google.com\/rss\/articles\/CBMigwJBVV95cUxNQmJXT3Y5a3c2OWYyaW5uN3NCVFpRTVp0QXFqUl9TZU4wamdjZ3pIX1UxWWdaOFFUeE5uakRJYWJPMnNVNGV2dmY2cTcteERweUdqOGNISEJpYWtiNlI3MU5CTC1kM190NWJRZVQxWkhCZTNmWHlNMkFfNW1ERURkWHpEbEZKblJYZ3JjWGtWbU53RVNxTzFIOW96UzBpZUNZTkVMelgzTk1WV0Q3MnBiZlEwX2E3OWNkZkV1Wk5lcmhJUGhLOGlnQ013NG5BdmJiN1BKbmNQS3ZyM1RIaUFwNU9xRVMtQzdidjJxTC0zc3dKVGV4a0x4S0pvWHRDTnpfMkF3?oc=5\" target=\"_blank\" rel=\"nofollow noopener\">US Open 2025 &#8211; Karolina Muchova : \u00ab\u00a0Naomi Osaka a retrouv\u00e9 cette conviction qu&rsquo;elle peut \u00eatre la meilleure&#8230;\u00a0\u00bb<\/a>&nbsp;&nbsp;Orange Actualit\u00e9s | Sports<\/li>\n<li><a href=\"https:\/\/news.google.com\/rss\/articles\/CBMihAFBVV95cUxPMVBSUzdqeE1TWHlsQ05ScUVKNmtXbzNZd2hHS1dYWm94RzRia1NEXzU5Tkl5VXZVc3pZTl9uaEpwTkZGS0lxUEpTNXVsQXZqaS00WkhPNGw2YmZ5RVFrV2FGYURMTU5fc09sUXpyYWFZUW1Qa196dmh4ckdNalB0YTg5WnI?oc=5\" target=\"_blank\" rel=\"nofollow noopener\">US Open : Muchova bouscul\u00e9e par Kostyuk, Anisimova facile contre Haddad Maia<\/a>&nbsp;&nbsp;Tennis Temple<\/li>\n<li><a href=\"https:\/\/news.google.com\/rss\/articles\/CBMiiwFBVV95cUxNdW9KOXVnTHltOVRSUi1EX0J3SUdkQi1GQURlMmdSVUxPWTI0NWprTkM3UmN5eGVtWk5qeUxmd28wRDRwREdJZVc5elNDMXp0S0VhNEE2d21ma2MtT3NUcXpaWjlRWVZKb2FWU25rQjBmMVVBUkp6blNZZVZUSUFTeUlUbmtibWh1dDVJ?oc=5\" target=\"_blank\" rel=\"nofollow noopener\">Pronostic Marta Kostyuk &#8211; Karolina Muchova<\/a>&nbsp;&nbsp;RueDesJoueurs<\/li>\n<\/ol>\n","protected":false},"excerpt":{"rendered":"Karolina Muchova &#8211; Naomi Osaka, Grand Chelem, US Open, Quarts de finale, Jeudi 04 septembre 2025&nbsp;&nbsp;L&rsquo;\u00c9quipe Karol\u00edna Muchov\u00e1&hellip;\n","protected":false},"author":2,"featured_media":355440,"comment_status":"","ping_status":"","sticky":false,"template":"","format":"standard","meta":{"footnotes":""},"categories":[1415],"tags":[1011,27,60,1467],"class_list":{"0":"post-363953","1":"post","2":"type-post","3":"status-publish","4":"format-standard","5":"has-post-thumbnail","7":"category-tennis","8":"tag-fr","9":"tag-france","10":"tag-sports","11":"tag-tennis"},"share_on_mastodon":{"url":"https:\/\/pubeurope.com\/@fr\/115141973264844403","error":""},"_links":{"self":[{"href":"https:\/\/www.europesays.com\/fr\/wp-json\/wp\/v2\/posts\/363953","targetHints":{"allow":["GET"]}}],"collection":[{"href":"https:\/\/www.europesays.com\/fr\/wp-json\/wp\/v2\/posts"}],"about":[{"href":"https:\/\/www.europesays.com\/fr\/wp-json\/wp\/v2\/types\/post"}],"author":[{"embeddable":true,"href":"https:\/\/www.europesays.com\/fr\/wp-json\/wp\/v2\/users\/2"}],"replies":[{"embeddable":true,"href":"https:\/\/www.europesays.com\/fr\/wp-json\/wp\/v2\/comments?post=363953"}],"version-history":[{"count":0,"href":"https:\/\/www.europesays.com\/fr\/wp-json\/wp\/v2\/posts\/363953\/revisions"}],"wp:featuredmedia":[{"embeddable":true,"href":"https:\/\/www.europesays.com\/fr\/wp-json\/wp\/v2\/media\/355440"}],"wp:attachment":[{"href":"https:\/\/www.europesays.com\/fr\/wp-json\/wp\/v2\/media?parent=363953"}],"wp:term":[{"taxonomy":"category","embeddable":true,"href":"https:\/\/www.europesays.com\/fr\/wp-json\/wp\/v2\/categories?post=363953"},{"taxonomy":"post_tag","embeddable":true,"href":"https:\/\/www.europesays.com\/fr\/wp-json\/wp\/v2\/tags?post=363953"}],"curies":[{"name":"wp","href":"https:\/\/api.w.org\/{rel}","templated":true}]}}