{"id":363954,"date":"2025-09-03T19:18:13","date_gmt":"2025-09-03T19:18:13","guid":{"rendered":"https:\/\/www.europesays.com\/fr\/363954\/"},"modified":"2025-09-03T19:18:13","modified_gmt":"2025-09-03T19:18:13","slug":"dune-ascension-moto2-fulgurante-a-la-resilience-apres-ladversite-%f0%9f%9a%80","status":"publish","type":"post","link":"https:\/\/www.europesays.com\/fr\/363954\/","title":{"rendered":"D\u2019une ascension Moto2 fulgurante \u00e0 la r\u00e9silience apr\u00e8s l\u2019adversit\u00e9 \ud83d\ude80"},"content":{"rendered":"<p><img decoding=\"async\" src=\"https:\/\/www.europesays.com\/fr\/wp-content\/uploads\/2025\/09\/68b7e98152f04c81408d504f_GnG_1256133_HiRes.jpeg\" alt=\"De la porte du MotoGP \u00e0 l\u2019\u00e9viction puis au retour de Sergio Garcia\"\/><\/p>\n<p>Le monde du sport moto est tiss\u00e9 d\u2019histoires de triomphes, de revers, mais surtout de r\u00e9silience. En Moto2, la trajectoire de Sergio Garcia sur les douze derniers mois en t\u00e9moigne : entre espoir d\u2019int\u00e9grer le MotoGP, blessures, licenciement en pleine saison et un retour d\u00e9termin\u00e9 pour 2026, le pilote espagnol incarne la pers\u00e9v\u00e9rance face \u00e0 l\u2019adversit\u00e9. D\u00e9couvrez dans ce dossier complet, illustr\u00e9 et richement document\u00e9, comment Sergio Garcia a transform\u00e9 ses difficult\u00e9s en force, et pourquoi il devient l\u2019un des exemples les plus inspirants du paddock Moto2.<\/p>\n<p>\ud83c\udfc6 Des d\u00e9buts prometteurs et une ascension rapide en Moto2<\/p>\n<p>En 2022, Sergio Garcia se fait remarquer en terminant vice-champion du monde Moto3 derri\u00e8re Izan Guevara. Cette performance lui ouvre les portes de la cat\u00e9gorie sup\u00e9rieure, o\u00f9 il effectue une premi\u00e8re saison en Moto2 en 2023. D\u00e8s ses d\u00e9buts, Garcia impressionne : il termine quinzi\u00e8me du championnat, meilleur rookie de l&rsquo;ann\u00e9e avec 84 points, poursuivant une progression constante et brillante.<\/p>\n<p>Sa saison 2024 d\u00e9bute sur les chapeaux de roue. D\u00e8s les huit premi\u00e8res courses, il s\u2019adjuge deux victoires et trois podiums, s\u2019imposant comme un s\u00e9rieux pr\u00e9tendant au titre Moto2. Sa rivalit\u00e9 avec son co\u00e9quipier chez <a href=\"https:\/\/mthelmets.com\/fr\/\" target=\"_blank\" rel=\"noopener\">MT Helmets MSi<\/a>, Ai Ogura, est au c\u0153ur des discussions, alimentant les espoirs de voir Garcia acc\u00e9der tr\u00e8s vite au MotoGP. Les observateurs le placent m\u00eame sur la shortlist pour un guidon chez Aprilia Trackhouse.<\/p>\n<p><img decoding=\"async\" src=\"https:\/\/www.europesays.com\/fr\/wp-content\/uploads\/2025\/09\/68b7e98252f04c81408d513e_GnG_1136379_HiRes.jpeg\" alt=\"Premi\u00e8re partie de saison \u00e9clatante pour Sergio Garcia en Moto2\"\/><\/p>\n<p>Garcia semble alors disposer de toutes les cartes en main pour r\u00e9aliser un r\u00eave : celui d\u2019int\u00e9grer la cat\u00e9gorie reine du sport moto, le MotoGP. Mais la suite de la saison va prendre une tournure dramatique\u2026<\/p>\n<p>\ud83d\udd25 Chute de performance et difficult\u00e9s en s\u00e9rie<\/p>\n<p>Le tournant intervient au milieu de la saison 2024. Apr\u00e8s un d\u00e9but fracassant, Sergio Garcia voit sa dynamique se briser. Sur les dix derni\u00e8res courses, il ne parvient \u00e0 rentrer dans le top 10 qu\u2019\u00e0 deux reprises. Sa campagne se complique s\u00e9v\u00e8rement, la malchance et les difficult\u00e9s techniques s\u2019encha\u00eenent \u2013 notamment, suite \u00e0 l\u2019introduction d\u2019un nouveau ch\u00e2ssis <a href=\"https:\/\/www.boscoscuro.com\/fr\/\" target=\"_blank\" rel=\"noopener\">Boscoscuro<\/a> auquel il ne parvient jamais \u00e0 s\u2019adapter compl\u00e8tement. Les automnes ne sont pas seulement sportifs : une blessure pr\u00e9coce avant la saison 2025 le fragilise davantage.<\/p>\n<p><img decoding=\"async\" src=\"https:\/\/www.europesays.com\/fr\/wp-content\/uploads\/2025\/09\/68b7e98252f04c81408d5132_GnG_1254920_HiRes.jpeg\" alt=\"Difficult\u00e9s techniques et blessures : un cumul d\u2019\u00e9preuves pour Garcia\"\/><\/p>\n<p>Op\u00e9r\u00e9 une premi\u00e8re fois sans succ\u00e8s, Garcia doit subir une seconde op\u00e9ration pour r\u00e9parer sa main droite endommag\u00e9e lors d\u2019un crash \u00e0 Jerez. Son absence des trois premi\u00e8res manches 2025 p\u00e8se lourd. Lorsqu\u2019il revient \u00e0 la comp\u00e9tition, il n\u2019est plus dans le rythme : en cinq courses, il ne marque que trois points. L\u2019\u00e9quipe MSi, sans \u00e9tat d\u2019\u00e2me, le remplace par Eric Fernandez, puis par Unai Orradre apr\u00e8s seulement quelques manches.<\/p>\n<p>Garcia, interrog\u00e9 sur cette p\u00e9riode difficile, livre un t\u00e9moignage touchant sur les tensions internes et la d\u00e9gradation de la relation avec son \u00e9quipe, devenue insupportable : \u00ab La relation \u00e9tait tellement mauvaise\u2026 \u00e0 tel point que lorsqu\u2019ils ont voulu me remplacer, j\u2019ai accept\u00e9. \u00c7a m\u2019a r\u00e9ellement fait souffrir. \u00bb<\/p>\n<p>\ud83e\udde0 Rebond psychologique et reconstruction post-blessure<\/p>\n<p>Plut\u00f4t que de s\u2019apitoyer, Sergio Garcia d\u00e9cide de transformer cette \u00e9preuve en opportunit\u00e9 de rebond. Gr\u00e2ce \u00e0 une pige chez IntactGP en remplacement de Senna Agius, il retrouve l\u2019envie et la foi en ses capacit\u00e9s. Cette \u00e9tape lui permet de mieux comprendre ses difficult\u00e9s avec le nouveau ch\u00e2ssis et surtout d\u2019analyser finement ses axes de progression :<\/p>\n<p><img decoding=\"async\" src=\"https:\/\/www.europesays.com\/fr\/wp-content\/uploads\/2025\/09\/68b7e98252f04c81408d5139_GnG_1162091_HiRes.jpeg\" alt=\"Reconstruction mentale et retour progressif pour Sergio Garcia\"\/><\/p>\n<p>\u00ab \u00c0 la fin de la saison derni\u00e8re, j\u2019ai beaucoup souffert avec le ch\u00e2ssis Boscoscuro. Nous n\u2019avions pas su adapter suffisamment la moto \u00e0 mes besoins. Au d\u00e9but de l\u2019ann\u00e9e, le feeling \u00e9tait incroyable, je pouvais piloter comme je l\u2019entendais\u2026 et puis tout s\u2019est \u00e9croul\u00e9 ! \u00bb<\/p>\n<p>Sa blessure compliqu\u00e9e accentue encore cette p\u00e9riode noire : \u00ab La fracture \u00e0 la main \u00e9tait atypique. La premi\u00e8re op\u00e9ration n\u2019a pas march\u00e9, et cela a retard\u00e9 tout mon calendrier de reprise. Je n\u2019ai jamais su \u00e0 quel moment je pourrais r\u00e9ellement refaire une saison compl\u00e8te\u2026 Ensuite, il y a eu les soucis avec l\u2019\u00e9quipe et la moto, jusqu\u2019\u00e0 mon remplacement. Mais je n\u2019ai rien l\u00e2ch\u00e9 ! \u00bb<\/p>\n<p>Petit \u00e0 petit, Sergio retrouve la motivation, l\u2019ambition, et parvient \u00e0 r\u00e9aliser une belle performance lors de la derni\u00e8re course \u00e0 Catalunya avec une sixi\u00e8me place encourageante. Ce sursaut laisse entrevoir qu\u2019il n\u2019a rien perdu de son talent, malgr\u00e9 le contexte extr\u00eame.<\/p>\n<p>\ud83d\udea6 L\u2019espoir MotoGP, les d\u00e9sillusions et un nouveau d\u00e9part avec Gresini Racing<\/p>\n<p>Mais un autre coup dur attendait Sergio Garcia : son \u00e9ventuel transfert en MotoGP ne se concr\u00e9tise finalement pas. Initialement pressenti pour int\u00e9grer la structure Trackhouse Aprilia, il voit la place lui \u00e9chapper au profit de son co\u00e9quipier japonais Ai Ogura \u2013 une d\u00e9ception immense, notamment dans une discipline o\u00f9 la concurrence est exacerb\u00e9e pour les pilotes espagnols.<\/p>\n<p>Garcia reconna\u00eet que ce coup du sort a lourdement pes\u00e9 sur son moral : \u00ab C\u2019est difficile d\u2019\u00eatre tout pr\u00e8s d\u2019un guidon MotoGP, puis de voir l\u2019opportunit\u00e9 s\u2019envoler\u2026 C\u2019\u00e9tait presque sign\u00e9, et finalement, l\u2019\u00e9quipe a choisi un autre pilote. Il m\u2019a fallu du temps pour comprendre et accepter. \u00bb<\/p>\n<p>Conscient que tout peut basculer en un instant dans le monde du sport moto, Garcia d\u00e9cide de rebondir une nouvelle fois. Il signe pour la saison 2026 avec <a href=\"https:\/\/www.gresiniracing.com\/fr\/\" target=\"_blank\" rel=\"noopener\">Gresini Racing<\/a>, une \u00e9quipe de pointe en Moto2 disposant d\u2019une passerelle directe vers le MotoGP gr\u00e2ce \u00e0 son partenariat avec Ducati.<\/p>\n<p>\u00ab Ce mauvais moment doit devenir une le\u00e7on. Je veux en retenir le maximum, me concentrer sur chaque journ\u00e9e de travail et garder mon objectif en ligne de mire : \u00eatre performant en Moto2, viser le titre et retrouver la porte du MotoGP. La structure Gresini est comme une famille, avec une grande exp\u00e9rience et les meilleurs outils pour progresser. Cette saison \u00e0 venir, c\u2019est l\u2019opportunit\u00e9 de ma vie. \u00bb<\/p>\n<p>Sa perspective nouvelle, son analyse fine de ses erreurs et de ses blessures, mais aussi sa capacit\u00e9 \u00e0 se remettre en question, laissent pr\u00e9sager une ann\u00e9e 2026 explosive et d\u00e9termin\u00e9e. L\u2019environnement de Gresini Racing, reconnu pour favoriser la progression vers l\u2019\u00e9lite, pourrait bien servir de tremplin \u00e0 Garcia, pr\u00eat d\u00e9sormais \u00e0 tourner la page des d\u00e9ceptions pass\u00e9es pour se consacrer pleinement \u00e0 la conqu\u00eate d\u2019un titre majeur.<\/p>\n<p>\u2728 R\u00e9silience, inspiration et espoirs pour l\u2019avenir<\/p>\n<p>L\u2019histoire de Sergio Garcia est avant tout un t\u00e9moignage vibrant de r\u00e9silience et de t\u00e9nacit\u00e9. Son parcours met en lumi\u00e8re les difficult\u00e9s mentales et physiques auxquelles sont confront\u00e9s les pilotes de haut niveau, mais aussi la force du mental et de la passion. Malgr\u00e9 les blessures, les contretemps sportifs et les \u00e9checs de derni\u00e8re minute, Sergio Garcia a su pr\u00e9server sa d\u00e9termination et son amour pour la comp\u00e9tition.<\/p>\n<p>Sa renaissance gr\u00e2ce \u00e0 Gresini Racing est la preuve que chaque revers porte en lui la promesse d\u2019une conqu\u00eate plus grande : rien n\u2019est jamais acquis en sport moto, mais chaque \u00e9preuve renforce les plus motiv\u00e9s.<\/p>\n<p>\u00c0 l\u2019aube de la saison 2026, tous les regards sont braqu\u00e9s sur Sergio Garcia. Sa trajectoire inspirante donne du courage \u00e0 de nombreux jeunes pilotes face \u00e0 l\u2019adversit\u00e9. D\u00e9termination, patience et passion : voil\u00e0 la recette de ceux qui, comme Sergio Garcia, aspirent \u00e0 transformer chaque \u00e9chec en succ\u00e8s. \ud83c\udfc1<\/p>\n<p>Que vous soyez passionn\u00e9 de deux-roues, admirateur de la fili\u00e8re espagnole ou tout simplement en qu\u00eate d\u2019inspiration, son histoire rappelle que le plus grand succ\u00e8s est souvent la capacit\u00e9 \u00e0 se relever, encore et toujours. Rendez-vous en 2026 pour suivre la prochaine page du chapitre Sergio Garcia !<\/p>\n<p>\u00c0 l\u2019image de Sergio Garcia en Moto2, qui vise toujours plus haut malgr\u00e9 les difficult\u00e9s, r\u00eaver plus grand reste permis. Et si votre r\u00eave automobile passait par la <a href=\"https:\/\/www.joinsteer.com\" target=\"_blank\" rel=\"noopener\">LOA d\u2019une Ferrari 488 GTB<\/a> via Joinsteer ? Laissez-vous guider vers votre prochain d\u00e9fi sur quatre roues.<\/p>\n","protected":false},"excerpt":{"rendered":"Le monde du sport moto est tiss\u00e9 d\u2019histoires de triomphes, de revers, mais surtout de r\u00e9silience. En Moto2,&hellip;\n","protected":false},"author":2,"featured_media":363955,"comment_status":"","ping_status":"","sticky":false,"template":"","format":"standard","meta":{"footnotes":""},"categories":[1413],"tags":[1011,27,1457,1456,60],"class_list":{"0":"post-363954","1":"post","2":"type-post","3":"status-publish","4":"format-standard","5":"has-post-thumbnail","7":"category-moto","8":"tag-fr","9":"tag-france","10":"tag-moto","11":"tag-motocycle","12":"tag-sports"},"share_on_mastodon":{"url":"https:\/\/pubeurope.com\/@fr\/115141981747141054","error":""},"_links":{"self":[{"href":"https:\/\/www.europesays.com\/fr\/wp-json\/wp\/v2\/posts\/363954","targetHints":{"allow":["GET"]}}],"collection":[{"href":"https:\/\/www.europesays.com\/fr\/wp-json\/wp\/v2\/posts"}],"about":[{"href":"https:\/\/www.europesays.com\/fr\/wp-json\/wp\/v2\/types\/post"}],"author":[{"embeddable":true,"href":"https:\/\/www.europesays.com\/fr\/wp-json\/wp\/v2\/users\/2"}],"replies":[{"embeddable":true,"href":"https:\/\/www.europesays.com\/fr\/wp-json\/wp\/v2\/comments?post=363954"}],"version-history":[{"count":0,"href":"https:\/\/www.europesays.com\/fr\/wp-json\/wp\/v2\/posts\/363954\/revisions"}],"wp:featuredmedia":[{"embeddable":true,"href":"https:\/\/www.europesays.com\/fr\/wp-json\/wp\/v2\/media\/363955"}],"wp:attachment":[{"href":"https:\/\/www.europesays.com\/fr\/wp-json\/wp\/v2\/media?parent=363954"}],"wp:term":[{"taxonomy":"category","embeddable":true,"href":"https:\/\/www.europesays.com\/fr\/wp-json\/wp\/v2\/categories?post=363954"},{"taxonomy":"post_tag","embeddable":true,"href":"https:\/\/www.europesays.com\/fr\/wp-json\/wp\/v2\/tags?post=363954"}],"curies":[{"name":"wp","href":"https:\/\/api.w.org\/{rel}","templated":true}]}}