{"id":363956,"date":"2025-09-03T19:19:13","date_gmt":"2025-09-03T19:19:13","guid":{"rendered":"https:\/\/www.europesays.com\/fr\/363956\/"},"modified":"2025-09-03T19:19:13","modified_gmt":"2025-09-03T19:19:13","slug":"parlons-motogp-voici-ce-que-liberty-media-doit-importer-de-la-formule-1","status":"publish","type":"post","link":"https:\/\/www.europesays.com\/fr\/363956\/","title":{"rendered":"Parlons MotoGP\u00a0: Voici ce que Liberty Media doit importer de la Formule 1"},"content":{"rendered":"<p><strong>Il y a un an et demi d\u00e9j\u00e0, je r\u00e9digeais mon premier<br \/>\narticle concernant Liberty Media et le rachat du championnat MotoGP<br \/>\npar l\u2019entreprise am\u00e9ricaine. Je n\u2019ai pas \u00e9t\u00e9 tendre avec les<br \/>\nnouveaux propri\u00e9taires, car, d\u2019apr\u00e8s moi, la F1 ne s\u2019est pas<br \/>\ntransform\u00e9e dans le bon sens depuis qu\u2019ils ont la main dessus.<br \/>\nCependant, comme toute chose en ce bas monde, ce n\u2019est pas tout<br \/>\nnoir pour autant. Le succ\u00e8s mondial de la Formule 1 derni\u00e8rement<br \/>\nmontre bien que de bons choix ont \u00e9t\u00e9 faits, et ce, m\u00eame du point<br \/>\nde vue du spectateur. Dans cet article, il sera question d\u2019une id\u00e9e<br \/>\nactuellement appliqu\u00e9e en Formule 1 qui devrait aussi l\u2019\u00eatre en<br \/>\nMotoGP.<\/strong><\/p>\n<p>\u00a0<\/p>\n<p>Back to the USA<\/p>\n<p>\u00a0<\/p>\n<p><strong><a href=\"https:\/\/www.paddock-gp.com\/parlons-motogp-voici-ce-qui-risque-de-changer-avec-liberty-media\/\" target=\"_blank\" rel=\"noopener nofollow\">Il y a un point sur lequel Liberty<br \/>\nMedia a fait de l\u2019excellent travail\u00a0: rendre les \u00c9tats-Unis<br \/>\nfous de Formule 1<\/a><\/strong>. Quand vous voyez les tribunes du GP<br \/>\ndes USA automobile, et que vous les comparez aux gradins d\u00e9garnis<br \/>\nque l\u2019on a sur le m\u00eame circuit en MotoGP, \u00e7a fait peur. C\u2019est l\u00e0 un<br \/>\ntour de force magistral, car les \u00c9tats-Unis n\u2019ont jamais r\u00e9ellement<br \/>\n\u00e9t\u00e9 passionn\u00e9s par la F1 depuis la cr\u00e9ation du championnat en 1950.<br \/>\n<strong>Le pays de l\u2019Oncle Sam a toujours pr\u00e9f\u00e9r\u00e9 l\u2019Indycar (CART<br \/>\net ses d\u00e9riv\u00e9s), et, bien s\u00fbr, la NASCAR<\/strong>.<\/p>\n<p>\u00a0<\/p>\n<p><img loading=\"lazy\" decoding=\"async\" aria-describedby=\"caption-attachment-1325048\" class=\"size-full wp-image-1325048\" src=\"https:\/\/www.europesays.com\/fr\/wp-content\/uploads\/2025\/09\/Marquez-Liberty-Media-1.jpg\" alt=\"MotoGP Liberty Media\" width=\"799\" height=\"533\"  \/><\/p>\n<p id=\"caption-attachment-1325048\" class=\"wp-caption-text\">Nul<br \/>\ndoute que Marc Marquez sera l\u2019une des pierres angulaire de la<br \/>\ncommunication \u00e0 la nouvelle \u00e8re. Photo : Michelin Motorsport<\/p>\n<p>\u00a0<\/p>\n<p>Cependant, des choix aussi incompr\u00e9hensibles que ridicules ont<br \/>\nr\u00e9duit l\u2019influence de la NASCAR au fil des ann\u00e9es. Devant ce tr\u00e8s<br \/>\ngros march\u00e9 inexploit\u00e9, Liberty Media a tout fait pour cr\u00e9er un<br \/>\nengouement sans pr\u00e9c\u00e9dent pour les Grands Prix de Formule 1 aux<br \/>\nUSA, alors qu\u2019aucun pilote am\u00e9ricain n\u2019est pr\u00e9sent aux<br \/>\navant-postes. Le groupe General Motors, par le biais de Cadillac,<br \/>\nfera ses d\u00e9buts lors de la saison prochaine et surfe sur cette<br \/>\ndynamique. <strong>Mais comment s\u2019y est pris Liberty Media pour<br \/>\nr\u00e9aliser ceci, en ne partant de rien, ou presque\u00a0?<\/strong><br \/>\nExplications en quelques points.<\/p>\n<p>Premi\u00e8rement, il y a eu la s\u00e9rie Netflix Drive to<br \/>\nSurvive, parue d\u00e9but 2019. Si l\u2019on a tendance, de mon point de<br \/>\nvue, \u00e0 surestimer l\u2019impact de ce programme, <strong>il faut<br \/>\nreconna\u00eetre que \u00e7a a \u00e9t\u00e9 l\u2019\u00e9tincelle<\/strong>. Tout cela \u00e9tait \u2013 et<br \/>\nreste \u2013 tr\u00e8s am\u00e9ricanis\u00e9, typiquement con\u00e7u pour plaire au public<br \/>\nd\u2019outre-Atlantique, avec les d\u00e9fauts que cela comporte.<\/p>\n<p>Deuxi\u00e8mement, et c\u2019est ce que sous-estime beaucoup de<br \/>\nmonde\u00a0: il y a eu un changement radical dans la politique de<br \/>\ncommunication. \u00c0 l\u2019\u00e9poque Ecclestone, on ne trouvait quasiment<br \/>\naucune cam\u00e9ra embarqu\u00e9e, aucune vid\u00e9o qui nous plongeait dans les<br \/>\ncoulisses, aucun contenu original. Depuis, la F1 a adopt\u00e9 cette<br \/>\napproche typiquement am\u00e9ricaine \u2013 commune depuis des d\u00e9cennies en<br \/>\nbasketball et en football am\u00e9ricain \u2013, qui consiste \u00e0 mettre le<br \/>\nspectateur au centre du spectacle. Cela passait, bien s\u00fbr, par<br \/>\nl\u2019augmentation de la visibilit\u00e9 sur les r\u00e9seaux sociaux.<br \/>\nAujourd\u2019hui, il est extr\u00eamement ais\u00e9 de s\u2019abreuver de Formule 1, et<br \/>\n<strong>je sais que la DORNA travaille actuellement sur ce<br \/>\npoint.<\/strong><\/p>\n<p>Troisi\u00e8mement, et derni\u00e8rement, Liberty Media a rendu la F1<br \/>\n\u00ab\u00a0cool\u00a0\u00bb. <strong>Dans les ann\u00e9es 2000, quand on disait<br \/>\nqu\u2019on suivait la F1 ou le MotoGP, les gens nous regardaient un peu<br \/>\nbizarrement<\/strong>. D\u00e9sormais, se passionner pour la Formule 1<br \/>\nest devenu\u00a0cool, tendance. En revanche, le jugement des autres<br \/>\nn\u2019a pas chang\u00e9 sur le MotoGP, qui reste, malgr\u00e9 des chiffres tr\u00e8s<br \/>\ncorrects, un sport de niche \u2013 je suis d\u00e9sol\u00e9 de le dire. M\u00eame en<br \/>\nFrance, combien connaissent Fabio Quartararo\u00a0? Combien savent<br \/>\n\u00e0 quoi il ressemble\u00a0? <strong>Mais alors, comment les<br \/>\nAm\u00e9ricains ont-ils r\u00e9ussi cette transition\u00a0?<\/strong> En<br \/>\ntouchant des cibles jusqu\u2019ici inatteignables, je parle notamment<br \/>\ndes femmes de moins de 24 ans, soit le public qu\u2019il faut se mettre<br \/>\ndans la poche pour d\u00e9mocratiser quelque chose aux yeux de la<br \/>\nsoci\u00e9t\u00e9. Ce rajeunissement global de la discipline a conquis les<br \/>\nUSA, et les influenceurs du pays, majoritaires sur les r\u00e9seaux<br \/>\nsociaux, ont ensuite persuad\u00e9 l\u2019Europe.<\/p>\n<p>R\u00e9sultat des courses\u00a0: on se retrouve actuellement avec<br \/>\ntrois Grands Prix aux \u00c9tats-Unis, un \u00e0 Austin, un \u00e0 Miami, et un \u00e0<br \/>\nLas Vegas. Trois march\u00e9s \u00e9normes qui parlent aux jeunes,<br \/>\nprincipalement \u2013 notamment Miami, la capitale am\u00e9ricaine de<br \/>\nl\u2019influence depuis la fin de l\u2019\u00e8re Los Angeles. Je ne dis pas qu\u2019il<br \/>\nfaut copier ce mod\u00e8le, bien s\u00fbr, car il est assez extr\u00eame et<br \/>\ncritiqu\u00e9 des anciens fans de Formule 1, justement, car le sport<br \/>\nn\u2019avait jamais eu autant d\u2019importance l\u00e0-bas. <strong>Mais pour<br \/>\nnous, c\u2019est diff\u00e9rent, nous sommes l\u00e9gitimes.<\/strong><\/p>\n<p>\u00a0<\/p>\n<p><img loading=\"lazy\" decoding=\"async\" aria-describedby=\"caption-attachment-1325049\" class=\"size-full wp-image-1325049\" src=\"https:\/\/www.europesays.com\/fr\/wp-content\/uploads\/2025\/09\/54413285192_b2da41be56_c.jpg\" alt=\"MotoGP Liberty Media\" width=\"799\" height=\"533\"  \/><\/p>\n<p id=\"caption-attachment-1325049\" class=\"wp-caption-text\">Un pays<br \/>\n\u00e0 reconqu\u00e9rir. Photo : Michelin Motorsport<\/p>\n<p>\u00a0<\/p>\n<p>Le plus gros d\u00e9fi de Liberty Media en MotoGP<\/p>\n<p>\u00a0<\/p>\n<p>Apr\u00e8s ce long pr\u00e9ambule, passons au vif du sujet. Qu\u2019est-ce qui<br \/>\ncloche en MotoGP\u00a0? Les \u00c9tats-Unis, troisi\u00e8me pays le plus<br \/>\npeupl\u00e9 au monde, sont totalement ignor\u00e9s par la DORNA. Ce qui est<br \/>\nfou, <strong>c\u2019est qu\u2019on avait de l\u2019avance sur la Formule<br \/>\n1<\/strong>\u00a0: les Grands Prix motos ont connu d\u2019immenses<br \/>\nchampions am\u00e9ricains, bien plus que sur quatre roues. Dans les<br \/>\nann\u00e9es 1980 et 1990, le sport \u00e9tait carr\u00e9ment domin\u00e9 par les<br \/>\nrepr\u00e9sentants de l\u2019Oncle Sam. On pense naturellement \u00e0 Kenny<br \/>\nRoberts, Freddie Spencer, Eddie Lawson, Kevin Schwantz,<br \/>\n<strong><a href=\"https:\/\/www.paddock-gp.com\/retro-on-ne-ta-pas-oublie-wayne-rainey\/\" target=\"_blank\" rel=\"noopener nofollow\">Wayne Rainey<\/a><\/strong>, John<br \/>\nKocinsky, Pat Hennen\u2026 et j\u2019en passe.<\/p>\n<p>Selon moi, le changement a eu lieu \u00e0 la fin des ann\u00e9es 1990,<br \/>\nlorsque la politique de DORNA a vraiment pris effet. Le sport est<br \/>\ndevenu espagnol, \u00e0 tel point qu\u2019une v\u00e9ritable culture motocycliste<br \/>\ns\u2019est cr\u00e9\u00e9e en p\u00e9ninsule ib\u00e9rique. En 2025, <strong><a href=\"https:\/\/www.paddock-gp.com\/parlons-motogp-il-y-a-un-probleme-avec-lespagne\/\" target=\"_blank\" rel=\"noopener nofollow\">l\u2019Espagne n\u2019est pas un pays qui p\u00e8se<br \/>\ntellement sur la face du globe, mais pourtant, il domine largement<br \/>\nl\u2019un des plus importants sports motoris\u00e9s du monde<\/a><\/strong>. Et<br \/>\n\u00e7a ne va pas du tout. Si vous croyez, \u00e0 tout hasard, que<br \/>\nl\u2019influence espagnole va s\u2019att\u00e9nuer prochainement, laissez-moi vous<br \/>\ndire que vous vous trompez royalement. <strong>Regardez les<br \/>\nnationalit\u00e9s de ceux qui dominent en Moto3, et dans les plus<br \/>\npetites cat\u00e9gories de promotion<\/strong>. J\u2019en avais d\u00e9j\u00e0 fait un<br \/>\narticle, mais je crois que <strong><a href=\"https:\/\/www.paddock-gp.com\/parlons-motogp-lespagne-na-pas-fini-de-produire-des-champions\/\" target=\"_blank\" rel=\"noopener nofollow\">jamais l\u2019Espagne n\u2019a \u00e9t\u00e9 aussi<br \/>\nforte, bien plus encore qu\u2019au d\u00e9but des ann\u00e9es<br \/>\n2000\u00a0!<\/a><\/strong><\/p>\n<p>Nous nous retrouvons, parfois, avec des pilotes qui ne parlent<br \/>\npas l\u2019anglais, mais uniquement l\u2019espagnol. Les autres nationalit\u00e9s<br \/>\nhistoriques disparaissent peu \u00e0 peu, mais eux se renforcent. O\u00f9<br \/>\nsont les Italiens depuis le retrait de l\u2019\u00e9quipe VR46 en cat\u00e9gories<br \/>\ninf\u00e9rieures\u00a0? <strong>O\u00f9 sont les Fran\u00e7ais, o\u00f9 sont les<br \/>\nAnglais\u00a0?<\/strong><\/p>\n<p>C\u2019est pr\u00e9cis\u00e9ment ce que doit changer Liberty Media si les<br \/>\nd\u00e9cisionnaires veulent faire passer le <a href=\"https:\/\/www.motogp.com\/fr\/\" target=\"_blank\" rel=\"noopener nofollow\">MotoGP<\/a> dans une autre dimension. Il faut<br \/>\n\u00ab\u00a0d\u00e9-nationaliser\u00a0\u00bb le MotoGP, exactement comme ils l\u2019ont<br \/>\nfait avec la F1 qui \u00e9tait \u00ab\u00a0trop\u00a0\u00bb anglaise dans les<br \/>\nann\u00e9es 2000 et 2010, Fernando Alonso s\u2019en plaignait assez. Pour le<br \/>\nrendre mondial, il faudra \u00e0 la fois arracher ses racines<br \/>\nespagnoles, et planter quelques graines aux \u00c9tats-Unis, <strong>un<br \/>\npays essentiel pour le d\u00e9veloppement et la popularisation d\u2019une<br \/>\nmode.<\/strong><\/p>\n<p>\u00a0<\/p>\n<p><img loading=\"lazy\" decoding=\"async\" aria-describedby=\"caption-attachment-1325051\" class=\"size-full wp-image-1325051\" src=\"https:\/\/www.europesays.com\/fr\/wp-content\/uploads\/2025\/09\/Quiles-1-scaled-e1756903388191.jpg\" alt=\"MotoGP Liberty Media\" width=\"800\" height=\"533\"\/><\/p>\n<p id=\"caption-attachment-1325051\" class=\"wp-caption-text\">Maximo<br \/>\nQuiles, David Alonso (n\u00e9 \u00e0 Madrid), Manuel Gonzalez, Aron Canet,<br \/>\nAlvaro Carpe, Jos\u00e9 Antonio Rueda\u2026 tous sont espagnols. Photo :<br \/>\nApsar Team<\/p>\n<p>\u00a0<\/p>\n<p>Pour cela, on peut imaginer une nouvelle s\u00e9rie \u2013 la premi\u00e8re<br \/>\nparue sur Amazon Prime n\u2019avait pas eu l\u2019effet escompt\u00e9 \u2013, et une<br \/>\npr\u00e9sence accrue sur les r\u00e9seaux sociaux. Plus que \u00e7a, il faudrait<br \/>\nmultiplier les \u00e9v\u00e9nements l\u00e0-bas, alors que, ces derni\u00e8res ann\u00e9es,<br \/>\nles d\u00e9monstrations ont davantage \u00e9t\u00e9 r\u00e9serv\u00e9es \u00e0 l\u2019Asie du Sud-est.<br \/>\nPour couronner le tout, ajouter au moins un autre GP am\u00e9ricain au<br \/>\ncalendrier, et, peut-\u00eatre, <strong>songer \u00e0 quitter le COTA qui n\u2019a<br \/>\nproduit qu\u2019une seule belle course en 13 ann\u00e9es<br \/>\nd\u2019exploitation<\/strong>. Les USA regorgent de circuits magnifiques,<br \/>\nalors, qu\u2019attendons-nous pour \u00e9quilibrer la balance\u00a0?<\/p>\n<p>\u00a0<\/p>\n<p>Conclusion<\/p>\n<p>\u00a0<\/p>\n<p><strong>La pr\u00e9sence de quatre trac\u00e9s espagnols au calendrier<br \/>\ncontre un en Am\u00e9rique du Nord me para\u00eet absolument incompatible<br \/>\navec la volont\u00e9 de se d\u00e9velopper<\/strong>. Qu\u2019on le veuille ou non,<br \/>\nil faudra toucher ce pays d\u2019une mani\u00e8re ou d\u2019une autre pour cr\u00e9er<br \/>\nun effet de mode, avec de nouvelles cibles dans le viseur. Et pour<br \/>\nce point pr\u00e9cis, le spectateur pourrait en b\u00e9n\u00e9ficier,<br \/>\n<strong><a href=\"https:\/\/www.paddock-gp.com\/parlons-motogp-voici-ce-qui-risque-de-changer-avec-liberty-media\/\" target=\"_blank\" rel=\"noopener nofollow\">ce qui n\u2019est pas le cas de toutes<br \/>\nles d\u00e9cisions de Liberty Media prises en F1 jusqu\u2019\u00e0<br \/>\nmaintenant.<\/a><\/strong><\/p>\n<p>Je suis curieux de savoir ce que vous pensez de cette analyse.<br \/>\n<strong>Dites-le-moi en commentaires\u00a0!<\/strong><\/p>\n<p>Pour rappel, cet article ne refl\u00e8te que la pens\u00e9e de son auteur,<br \/>\net pas de l\u2019enti\u00e8ret\u00e9 de la r\u00e9daction.<\/p>\n<p>\u00a0<\/p>\n<p><img loading=\"lazy\" decoding=\"async\" aria-describedby=\"caption-attachment-1325054\" class=\"size-full wp-image-1325054\" src=\"https:\/\/www.europesays.com\/fr\/wp-content\/uploads\/2025\/09\/Pedro-Acosta-Media-2.jpg\" alt=\"\" width=\"799\" height=\"533\"  \/><\/p>\n<p id=\"caption-attachment-1325054\" class=\"wp-caption-text\">Et en<br \/>\nMotoGP, Acosta et Aldeguer pourraient parfaitement incarner la<br \/>\nprochaine rivalit\u00e9 au plus haut niveau. Photo : Michelin<br \/>\nMotorsport<\/p>\n<p>\u00a0<\/p>\n<p>Photo de couverture : Michelin Motorsport<\/p>\n","protected":false},"excerpt":{"rendered":"Il y a un an et demi d\u00e9j\u00e0, je r\u00e9digeais mon premier article concernant Liberty Media et le&hellip;\n","protected":false},"author":2,"featured_media":363957,"comment_status":"","ping_status":"","sticky":false,"template":"","format":"standard","meta":{"footnotes":""},"categories":[1412],"tags":[1451,1452,1453,1454,1455,1011,27,60],"class_list":{"0":"post-363956","1":"post","2":"type-post","3":"status-publish","4":"format-standard","5":"has-post-thumbnail","7":"category-f1","8":"tag-f1","9":"tag-formula-1","10":"tag-formula1","11":"tag-formule-1","12":"tag-formule1","13":"tag-fr","14":"tag-france","15":"tag-sports"},"share_on_mastodon":{"url":"https:\/\/pubeurope.com\/@fr\/115141985304155649","error":""},"_links":{"self":[{"href":"https:\/\/www.europesays.com\/fr\/wp-json\/wp\/v2\/posts\/363956","targetHints":{"allow":["GET"]}}],"collection":[{"href":"https:\/\/www.europesays.com\/fr\/wp-json\/wp\/v2\/posts"}],"about":[{"href":"https:\/\/www.europesays.com\/fr\/wp-json\/wp\/v2\/types\/post"}],"author":[{"embeddable":true,"href":"https:\/\/www.europesays.com\/fr\/wp-json\/wp\/v2\/users\/2"}],"replies":[{"embeddable":true,"href":"https:\/\/www.europesays.com\/fr\/wp-json\/wp\/v2\/comments?post=363956"}],"version-history":[{"count":0,"href":"https:\/\/www.europesays.com\/fr\/wp-json\/wp\/v2\/posts\/363956\/revisions"}],"wp:featuredmedia":[{"embeddable":true,"href":"https:\/\/www.europesays.com\/fr\/wp-json\/wp\/v2\/media\/363957"}],"wp:attachment":[{"href":"https:\/\/www.europesays.com\/fr\/wp-json\/wp\/v2\/media?parent=363956"}],"wp:term":[{"taxonomy":"category","embeddable":true,"href":"https:\/\/www.europesays.com\/fr\/wp-json\/wp\/v2\/categories?post=363956"},{"taxonomy":"post_tag","embeddable":true,"href":"https:\/\/www.europesays.com\/fr\/wp-json\/wp\/v2\/tags?post=363956"}],"curies":[{"name":"wp","href":"https:\/\/api.w.org\/{rel}","templated":true}]}}