{"id":363958,"date":"2025-09-03T19:20:11","date_gmt":"2025-09-03T19:20:11","guid":{"rendered":"https:\/\/www.europesays.com\/fr\/363958\/"},"modified":"2025-09-03T19:20:11","modified_gmt":"2025-09-03T19:20:11","slug":"vuelta-tour-despagne-le-parcours-de-la-12e-etape-aura-t-on-un-vainqueur-detape","status":"publish","type":"post","link":"https:\/\/www.europesays.com\/fr\/363958\/","title":{"rendered":"Vuelta. Tour d&rsquo;Espagne &#8211; Le parcours de la 12e \u00e9tape&#8230; aura-t-on un vainqueur d&rsquo;\u00e9tape ?"},"content":{"rendered":"<p>Au lendemain d&rsquo;une 11e \u00e9tape chaotique et sans vainqueur suite \u00e0 la neutralisation d\u00e9cid\u00e9e par les organisateurs en raison de manifestations pro-Palestine trop virulentes \u00e0 l&rsquo;arriv\u00e9e \u00e0 Bilbao, <strong><a href=\"https:\/\/www.cyclismactu.net\/..\/news-vuelta-route-tour-d-espagne-la-11e-etape-sans-vainqueur-cause-des-manifestants-pro-palestine-89953.html\" target=\"_blank\" rel=\"nofollow noopener\">La Vuelta<\/a><\/strong> va tenter\u00a0ce jeudi de retrouver un certain calme et de reprendre comme elle le peut son cours, \u00e0 l&rsquo;occasion d&rsquo;une 12e \u00e9tape longue de 144,9 km entre\u00a0Laredo et Los Corrales de Buelna. Mais vu l&rsquo;ampleur des \u00e9v\u00e8nements et les proportions prises par ces manifestations, on ne sait plus trop \u00e0 quoi s&rsquo;attendre pour la suite de ce 80e <strong>Tour d&rsquo;Espagne<\/strong>, \u00e0 moins que la formation <strong><a href=\"https:\/\/www.cyclismactu.net\/..\/news-vuelta-route-tour-d-espagne-kiko-garcia-il-faut-qu-israel-se-rende-compte-que-89959.html\" target=\"_blank\" rel=\"nofollow noopener\">Israel-Premier Tech<\/a><\/strong> ne d\u00e9cide d&rsquo;elle-m\u00eame de mettre fin \u00e0 cette situation compliqu\u00e9e en se retirant de la course. Outre ces consid\u00e9rations politiques qui seront certainement vivement discut\u00e9es entre les diff\u00e9rents acteurs dans les heures et les jours \u00e0 venir, d&rsquo;un point de vue sportif, cette 12e \u00e9tape semble sur le papier promise \u00e0 une belle \u00e9chapp\u00e9e de baroudeurs.<\/p>\n<p>Vid\u00e9o &#8211; De nouvelles perturbations \u00e0 pr\u00e9voir pour la 12e \u00e9tape ? Lire la suite de l&rsquo;article&#13;<\/p>\n<p>\u00a0<\/p>\n<p>&#13;<br \/>\nUne \u00e9chapp\u00e9e de baroudeurs pour la gagne ?&#13;<\/p>\n<p>Avec deux belles ascensions au menu, le Puerto de Alisas (8,6 km \u00e0 5,8%) en d\u00e9but d&rsquo;\u00e9tape et surtout le difficile Collada de Brenes (7 km \u00e0 7,9%) \u00e0 23 km de l&rsquo;arriv\u00e9e, le parcours para\u00eet \u00e0 la fois trop dur pour les sprinteurs et pas assez difficle pour permettre aux favoris de se jouer la gagne. Une combinaison id\u00e9ale pour voir une belle lutte entre baroudeurs de tout type, m\u00eame si les meilleurs grimpeurs devraient pouvoir faire la diff\u00e9rence dans la belle mont\u00e9e finale.<\/p>\n<p>&#13;<\/p>\n<p>Attention toutefois \u00e0 un <strong>Mads Pedersen<\/strong> et \u00e0 son \u00e9quipe <strong>Lidl-Trek<\/strong> sur ce parcours qui pourrait donner des id\u00e9es au Danois, seul sprinteur capable de bien passer cette bosse avec les meilleurs si le rythme n&rsquo;est pas trop intense. De m\u00eame, un <strong>Tom Pidcock<\/strong> (Q36.5) pourrait se montrer revanchard apr\u00e8s sa d\u00e9ception du jour. Priv\u00e9 de la possibilit\u00e9 de gagner malgr\u00e9 une forme visiblement \u00e9tincelante, le Britannique pourrait vouloir faire bouger les choses dans ce final qui lui convient encore parfaitement.\u00a0Dans ce cas, les meilleurs coureurs du classement g\u00e9n\u00e9ral comme<strong>\u00a0<a href=\"https:\/\/www.cyclismactu.net\/..\/news-vuelta-route-tour-d-espagne-jonas-vingegaard-je-ne-me-suis-pas-senti-en-danger-89955.html\" target=\"_blank\" rel=\"nofollow noopener\">Jonas Vingegaard<\/a><\/strong>\u00a0(Visma | Lease a Bike),\u00a0<strong>Joao Almeida\u00a0<\/strong>(UAE Team Emirates XRG) et consorts devront se montrer vigilants.<\/p>\n<p>&#13;<\/p>\n<p>\u00a0<\/p>\n<p>&#13;<br \/>\nLe parcours de la 12e \u00e9tape&#13;<\/p>\n<p>&#8211; Jeudi 4 septembre \u2013\u00a0<strong>\u00c9tape 12<\/strong>\u00a0: Laredo &#8211; Los Corrales de Buelna \/ 144,9 km\u00a0&#8211;\u00a02893m D+<\/p>\n<p>&#13;<\/p>\n<p><img decoding=\"async\" src=\"https:\/\/www.europesays.com\/fr\/wp-content\/uploads\/2025\/09\/LaVuelta2025_12.jpg\" style=\"max-width:100%;max-height:100%;\" alt=\"image\" loading=\"lazy\"\/><\/p>\n<p>&#13;<\/p>\n<p>\u00a0<\/p>\n<p>&#13;<\/p>\n<p>\u00a0<\/p>\n<p>&#13;<br \/>\nTour d&rsquo;Espagne &#8211; Classement g\u00e9n\u00e9ral provisoire apr\u00e8s la 11\u00e8 \u00e9tape<\/p>\n","protected":false},"excerpt":{"rendered":"Au lendemain d&rsquo;une 11e \u00e9tape chaotique et sans vainqueur suite \u00e0 la neutralisation d\u00e9cid\u00e9e par les organisateurs en&hellip;\n","protected":false},"author":2,"featured_media":363959,"comment_status":"","ping_status":"","sticky":false,"template":"","format":"standard","meta":{"footnotes":""},"categories":[1411],"tags":[1154,207,1011,27,209,60,3318,208],"class_list":{"0":"post-363958","1":"post","2":"type-post","3":"status-publish","4":"format-standard","5":"has-post-thumbnail","7":"category-cyclisme","8":"tag-cycling","9":"tag-cyclisme","10":"tag-fr","11":"tag-france","12":"tag-route","13":"tag-sports","14":"tag-tour-d","15":"tag-velo"},"share_on_mastodon":{"url":"https:\/\/pubeurope.com\/@fr\/115141989179552754","error":""},"_links":{"self":[{"href":"https:\/\/www.europesays.com\/fr\/wp-json\/wp\/v2\/posts\/363958","targetHints":{"allow":["GET"]}}],"collection":[{"href":"https:\/\/www.europesays.com\/fr\/wp-json\/wp\/v2\/posts"}],"about":[{"href":"https:\/\/www.europesays.com\/fr\/wp-json\/wp\/v2\/types\/post"}],"author":[{"embeddable":true,"href":"https:\/\/www.europesays.com\/fr\/wp-json\/wp\/v2\/users\/2"}],"replies":[{"embeddable":true,"href":"https:\/\/www.europesays.com\/fr\/wp-json\/wp\/v2\/comments?post=363958"}],"version-history":[{"count":0,"href":"https:\/\/www.europesays.com\/fr\/wp-json\/wp\/v2\/posts\/363958\/revisions"}],"wp:featuredmedia":[{"embeddable":true,"href":"https:\/\/www.europesays.com\/fr\/wp-json\/wp\/v2\/media\/363959"}],"wp:attachment":[{"href":"https:\/\/www.europesays.com\/fr\/wp-json\/wp\/v2\/media?parent=363958"}],"wp:term":[{"taxonomy":"category","embeddable":true,"href":"https:\/\/www.europesays.com\/fr\/wp-json\/wp\/v2\/categories?post=363958"},{"taxonomy":"post_tag","embeddable":true,"href":"https:\/\/www.europesays.com\/fr\/wp-json\/wp\/v2\/tags?post=363958"}],"curies":[{"name":"wp","href":"https:\/\/api.w.org\/{rel}","templated":true}]}}