{"id":363960,"date":"2025-09-03T19:21:10","date_gmt":"2025-09-03T19:21:10","guid":{"rendered":"https:\/\/www.europesays.com\/fr\/363960\/"},"modified":"2025-09-03T19:21:10","modified_gmt":"2025-09-03T19:21:10","slug":"aubameyang-blesse-alerte-a-lom","status":"publish","type":"post","link":"https:\/\/www.europesays.com\/fr\/363960\/","title":{"rendered":"Aubameyang bless\u00e9, alerte \u00e0 l&rsquo;OM"},"content":{"rendered":"<p>              <img decoding=\"async\" src=\"https:\/\/www.europesays.com\/fr\/wp-content\/uploads\/2025\/09\/aubameyang-blesse-alerte-a-l-om-iconsport_268698_0287-398369.jpg\" alt=\"Aubameyang bless\u00e9, alerte \u00e0 l'OM\"\/> <\/p>\n<p class=\"credit\">Icon Sport<\/p>\n<p class=\"the_post_info\">\n            Publi\u00e9 Mercredi 03 Septembre 2025 \u00e0 20:00  Dans\u00a0: <a href=\"https:\/\/www.foot01.com\/equipe\/marseille\/\" rel=\"nofollow noopener\" target=\"_blank\">OM<\/a>.<br \/>Par <a href=\"https:\/\/www.foot01.com\/author\/20\/\" rel=\"nofollow noopener\" target=\"_blank\">Corentin Facy<\/a>\n          <\/p>\n<p class=\"p1\">Titulaire lors de la d\u00e9faite de <a href=\"https:\/\/www.foot01.com\/equipe\/marseille\/\" rel=\"nofollow noopener\" target=\"_blank\">l\u2019OM<\/a> contre l\u2019OL dimanche soir, Pierre-Emerick Aubameyang a laiss\u00e9 sa place \u00e0 Robinio Vaz \u00e0 quelques minutes de la fin de la rencontre. A priori, l\u2019ancien joueur du FC Barcelone ne semblait pas touch\u00e9 au Groupama Stadium. L\u2019attaquant gabonais a pourtant \u00e9t\u00e9 contraint de d\u00e9clarer forfait pour le match de sa s\u00e9lection contre les Seychelles ce mardi. En effet, Pierre-Emerick Aubameyang a ressenti une douleur au genou gauche contre l\u2019OL dimanche soir et a donc \u00e9t\u00e9 laiss\u00e9 au repos.<\/p>\n<blockquote class=\"twitter-tweet\"><p>&#13;<\/p>\n<p lang=\"fr\" dir=\"ltr\">\ud83d\udd35\u26aa\ufe0f Pierre-Emerick Aubameyang n&rsquo;a pas particip\u00e9 au match du Gabon face aux Seychelles, ce mardi. \u274c<\/p>\n<p>L&rsquo;attaquant \u00ab\u00a0a ressenti une douleur spontan\u00e9e au genou gauche\u00a0\u00bb contre Lyon. Il devrait \u00eatre remis pour affronter la C\u00f4te d&rsquo;Ivoire, mardi prochain. \ud83d\ude2e\u200d\ud83d\udca8<\/p>\n<p>via <a href=\"https:\/\/twitter.com\/Stadium_ga?ref_src=twsrc%5Etfw\" rel=\"nofollow noopener\" target=\"_blank\">@Stadium_ga<\/a> <a href=\"https:\/\/twitter.com\/hashtag\/TeamOM?src=hash&amp;ref_src=twsrc%5Etfw\" rel=\"nofollow noopener\" target=\"_blank\">#TeamOM<\/a> <a href=\"https:\/\/t.co\/vi8tccfIvM\" rel=\"nofollow\">pic.twitter.com\/vi8tccfIvM<\/a><\/p>\n<p>&#13;<br \/>\n\u2014 La Minute OM (@LaMinuteOM_) <a href=\"https:\/\/twitter.com\/LaMinuteOM_\/status\/1963298647551987874?ref_src=twsrc%5Etfw\" rel=\"nofollow noopener\" target=\"_blank\">September 3, 2025<\/a><\/p><\/blockquote>\n<p class=\"p1\">L\u2019inqui\u00e9tude grandit \u00e0 Marseille, m\u00eame si un retour de \u00ab PEA \u00bb face \u00e0 la C\u00f4te d\u2019Ivoire mardi prochain est envisag\u00e9 par le staff gabonais. Plus de peur que de mal pour l\u2019OM donc, m\u00eame si le match entre le Gabon et la C\u00f4te d\u2019Ivoire sera certainement suivi de pr\u00e8s par Roberto De Zerbi, qui esp\u00e8re qu\u2019il pourra compter sur son attaquant face au FC Lorient le vendredi 12 septembre prochain pour la 4e journ\u00e9e de Ligue 1.<\/p>\n<p>\u00a0<\/p>\n<p>      <script async src=\"https:\/\/platform.twitter.com\/widgets.js\" charset=\"utf-8\"><\/script><\/p>\n","protected":false},"excerpt":{"rendered":"Icon Sport Publi\u00e9 Mercredi 03 Septembre 2025 \u00e0 20:00 Dans\u00a0: OM.Par Corentin Facy Titulaire lors de la d\u00e9faite&hellip;\n","protected":false},"author":2,"featured_media":363961,"comment_status":"","ping_status":"","sticky":false,"template":"","format":"standard","meta":{"footnotes":""},"categories":[1410],"tags":[63,1011,27,60],"class_list":{"0":"post-363960","1":"post","2":"type-post","3":"status-publish","4":"format-standard","5":"has-post-thumbnail","7":"category-football","8":"tag-football","9":"tag-fr","10":"tag-france","11":"tag-sports"},"share_on_mastodon":{"url":"https:\/\/pubeurope.com\/@fr\/115141993053594039","error":""},"_links":{"self":[{"href":"https:\/\/www.europesays.com\/fr\/wp-json\/wp\/v2\/posts\/363960","targetHints":{"allow":["GET"]}}],"collection":[{"href":"https:\/\/www.europesays.com\/fr\/wp-json\/wp\/v2\/posts"}],"about":[{"href":"https:\/\/www.europesays.com\/fr\/wp-json\/wp\/v2\/types\/post"}],"author":[{"embeddable":true,"href":"https:\/\/www.europesays.com\/fr\/wp-json\/wp\/v2\/users\/2"}],"replies":[{"embeddable":true,"href":"https:\/\/www.europesays.com\/fr\/wp-json\/wp\/v2\/comments?post=363960"}],"version-history":[{"count":0,"href":"https:\/\/www.europesays.com\/fr\/wp-json\/wp\/v2\/posts\/363960\/revisions"}],"wp:featuredmedia":[{"embeddable":true,"href":"https:\/\/www.europesays.com\/fr\/wp-json\/wp\/v2\/media\/363961"}],"wp:attachment":[{"href":"https:\/\/www.europesays.com\/fr\/wp-json\/wp\/v2\/media?parent=363960"}],"wp:term":[{"taxonomy":"category","embeddable":true,"href":"https:\/\/www.europesays.com\/fr\/wp-json\/wp\/v2\/categories?post=363960"},{"taxonomy":"post_tag","embeddable":true,"href":"https:\/\/www.europesays.com\/fr\/wp-json\/wp\/v2\/tags?post=363960"}],"curies":[{"name":"wp","href":"https:\/\/api.w.org\/{rel}","templated":true}]}}