{"id":363964,"date":"2025-09-03T19:23:14","date_gmt":"2025-09-03T19:23:14","guid":{"rendered":"https:\/\/www.europesays.com\/fr\/363964\/"},"modified":"2025-09-03T19:23:14","modified_gmt":"2025-09-03T19:23:14","slug":"son-voisin-trouve-que-sa-piscine-est-trop-contemporaine-et-ne-correspond-pas-a-larchitecture-traditionnelle-de-la-baule","status":"publish","type":"post","link":"https:\/\/www.europesays.com\/fr\/363964\/","title":{"rendered":"Son voisin trouve que sa piscine est trop contemporaine et ne correspond pas \u00e0 l&rsquo;architecture traditionnelle de La Baule"},"content":{"rendered":"<p class=\"article__intro\">Une querelle de voisinage autour d&rsquo;une piscine \u00ab\u00a0contemporaine\u00a0\u00bb dans le quartier des villas de La Baule oppose depuis plusieurs ann\u00e9es deux propri\u00e9taires. Le tribunal administratif de Nantes a mis sa d\u00e9cision en d\u00e9lib\u00e9r\u00e9 apr\u00e8s les plaidoiries du 2 septembre, mais l&rsquo;affaire pourrait rebondir en appel.<\/p>\n<p>\n      La Quotidienne Soci\u00e9t\u00e9\n    <\/p>\n<p>\n      De la vie quotidienne aux grands enjeux, recevez tous les jours les sujets qui font la soci\u00e9t\u00e9 locale, comme la justice, l\u2019\u00e9ducation, la sant\u00e9 et la famille.\n    <\/p>\n<p>    France T\u00e9l\u00e9visions utilise votre adresse e-mail afin de vous envoyer la newsletter \u00ab\u00a0La Quotidienne Soci\u00e9t\u00e9\u00a0\u00bb. Vous pouvez vous d\u00e9sinscrire \u00e0 tout moment via le lien en bas de cette newsletter. <a target=\"_blank\" href=\"https:\/\/www.francetelevisions.fr\/groupe\/confidentialite\/politique-de-confidentialite\/politique-de-confidentialite-de-france-televisions-6503\" rel=\"nofollow noopener\">Notre politique de confidentialit\u00e9<\/a><\/p>\n<p>L&rsquo;affaire remonte \u00e0 janvier 2021, quand un habitant de La Baule d\u00e9pose sa premi\u00e8re demande de permis de construire pour \u00e9difier une piscine de 30 m\u00b2 avec \u00ab\u00a0terrasse sur pilotis\u00a0\u00bb sur l&rsquo;avenue de Lorraine, dans le prestigieux \u00ab\u00a0quartier des villas\u00a0\u00bb de La Baule. <\/p>\n<p>Entre janvier 2021 et f\u00e9vrier 2022, trois dossiers successifs sont d\u00e9pos\u00e9s et valid\u00e9s par le maire LR Franck Louvrier.<\/p>\n<p>Mais le propri\u00e9taire de la maison voisine, par l&rsquo;interm\u00e9diaire de sa soci\u00e9t\u00e9 civile immobili\u00e8re (SCI), conteste ces autorisations d&rsquo;urbanisme. Il estime que cette construction ne respecte pas les r\u00e8gles d&rsquo;am\u00e9nagement en vigueur dans ce secteur prot\u00e9g\u00e9.<\/p>\n<p>L&rsquo;architecte des B\u00e2timents de France (ABF) avait pourtant rendu un \u00ab\u00a0avis favorable\u00a0\u00bb \u00e0 cette piscine, pr\u00e9cisant qu&rsquo;il n&rsquo;\u00e9tait \u00ab\u00a0pas \u00e9tabli\u00a0\u00bb qu&rsquo;elle \u00ab\u00a0impliquerait l&rsquo;abattage de pins\u00a0\u00bb dans ce \u00ab\u00a0secteur remarquable\u00a0\u00bb que constitue \u00ab\u00a0la pin\u00e8de\u00a0\u00bb de La Baule.<\/p>\n<p>Le principal reproche de l&rsquo;ABF portait sur l&rsquo;absence de r\u00e9f\u00e9rence \u00e0 l&rsquo;architecture traditionnelle locale, comme l&rsquo;exige le r\u00e8glement de l&rsquo;Aire de mise en valeur de l&rsquo;architecture et du patrimoine (AVAP) de La Baule.<\/p>\n<p>Les nouvelles constructions doivent en effet \u00ab\u00a0reprendre\u00a0\u00bb ou \u00ab\u00a0r\u00e9interpr\u00e9ter au moins une des r\u00e9f\u00e9rences architecturales caract\u00e9ristiques\u00a0\u00bb de la ville, comme \u00ab\u00a0les d\u00e9cors de bois d\u00e9coup\u00e9s\u00a0\u00bb, \u00ab\u00a0la c\u00e9ramique d\u00e9corative\u00a0\u00bb ou les \u00ab\u00a0\u00e9l\u00e9ments de ferronnerie d\u00e9corative\u00a0\u00bb.<\/p>\n<p>Apr\u00e8s la premi\u00e8re audience du 19 novembre 2024, les juges avaient accord\u00e9 le 17 d\u00e9cembre 2024 \u00ab\u00a0trois mois\u00a0\u00bb au pfutur propri\u00e9taire de la piscine pour \u00ab\u00a0r\u00e9gulariser\u00a0\u00bb ses travaux. Une nouvelle d\u00e9claration pr\u00e9alable a \u00e9t\u00e9 d\u00e9pos\u00e9e le 17 avril 2025 pour installer \u00ab\u00a0un garde-corps en ferronnerie sur un muret en lieu et place de la premi\u00e8re marche d&rsquo;un escalier d&rsquo;ornement\u00a0\u00bb.<\/p>\n<p>Pour la rapporteure publique, cette \u00ab\u00a0ferronnerie noire\u00a0\u00bb reprend bien l&rsquo;architecture traditionnelle de La Baule et permet de r\u00e9gulariser le permis de construire initial.<\/p>\n<p>Me Bertrand Vend\u00e9, repr\u00e9sentant le plaignant, a vertement critiqu\u00e9 cette solution lors de l&rsquo;audience du 2 septembre 2025. Dans ce dossier \u00ab\u00a0assez p\u00e9nible\u00a0\u00bb qui \u00ab\u00a0tra\u00eene depuis plusieurs ann\u00e9es\u00a0\u00bb, l&rsquo;avocat a d\u00e9clar\u00e9 \u00ab\u00a0ne pas partager l&rsquo;analyse\u00a0\u00bb de la magistrate sur \u00ab\u00a0la reprise des codes architecturaux baulois\u00a0\u00bb.<\/p>\n<p>Ce \u00ab\u00a0bricolage\u00a0\u00bb n&rsquo;a \u00ab\u00a0rien \u00e0 voir\u00a0\u00bb avec l&rsquo;architecture locale, a-t-il affirm\u00e9, d\u00e9non\u00e7ant le fait que la ville de La Baule soit \u00ab\u00a0assez peu diligente\u00a0\u00bb pour sanctionner les atteintes aux r\u00e8gles d&rsquo;urbanisme. C&rsquo;est donc \u00ab\u00a0un peu fort de caf\u00e9\u00a0\u00bb que la rapporteure publique vienne donner raison au voisin de son client, estime l&rsquo;avocat.<\/p>\n<p>Me Isabel L\u00e9on, repr\u00e9sentant la mairie, et l&rsquo;avocat du riverain mis en cause n&rsquo;ont pas fait d&rsquo;observations suppl\u00e9mentaires \u00e0 l&rsquo;audience. Le tribunal administratif de Nantes a mis sa d\u00e9cision en d\u00e9lib\u00e9r\u00e9 et rendra son jugement dans un mois.<\/p>\n<p>Mais cette d\u00e9cision ne cl\u00f4turera pas d\u00e9finitivement l&rsquo;affaire : l&rsquo;avocat du plaignant a d&rsquo;ores et d\u00e9j\u00e0 fait appel du jugement initial de d\u00e9cembre 2024 qui avait laiss\u00e9 la possibilit\u00e9 au propri\u00e9taire de \u00ab\u00a0r\u00e9gulariser\u00a0\u00bb sa piscine. Le conflit de voisinage risque donc de se poursuivre devant la cour administrative d&rsquo;appel de Nantes.<\/p>\n<p><strong>Retrouvez-nous sur les r\u00e9seaux sociaux ou sur\u00a0<\/strong><a href=\"http:\/\/france.tv\" rel=\"noopener noreferrer nofollow\" data-tooltip-url=\"http:\/\/france.tv\" target=\"_blank\"><strong>france.tv<\/strong><\/a><\/p>\n","protected":false},"excerpt":{"rendered":"Une querelle de voisinage autour d&rsquo;une piscine \u00ab\u00a0contemporaine\u00a0\u00bb dans le quartier des villas de La Baule oppose depuis&hellip;\n","protected":false},"author":2,"featured_media":363965,"comment_status":"","ping_status":"","sticky":false,"template":"","format":"standard","meta":{"footnotes":""},"categories":[1358],"tags":[1348,1384,1385,1386,58,59,1011,27],"class_list":{"0":"post-363964","1":"post","2":"type-post","3":"status-publish","4":"format-standard","5":"has-post-thumbnail","7":"category-arts-et-design","8":"tag-arts","9":"tag-arts-and-design","10":"tag-arts-et-design","11":"tag-design","12":"tag-divertissement","13":"tag-entertainment","14":"tag-fr","15":"tag-france"},"share_on_mastodon":{"url":"https:\/\/pubeurope.com\/@fr\/115142001528205347","error":""},"_links":{"self":[{"href":"https:\/\/www.europesays.com\/fr\/wp-json\/wp\/v2\/posts\/363964","targetHints":{"allow":["GET"]}}],"collection":[{"href":"https:\/\/www.europesays.com\/fr\/wp-json\/wp\/v2\/posts"}],"about":[{"href":"https:\/\/www.europesays.com\/fr\/wp-json\/wp\/v2\/types\/post"}],"author":[{"embeddable":true,"href":"https:\/\/www.europesays.com\/fr\/wp-json\/wp\/v2\/users\/2"}],"replies":[{"embeddable":true,"href":"https:\/\/www.europesays.com\/fr\/wp-json\/wp\/v2\/comments?post=363964"}],"version-history":[{"count":0,"href":"https:\/\/www.europesays.com\/fr\/wp-json\/wp\/v2\/posts\/363964\/revisions"}],"wp:featuredmedia":[{"embeddable":true,"href":"https:\/\/www.europesays.com\/fr\/wp-json\/wp\/v2\/media\/363965"}],"wp:attachment":[{"href":"https:\/\/www.europesays.com\/fr\/wp-json\/wp\/v2\/media?parent=363964"}],"wp:term":[{"taxonomy":"category","embeddable":true,"href":"https:\/\/www.europesays.com\/fr\/wp-json\/wp\/v2\/categories?post=363964"},{"taxonomy":"post_tag","embeddable":true,"href":"https:\/\/www.europesays.com\/fr\/wp-json\/wp\/v2\/tags?post=363964"}],"curies":[{"name":"wp","href":"https:\/\/api.w.org\/{rel}","templated":true}]}}