{"id":363966,"date":"2025-09-03T19:24:13","date_gmt":"2025-09-03T19:24:13","guid":{"rendered":"https:\/\/www.europesays.com\/fr\/363966\/"},"modified":"2025-09-03T19:24:13","modified_gmt":"2025-09-03T19:24:13","slug":"que-retenir-de-la-premiere-selection-du-prix-goncourt-2025","status":"publish","type":"post","link":"https:\/\/www.europesays.com\/fr\/363966\/","title":{"rendered":"Que retenir de la premi\u00e8re s\u00e9lection du prix Goncourt 2025 ?"},"content":{"rendered":"<p>Six femmes, comme l\u2019an dernier, et neuf hommes (un de moins qu&rsquo;en 2024 dont <a href=\"https:\/\/www.livreshebdo.fr\/article\/la-premiere-selection-du-prix-goncourt-2024\" target=\"_blank\" rel=\"nofollow noopener\">la s\u00e9lection comportait 16 titres<\/a>, comme en 2023) sont lanc\u00e9s dans la course <a href=\"https:\/\/www.livreshebdo.fr\/article\/le-prix-goncourt-2024-pour-kamel-daoud\" target=\"_blank\" rel=\"nofollow noopener\">\u00e0 la succession de <strong>Kamel Daoud<\/strong><\/a>, qui aboutira le 4 novembre prochain.<\/p>\n<p><strong>L\u2019autofiction de plus en plus pr\u00e9sente<\/strong><\/p>\n<p>D\u2019ici-l\u00e0, la liste aura \u00e9t\u00e9 amput\u00e9e de moiti\u00e9 par deux fois (le 7 puis le 28 octobre), et si le laur\u00e9at peut \u00eatre assur\u00e9 de d\u00e9passer les 200 000 ventes grand format \u2013 450 000 pour Houris (Gallimard) l\u2019an dernier, 660 000 pour le laur\u00e9at 2023\u00a0Veiller sur elle de <strong>Jean-Baptiste Andrea<\/strong> (L\u2019Iconoclaste) et 260 000 pour Vivre vite de <strong>Brigitte Giraud<\/strong> (Flammarion) en 2022 \u2013, les 14 autres titres de la premi\u00e8re s\u00e9lection du Goncourt 2025 peuvent briller autrement, \u00e0 travers la d\u00e9clinaison prescriptrice du Goncourt des lyc\u00e9ens, remis le 27 novembre prochain, ou le plus r\u00e9cent Goncourt des d\u00e9tenus, quand il ne s&rsquo;agit pas d\u2019autres prix historiques.<\/p>\n<p>L\u2019an dernier, Jacaranda<strong> <\/strong>de <strong>Ga\u00ebl Faye<\/strong> (Grasset), finaliste malheureux du Goncourt, <a href=\"https:\/\/www.livreshebdo.fr\/article\/gael-faye-remporte-le-prix-renaudot-2024\" target=\"_blank\" rel=\"nofollow noopener\">avait notamment empoch\u00e9 le Renaudot<\/a>, dont la premi\u00e8re liste pour l\u2019\u00e9dition 2025 est attendue ce jeudi\u2026 \u00a0<\/p>\n<p>          La premi\u00e8re liste du Goncourt 2025<\/p>\n<ul>\n<li><strong>Nathacha APPANAH<\/strong>, La nuit au c\u0153ur (Gallimard)<\/li>\n<li><strong>Emmanuel CARRE\u0300RE<\/strong>, Kolkhoze (P.O.L)<\/li>\n<li><strong>David DENEUFGERMAIN<\/strong>, L\u2019adieu au visage (Marchialy)<\/li>\n<li><strong>David DIOP<\/strong>, Ou\u0300 s\u2019adosse le ciel (Julliard)<\/li>\n<li><strong>Ghislaine DUNANT<\/strong>, Un amour infini (Albin Michel)<\/li>\n<li><strong>Paul GASNIER<\/strong>, La collision (Gallimard)<\/li>\n<li><strong>Yanick LAHENS<\/strong>, Passage\u0300res de nuit (Sabine Wespieser)<\/li>\n<li><strong>Caroline LAMARCHE<\/strong>, Le bel obscur (Seuil)<\/li>\n<li><strong>He\u0301le\u0300ne LAURAIN<\/strong>, Tambora (Verdier)<\/li>\n<li><strong>Charif MAJDALANI<\/strong>, Le nom des rois (Stock)<\/li>\n<li><strong>Laurent MAUVIGNIER<\/strong>, La maison vide (Minuit)<\/li>\n<li><strong>Alfred de MONTESQUIOU<\/strong>, Le cre\u0301puscule des hommes (Robert Laffont)<\/li>\n<li><strong>Guillaume POIX<\/strong>, Perpe\u0301tuite\u0301 (Verticales)<\/li>\n<li><strong>Maria POURCHET<\/strong>, Tressaillir (Stock)<\/li>\n<li><strong>David THOMAS<\/strong>, Un fre\u0300re (L\u2019Olivier)<\/li>\n<\/ul>\n<p>Pour t\u00e9l\u00e9charger ce document, vous devez d&rsquo;abord acheter l&rsquo;article correspondant.<\/p>\n<p>Sur le fond, cette premi\u00e8re s\u00e9lection, repr\u00e9sentant pr\u00e8s de 4 % des romans fran\u00e7ais de cette rentr\u00e9e litt\u00e9raire, colle avec la th\u00e9matique des relations familiales qui se retrouve dans de nombreux titres, toutes maisons d\u2019\u00e9dition confondues.<\/p>\n<p>On peut citer ici les \u0153uvres de <strong>Nathacha Appanah<\/strong> (La nuit au c\u0153ur, Gallimard), <strong>Emmanuel Carr\u00e8re<\/strong> (Kolkhoze, P.O.L), <strong>Yanick <\/strong><strong>Lahens <\/strong>(Passag\u00e8res de nuit, Sabine Wespieser), <strong>Laurent Mauvignier<\/strong> (La Maison vide, Minuit), <a href=\"https:\/\/www.livreshebdo.fr\/article\/laurent-mauvignier-remporte-le-prix-litteraire-le-monde-2025\" target=\"_blank\" rel=\"nofollow noopener\">tout juste laur\u00e9at du prix litt\u00e9raire du Monde<\/a>, et <strong>David Thomas<\/strong><strong> <\/strong>(Un fr\u00e8re, L\u2019Olivier).<\/p>\n<p>Avec en plus le titre de <strong>Charif Majdalani<\/strong><strong>\u00a0<\/strong>(Le nom des rois, Stock), on remarque \u00e9galement une plus grande propension cette ann\u00e9e \u00e0 l\u2019autofiction, genre en vogue depuis plusieurs ann\u00e9es mais longtemps rest\u00e9 sur la terrasse de Chez Drouant.<\/p>\n<p>Assez rare jusqu\u2019\u00e0 pr\u00e9sent dans les listes, les \u00ab\u00a0histoires vraies\u00a0\u00bb sont repr\u00e9sent\u00e9es ici avec le premier roman de <strong>David Deneufgermain<\/strong>, L\u2019adieu au visage (Marchialy). Premier roman \u00e9galement, La collision du chroniqueur <strong>Paul Gasnier <\/strong>(Gallimard), doublant ainsi le nombre de primo-romanciers par rapport \u00e0 l\u2019an dernier, comme en 2023.<\/p>\n<p><strong>Madrigall premier de cord\u00e9e<\/strong><\/p>\n<p>Au niveau des marques \u00e9ditoriales, deux maisons ind\u00e9pendantes ont eu un titre s\u00e9lectionn\u00e9, Verdier (Tambora d\u2019<strong>H\u00e9l\u00e8ne Laurain<\/strong>) et Sabine Wespieser (Passag\u00e8res de nuit de\u00a0<strong>Yanick Lahens<\/strong>). Gallimard et Stock, seul repr\u00e9sentant du groupe Hachette, placent chacun deux titres. Si Le Seuil compte un seul roman (Le bel obscur de <strong>Caroline Lamarche<\/strong>), Grasset n\u2019y est pas, comme en 2022, alors qu&rsquo;il avait eu deux romans s\u00e9lectionn\u00e9s l\u2019an dernier \u00e0 ce stade de la course.<\/p>\n<p>Au niveau des groupes, Madrigall reste encore premier de cord\u00e9e, avec cinq titres r\u00e9partis entre Gallimard, P.O.L, Minuit et Verticales (Perp\u00e9tuit\u00e9 de <strong>Guillaume Poix<\/strong>). Suit Editis avec trois titres provenant de Robert Laffont (Le cr\u00e9puscule des hommes d\u2019<strong>Alfred de Montesquiou<\/strong>), Julliard (O\u00f9 s\u2019adosse le ciel de <strong>David Diop<\/strong>) et Marchialy, marque du groupe Delcourt rachet\u00e9 en d\u00e9but d\u2019ann\u00e9e.<\/p>\n<p>Le groupe M\u00e9dia-Participations place deux titres avec ceux du Seuil et de L\u2019Olivier, tandis qu\u2019Albin Michel, avec Un amour infini de<strong> Ghislaine Dunant<\/strong>, est pr\u00e9sent une fois.<\/p>\n<p>Qui pour succ\u00e9der \u00e0 Kamel Daoud\u00a0? Par le pass\u00e9 r\u00e9cent (2022, 2023), les favoris de septembre n\u2019ont pas obtenu le graal en novembre. Mais si l\u2019on suit la tendance de l\u2019an dernier qui envisageait d\u00e8s juillet une finale Daoud-Gaye chez Drouant, Emmanuel Carr\u00e8re tient la corde.<\/p>\n<p>Et ce n\u2019est pas son obtention du prix Renaudot en 2011 qui devrait l\u2019en emp\u00eacher. En 2005, <strong>Fran\u00e7ois Weyergans<\/strong>, d\u00e9j\u00e0 r\u00e9cipiendaire du Renaudot en 1992, avait \u00e9t\u00e9 couronn\u00e9 par les acad\u00e9miciens chez Drouant. \u00a0\u00a0\u00a0<\/p>\n","protected":false},"excerpt":{"rendered":"Six femmes, comme l\u2019an dernier, et neuf hommes (un de moins qu&rsquo;en 2024 dont la s\u00e9lection comportait 16&hellip;\n","protected":false},"author":2,"featured_media":363967,"comment_status":"","ping_status":"","sticky":false,"template":"","format":"standard","meta":{"footnotes":""},"categories":[1357],"tags":[1379,58,59,1011,27,1380],"class_list":{"0":"post-363966","1":"post","2":"type-post","3":"status-publish","4":"format-standard","5":"has-post-thumbnail","7":"category-livres","8":"tag-books","9":"tag-divertissement","10":"tag-entertainment","11":"tag-fr","12":"tag-france","13":"tag-livres"},"share_on_mastodon":{"url":"https:\/\/pubeurope.com\/@fr\/115142004992416145","error":""},"_links":{"self":[{"href":"https:\/\/www.europesays.com\/fr\/wp-json\/wp\/v2\/posts\/363966","targetHints":{"allow":["GET"]}}],"collection":[{"href":"https:\/\/www.europesays.com\/fr\/wp-json\/wp\/v2\/posts"}],"about":[{"href":"https:\/\/www.europesays.com\/fr\/wp-json\/wp\/v2\/types\/post"}],"author":[{"embeddable":true,"href":"https:\/\/www.europesays.com\/fr\/wp-json\/wp\/v2\/users\/2"}],"replies":[{"embeddable":true,"href":"https:\/\/www.europesays.com\/fr\/wp-json\/wp\/v2\/comments?post=363966"}],"version-history":[{"count":0,"href":"https:\/\/www.europesays.com\/fr\/wp-json\/wp\/v2\/posts\/363966\/revisions"}],"wp:featuredmedia":[{"embeddable":true,"href":"https:\/\/www.europesays.com\/fr\/wp-json\/wp\/v2\/media\/363967"}],"wp:attachment":[{"href":"https:\/\/www.europesays.com\/fr\/wp-json\/wp\/v2\/media?parent=363966"}],"wp:term":[{"taxonomy":"category","embeddable":true,"href":"https:\/\/www.europesays.com\/fr\/wp-json\/wp\/v2\/categories?post=363966"},{"taxonomy":"post_tag","embeddable":true,"href":"https:\/\/www.europesays.com\/fr\/wp-json\/wp\/v2\/tags?post=363966"}],"curies":[{"name":"wp","href":"https:\/\/api.w.org\/{rel}","templated":true}]}}