{"id":363970,"date":"2025-09-03T19:26:10","date_gmt":"2025-09-03T19:26:10","guid":{"rendered":"https:\/\/www.europesays.com\/fr\/363970\/"},"modified":"2025-09-03T19:26:10","modified_gmt":"2025-09-03T19:26:10","slug":"un-des-fils-dalain-souchon-contraint-de-suivre-une-chimiotherapie-sa-vie-a-letranger-bouleversee","status":"publish","type":"post","link":"https:\/\/www.europesays.com\/fr\/363970\/","title":{"rendered":"Un des fils d&rsquo;Alain Souchon contraint de suivre une chimioth\u00e9rapie, sa vie \u00e0 l&rsquo;\u00e9tranger boulevers\u00e9e"},"content":{"rendered":"<p>La suite apr\u00e8s la publicit\u00e9<\/p>\n<p>Ce mercredi 3 septembre 2025, \u00e0 21h00, France 4 diffuse Alain Souchon en concert ici &amp; l\u00e0 au D\u00f4me de Paris. L&rsquo;occasion de retrouver <a href=\"https:\/\/www.purepeople.com\/article\/-on-s-est-raccroche-au-nez-laurent-voulzy-et-alain-souchon-faches-apres-une-brouille-electrique_a498111\/1\" rel=\"nofollow noopener\" target=\"_blank\">l&rsquo;acolyte de Laurent Voulzy <\/a>sur sc\u00e8ne, o\u00f9 il reprend les chansons de son album \u00c2mes Fifties, sorti en 2019. Depuis, il s&rsquo;est lanc\u00e9 dans une tourn\u00e9e dans toute la France avec ses fis, <a href=\"https:\/\/www.purepeople.com\/article\/alain-souchon-et-ses-fils-pierre-et-charles-je-leur-fais-de-l-ombre_a238852\/1\" rel=\"nofollow noopener\" target=\"_blank\">Charles et Pierre<\/a>. Le premier est plus connu sous le pseudonyme Ours, son nom d&rsquo;artiste. En mai dernier, le cadet de la famille se confiait comme rarement dans un entretien avec Paris Match. Il venait alors de d\u00e9voiler un projet musical in\u00e9dit intitul\u00e9 Le spleen d&rsquo;une vie sublime.<\/p>\n<p>Pour nos confr\u00e8res, il est notamment revenu sur ce probl\u00e8me de sant\u00e9 qui l&rsquo;a beaucoup marqu\u00e9 plus jeune, et qui a par la force des choses boulevers\u00e9 son destin \u00a0: \u00ab\u00a0<strong>Ado, je voulais faire des \u00e9tudes d&rsquo;arts plastiques et je suis parti m&rsquo;installer \u00e0 Londres pour \u00e7a. Or j&rsquo;ai eu un p\u00e9pin de sant\u00e9 \u00e0 22 ans qui a n\u00e9cessit\u00e9 une chimioth\u00e9rapie. Tout s&rsquo;est bien termin\u00e9, mais je suis rentr\u00e9 \u00e0 Paris, sans tergiverser, parce que j&rsquo;avais compris que je voulais faire de la musique<\/strong><strong>.<\/strong>\u00a0\u00bb Ours est depuis devenu un excellent chanteur, qui a donc d\u00e9cid\u00e9 de partir en tourn\u00e9e avec son fr\u00e8re a\u00een\u00e9 et son c\u00e9l\u00e8bre p\u00e8re.\u00a0<\/p>\n<p>Alain Souchon dans une p\u00e9riode compliqu\u00e9e, son fils Ours raconte<\/p>\n<p>Mais en r\u00e9alit\u00e9, ce choix d&rsquo;\u00e9cumer les sc\u00e8nes en famille ne vient pas de lui : \u00ab\u00a0Mon p\u00e8re \u00e9tait dans une phase d\u00e9pressive. <a href=\"https:\/\/www.purepeople.com\/article\/alain-souchon-pas-au-top-de-sa-forme-ce-drole-de-conseil-de-la-part-de-son-medecin-pour-quil-remonte-la-pente_a533561\/1\" rel=\"nofollow noopener\" target=\"_blank\">C&rsquo;est son m\u00e9decin <\/a>qui lui a conseill\u00e9 de se lancer dans cette aventure. Moi, j&rsquo;avais d\u00e9j\u00e0 mon disque en chantier, mais j&rsquo;ai men\u00e9 les deux projets de front. C&rsquo;est rare de pouvoir partager une vie de chansons avec son p\u00e8re devant le public. Chaque concert est tr\u00e8s \u00e9mouvant, les gens le portent. Et nous aussi un peu, probablement.\u00a0\u00bb Finalement, alors qu&rsquo;elle devait cesser cet \u00e9t\u00e9, leur tourn\u00e9e se prolongera \u00ab\u00a0au moins jusqu&rsquo;au printemps 2026\u00a0\u00bb. Pourquoi s&rsquo;arr\u00eater quand tout se passe bien ? \u00a0Partager la sc\u00e8ne avec son p\u00e8re le rend tr\u00e8s heureux.<\/p>\n<p>Ours a toujours \u00e9t\u00e9 admiratif de son travail, m\u00eame s&rsquo;il avait d&rsquo;autres idoles enfant : \u00ab\u00a0Je connais vraiment bien l&rsquo;\u0153uvre de mon p\u00e8re, je suis, comme Ob\u00e9lix, tomb\u00e9 dedans quand j&rsquo;\u00e9tais petit. Mais gamin, j&rsquo;\u00e9coutais aussi beaucoup Gainsbourg et Daho, des gens importants dans mon parcours, que j&rsquo;ai eu la chance de rencontrer.\u00a0\u00bb A noter enfin qu&rsquo;en parall\u00e8le de sa carri\u00e8re, il partage la vie de la chanteuse C\u00e9cile Hercule, avec laquelle il a eu fils, n\u00e9 en 2019.<\/p>\n","protected":false},"excerpt":{"rendered":"La suite apr\u00e8s la publicit\u00e9 Ce mercredi 3 septembre 2025, \u00e0 21h00, France 4 diffuse Alain Souchon en&hellip;\n","protected":false},"author":2,"featured_media":363971,"comment_status":"","ping_status":"","sticky":false,"template":"","format":"standard","meta":{"footnotes":""},"categories":[1355],"tags":[58,59,1011,27,1361,873],"class_list":{"0":"post-363970","1":"post","2":"type-post","3":"status-publish","4":"format-standard","5":"has-post-thumbnail","7":"category-musique","8":"tag-divertissement","9":"tag-entertainment","10":"tag-fr","11":"tag-france","12":"tag-music","13":"tag-musique"},"share_on_mastodon":{"url":"https:\/\/pubeurope.com\/@fr\/115142012874240517","error":""},"_links":{"self":[{"href":"https:\/\/www.europesays.com\/fr\/wp-json\/wp\/v2\/posts\/363970","targetHints":{"allow":["GET"]}}],"collection":[{"href":"https:\/\/www.europesays.com\/fr\/wp-json\/wp\/v2\/posts"}],"about":[{"href":"https:\/\/www.europesays.com\/fr\/wp-json\/wp\/v2\/types\/post"}],"author":[{"embeddable":true,"href":"https:\/\/www.europesays.com\/fr\/wp-json\/wp\/v2\/users\/2"}],"replies":[{"embeddable":true,"href":"https:\/\/www.europesays.com\/fr\/wp-json\/wp\/v2\/comments?post=363970"}],"version-history":[{"count":0,"href":"https:\/\/www.europesays.com\/fr\/wp-json\/wp\/v2\/posts\/363970\/revisions"}],"wp:featuredmedia":[{"embeddable":true,"href":"https:\/\/www.europesays.com\/fr\/wp-json\/wp\/v2\/media\/363971"}],"wp:attachment":[{"href":"https:\/\/www.europesays.com\/fr\/wp-json\/wp\/v2\/media?parent=363970"}],"wp:term":[{"taxonomy":"category","embeddable":true,"href":"https:\/\/www.europesays.com\/fr\/wp-json\/wp\/v2\/categories?post=363970"},{"taxonomy":"post_tag","embeddable":true,"href":"https:\/\/www.europesays.com\/fr\/wp-json\/wp\/v2\/tags?post=363970"}],"curies":[{"name":"wp","href":"https:\/\/api.w.org\/{rel}","templated":true}]}}