{"id":363972,"date":"2025-09-03T19:27:25","date_gmt":"2025-09-03T19:27:25","guid":{"rendered":"https:\/\/www.europesays.com\/fr\/363972\/"},"modified":"2025-09-03T19:27:25","modified_gmt":"2025-09-03T19:27:25","slug":"le-film-est-il-inspire-dune-histoire-vraie-3","status":"publish","type":"post","link":"https:\/\/www.europesays.com\/fr\/363972\/","title":{"rendered":"le film est-il inspir\u00e9 d&rsquo;une histoire vraie\u00a0?"},"content":{"rendered":"<p class=\"app_entry_lead\">\n                                            <a title=\"\u00a0\u00a9\u00a0\u00a9 Julien Bonet \/ Hugo Productio\" href=\"https:\/\/img-4.linternaute.com\/9XLYC7vanua153OIfrLeVfQ_D3k=\/1240x\/smart\/4731b664ab1b44d09067b88a8f2818b9\/ccmcms-linternaute\/79753221.jpg\" class=\"fancy\" rel=\"nofollow noopener\" target=\"_blank\"><br \/>\n                            <img decoding=\"async\" alt=\"Elle s'appelait Sarah\u00a0: le film est-il inspir\u00e9 d'une histoire vraie\u00a0?\" src=\"https:\/\/www.europesays.com\/fr\/wp-content\/uploads\/2025\/09\/79753221.jpg\" width=\"&quot;540&quot;\" height=\"&quot;360&quot;\"\/><br \/>\n                        <\/a><br \/>\n                                        Sorti au cin\u00e9ma en 2015, \u00ab\u00a0Elle s&rsquo;appelait Sarah\u00a0\u00bb est l&rsquo;adaptation du roman de Tatiana de Rosnay publi\u00e9 en 2007.\n                <\/p>\n<p>                <a class=\"tv-broadcast__channel-logo\" title=\"Arte\" href=\"https:\/\/www.linternaute.com\/television\/programme-arte\/\" rel=\"nofollow noopener\" target=\"_blank\"><br \/>\n                    <img decoding=\"async\" alt=\"Arte\" src=\"https:\/\/www.europesays.com\/fr\/wp-content\/uploads\/2025\/08\/111.png\"\/><br \/>\n                <\/a><\/p>\n<p>\n                        Arte<br \/>\n                        Mercredi 3 septembre \u00e0 21h00\n                    <\/p>\n<p>\n                        4\/3 | Tous publics\n                    <\/p>\n<p>                <a class=\"tv-broadcast__channel-logo\" title=\"Arte\" href=\"https:\/\/www.linternaute.com\/television\/programme-arte\/\" rel=\"nofollow noopener\" target=\"_blank\"><br \/>\n                    <img decoding=\"async\" alt=\"Arte\" src=\"https:\/\/www.europesays.com\/fr\/wp-content\/uploads\/2025\/08\/111.png\"\/><br \/>\n                <\/a><\/p>\n<p>\n                        Arte<br \/>\n                        Vendredi 12 septembre \u00e0 00h00\n                    <\/p>\n<p>\n                        4\/3 | Tous publics\n                    <\/p>\n<p>Elle s&rsquo;appelait Sarah\u00a0est l&rsquo;adaptation du roman phare \u00e9crit par Tatiana de Rosnay et publi\u00e9 en 2007. Il a \u00e9t\u00e9 vendu \u00e0 plusieurs millions d&rsquo;exemplaires dans le monde. L&rsquo;intrigue se concentre sur Julia, une journaliste am\u00e9ricaine vivant en France, qui enqu\u00eate sur la disparition d&rsquo;une petite fille, Sarah, d\u00e9port\u00e9e lors de la rafle du Vel d&rsquo;Hiv, en 1942. On suit donc ces deux destins qui se croisent malgr\u00e9 les 60 ans qui les s\u00e9pare.<\/p>\n<p>Pour \u00e9crire\u00a0Elle s&rsquo;appelait Sarah, Tatiana de Rosnay ne s&rsquo;est pas inspir\u00e9e d&rsquo;une histoire vraie.\u00a0L&rsquo;histoire de Sarah et l&rsquo;enqu\u00eate de\u00a0Julia sont totalement fictifs.\u00a0En revanche,\u00a0les \u00e9v\u00e9nements qui se d\u00e9roulent au cours du film et le contexte historique sont malheureusement bien r\u00e9alistes.\u00a0La rafle\u00a0du Vel d&rsquo;Hiv lors de l&rsquo;occupation de Paris par l&rsquo;arm\u00e9e nazie allemande s&rsquo;est bien produite : plus de 13 000 personnes juives, dont un tiers d&rsquo;enfants, ont \u00e9t\u00e9 arr\u00eat\u00e9es et emprisonn\u00e9es dans le v\u00e9lodrome d&rsquo;hiver de Paris pendant 5 jours, en juillet 1942. Ils ont ensuite \u00e9t\u00e9 d\u00e9port\u00e9s jusqu&rsquo;au camp de la mort d&rsquo;Auschwitz.<\/p>\n<p><a id=\"synopsis\" name=\"synopsis\"><strong>Synopsis<\/strong><\/a> &#8211; Dans les ann\u00e9es 2000, Julia Jarmond (<a href=\"https:\/\/www.linternaute.fr\/cinema\/biographie\/1773320-kristin-scott-thomas-biographie-courte-dates-citations\/\" rel=\"nofollow noopener\" target=\"_blank\">Kristin Scott Thomas<\/a>) est une journaliste am\u00e9ricaine vivant en France depuis plus de 20 ans. Elle pr\u00e9pare un article sur la rafle du Vel&rsquo;d&rsquo;Hiv&rsquo; et enqu\u00eate alors sur la disparition d&rsquo;une petite fille d\u00e9port\u00e9e en 1942, Sarah (<a href=\"http:\/\/www.linternaute.com\/cinema\/melusine-mayance\/\" rel=\"nofollow noopener\" target=\"_blank\">M\u00e9lusine Mayance<\/a>). Cette derni\u00e8re a pu \u00e9chapper \u00e0 Auschwitz en se r\u00e9fugiant chez Genevi\u00e8ve et Jules Dufaure (<a href=\"https:\/\/www.linternaute.fr\/cinema\/biographie\/1774164-niels-arestrup-biographie-courte-dates-citations\/\" rel=\"nofollow noopener\" target=\"_blank\">Niels Arestrup<\/a>), un couple de fermiers. \u00c0 c\u00f4t\u00e9 de cela, Julia doit emm\u00e9nager sous peu avec son mari et sa fille dans un appartement au coeur du Marais. Elle apprend que les grands-parents de son mari y ont v\u00e9cu pendant la guerre et va rechercher qui y habitait auparavant. En remontant les faits, son chemin va croiser celui de Sarah. Le destin de cette jeune fille va ainsi croiser \u00e0 60 ans d&rsquo;\u00e9cart celui de Julia, qui va pousser son enqu\u00eate jusqu&rsquo;au bout afin d&rsquo;en conna\u00eetre les lourds secrets risquant de bouleverser sa vie.<\/p>\n","protected":false},"excerpt":{"rendered":"Sorti au cin\u00e9ma en 2015, \u00ab\u00a0Elle s&rsquo;appelait Sarah\u00a0\u00bb est l&rsquo;adaptation du roman de Tatiana de Rosnay publi\u00e9 en&hellip;\n","protected":false},"author":2,"featured_media":363973,"comment_status":"","ping_status":"","sticky":false,"template":"","format":"standard","meta":{"footnotes":""},"categories":[1354],"tags":[58,59,1346,1011,27,1360],"class_list":{"0":"post-363972","1":"post","2":"type-post","3":"status-publish","4":"format-standard","5":"has-post-thumbnail","7":"category-films","8":"tag-divertissement","9":"tag-entertainment","10":"tag-films","11":"tag-fr","12":"tag-france","13":"tag-movies"},"share_on_mastodon":{"url":"https:\/\/pubeurope.com\/@fr\/115142016819612854","error":""},"_links":{"self":[{"href":"https:\/\/www.europesays.com\/fr\/wp-json\/wp\/v2\/posts\/363972","targetHints":{"allow":["GET"]}}],"collection":[{"href":"https:\/\/www.europesays.com\/fr\/wp-json\/wp\/v2\/posts"}],"about":[{"href":"https:\/\/www.europesays.com\/fr\/wp-json\/wp\/v2\/types\/post"}],"author":[{"embeddable":true,"href":"https:\/\/www.europesays.com\/fr\/wp-json\/wp\/v2\/users\/2"}],"replies":[{"embeddable":true,"href":"https:\/\/www.europesays.com\/fr\/wp-json\/wp\/v2\/comments?post=363972"}],"version-history":[{"count":0,"href":"https:\/\/www.europesays.com\/fr\/wp-json\/wp\/v2\/posts\/363972\/revisions"}],"wp:featuredmedia":[{"embeddable":true,"href":"https:\/\/www.europesays.com\/fr\/wp-json\/wp\/v2\/media\/363973"}],"wp:attachment":[{"href":"https:\/\/www.europesays.com\/fr\/wp-json\/wp\/v2\/media?parent=363972"}],"wp:term":[{"taxonomy":"category","embeddable":true,"href":"https:\/\/www.europesays.com\/fr\/wp-json\/wp\/v2\/categories?post=363972"},{"taxonomy":"post_tag","embeddable":true,"href":"https:\/\/www.europesays.com\/fr\/wp-json\/wp\/v2\/tags?post=363972"}],"curies":[{"name":"wp","href":"https:\/\/api.w.org\/{rel}","templated":true}]}}