{"id":363977,"date":"2025-09-03T19:30:14","date_gmt":"2025-09-03T19:30:14","guid":{"rendered":"https:\/\/www.europesays.com\/fr\/363977\/"},"modified":"2025-09-03T19:30:14","modified_gmt":"2025-09-03T19:30:14","slug":"a-venise-un-film-choc-pour-donner-une-voix-aux-victimes-de-gaza-actualites","status":"publish","type":"post","link":"https:\/\/www.europesays.com\/fr\/363977\/","title":{"rendered":"A Venise, un film choc pour \u00ab\u00a0donner une voix\u00a0\u00bb aux victimes de Gaza : Actualit\u00e9s"},"content":{"rendered":"<p class=\"lead \">Avec \u00ab\u00a0The Voice of Hind Rajab\u00a0\u00bb, film ovationn\u00e9 mercredi \u00e0 Venise sur une fillette palestinienne tu\u00e9e \u00e0 Gaza en janvier 2024 par l&rsquo;arm\u00e9e isra\u00e9lienne, la Mostra tient son film-\u00e9v\u00e9nement.<\/p>\n<p class=\"lead \">La projection officielle a \u00e9t\u00e9 suivie d&rsquo;une ovation de 23 minutes, des spectateurs ont brandi des drapeaux palestiniens et des slogans ont retenti dans la salle du palais des festivals, a constat\u00e9 un journaliste de l&rsquo;AFP.<\/p>\n<p class=\"lead \">L&rsquo;\u00e9quipe du film compos\u00e9e d&rsquo;acteurs palestiniens a termin\u00e9 en larmes. Deux heures plus t\u00f4t, v\u00eatus de noir et brandissant une photo d&rsquo;Hind Rajab, les acteurs et la r\u00e9alisatrice avaient foul\u00e9 le tapis rouge, accompagn\u00e9s du couple hollywoodien form\u00e9 par Rooney Mara et Joaquin Phoenix, producteurs ex\u00e9cutifs.<\/p>\n<p class=\"lead \">\u00ab\u00a0Ils sont l\u00e0 pour soutenir le film. Je suis tr\u00e8s heureuse, je n&rsquo;aurais jamais pens\u00e9 que cela serait possible\u00a0\u00bb, a affirm\u00e9 la r\u00e9alisatrice \u00e0 la presse.<\/p>\n<p class=\"lead \">Au coeur de son film: les enregistrements de l&rsquo;appel aux secours d&rsquo;Hind Rajab qui ont \u00e9t\u00e9 enregistr\u00e9s et ont suscit\u00e9 une vive \u00e9motion internationale.<\/p>\n<p class=\"lead \">\u00ab\u00a0Lorsque j&rsquo;ai entendu pour la premi\u00e8re fois la voix d&rsquo;Hind Rajab, il y avait quelque chose de plus que sa voix. C&rsquo;\u00e9tait la voix de Gaza qui appelait \u00e0 l&rsquo;aide et personne ne pouvait entrer\u00a0\u00bb, a affirm\u00e9 Kaouther Ben Hania.<\/p>\n<p class=\"lead \">En lice pour le Lion d&rsquo;or, le film confirme la dimension politique de la 82e Mostra, marqu\u00e9e par une manifestation de plusieurs milliers de personnes samedi pour exhorter le festival \u00e0 prendre clairement position contre les actions d&rsquo;Isra\u00ebl dans la bande de Gaza, d\u00e9vast\u00e9e par la guerre d\u00e9clench\u00e9e le 7 octobre 2023 par l&rsquo;attaque sans pr\u00e9c\u00e9dent du Hamas sur le sol isra\u00e9lien.<\/p>\n<p class=\"lead \">&#8211; \u00ab\u00a0Fort impact\u00a0\u00bb &#8211;<\/p>\n<p class=\"lead \">\u00ab\u00a0Nous voyons que, partout dans le monde, les m\u00e9dias pr\u00e9sentent les morts \u00e0 Gaza comme des dommages collat\u00e9raux. Je trouve cela si d\u00e9shumanisant et c&rsquo;est pourquoi le cin\u00e9ma, l&rsquo;art et toutes les formes d&rsquo;expression sont si importants pour donner une voix et un visage \u00e0 ces personnes\u00a0\u00bb, a ajout\u00e9 Mme Ben Hania.<\/p>\n<p class=\"lead \">Le directeur de la Mostra, Alberto Barbera, avait pr\u00e9venu en juillet que le film aurait \u00ab\u00a0un fort impact sur le public\u00a0\u00bb.<\/p>\n<p class=\"lead \">Ag\u00e9e de 5 ans, Hind Rajab a \u00e9t\u00e9 retrouv\u00e9e morte \u00e0 l&rsquo;int\u00e9rieur d&rsquo;une voiture cribl\u00e9e de balles dans la ville de Gaza, plusieurs jours apr\u00e8s avoir pass\u00e9 des heures au t\u00e9l\u00e9phone, le 29 janvier 2024, avec le Croissant-Rouge palestinien, alors que le v\u00e9hicule dans lequel elle voyageait avec des membres de sa famille avait \u00e9t\u00e9 vis\u00e9 par des soldats isra\u00e9liens.<\/p>\n<p class=\"lead \">La r\u00e9alisatrice a racont\u00e9 sur Instagram qu&rsquo;elle avait entendu presque par hasard les extraits des appels \u00e0 l&rsquo;aide d&rsquo;Hind Rajab et contact\u00e9 le Croissant-Rouge.<\/p>\n<p class=\"lead \">\u00ab\u00a0J&rsquo;ai longuement parl\u00e9 avec la m\u00e8re de Hind, avec les personnes qui \u00e9taient [avec elle] \u00e0 l&rsquo;autre bout du fil, ceux qui ont essay\u00e9 de l&rsquo;aider. J&rsquo;ai \u00e9cout\u00e9, j&rsquo;ai pleur\u00e9, j&rsquo;ai \u00e9crit\u00a0\u00bb, a ajout\u00e9 la Franco-Tunisienne de 48 ans, qui a obtenu le consentement de la famille.<\/p>\n<p class=\"lead \">&#8211; En route pour les Oscars ? &#8211;<\/p>\n<p class=\"lead \">Le film de 1H30 se d\u00e9roule dans le centre d&rsquo;appel du Croissant-Rouge, sous tension entre volont\u00e9 de secourir la fillette et n\u00e9cessit\u00e9 de respecter les protocoles d&rsquo;urgence et ne pas mettre en danger les sauveteurs. <\/p>\n<p class=\"lead \">\u00ab\u00a0Des larmes ont \u00e9t\u00e9 vers\u00e9es chaque jour\u00a0\u00bb du tournage, a relat\u00e9 l&rsquo;acteur Amer Hlehel tandis que Motaz Malhees a confi\u00e9 que tourner ce film l&rsquo;avait ramen\u00e9 \u00e0 son enfance \u00e0 J\u00e9nine (nord de la Cisjordanie).<\/p>\n<p class=\"lead \">Outre le couple Phoenix\/Mara, \u00ab\u00a0The Voice of Hind Rajab\u00a0\u00bb b\u00e9n\u00e9ficie du soutien de Brad Pitt et des r\u00e9alisateurs Alfonso Cuaron et Jonathan Glazer (\u00ab\u00a0La Zone d&rsquo;int\u00e9r\u00eat\u00a0\u00bb), eux aussi producteurs ex\u00e9cutifs. <\/p>\n<p class=\"lead \">Jointe par t\u00e9l\u00e9phone \u00e0 Gaza-ville, la m\u00e8re d&rsquo;Hind Rajab, Wissam Hamada, esp\u00e8re de son c\u00f4t\u00e9 que \u00ab\u00a0ce film contribuera \u00e0 arr\u00eater cette guerre destructrice et \u00e0 sauver les autres enfants de Gaza\u00a0\u00bb, a-t-elle d\u00e9clar\u00e9 \u00e0 l&rsquo;AFP.<\/p>\n<p class=\"lead \">Interrog\u00e9e par l&rsquo;AFP, l&rsquo;arm\u00e9e isra\u00e9lienne, qui n&rsquo;a jamais annonc\u00e9 d&rsquo;enqu\u00eate formelle, a indiqu\u00e9 que les circonstances de la mort de la fillette \u00e9taient encore \u00ab\u00a0en train d&rsquo;\u00eatre examin\u00e9es\u00a0\u00bb.<\/p>\n<p class=\"lead \">\u00ab\u00a0L&rsquo;incident est \u00e0 un stade d&rsquo;examen avanc\u00e9 du M\u00e9canisme d&rsquo;\u00e9valuation et de d\u00e9termination des faits de l&rsquo;\u00e9tat-major g\u00e9n\u00e9ral, un organisme professionnel et ind\u00e9pendant charg\u00e9 d&rsquo;examiner les incidents exceptionnels survenus pendant la guerre\u00a0\u00bb, a pr\u00e9cis\u00e9 l&rsquo;arm\u00e9e.<\/p>\n<p class=\"lead \">Apr\u00e8s Venise, le film ira aux festivals de Toronto, Londres, Saint-S\u00e9bastien et Busan. Il a aussi \u00e9t\u00e9 choisi par la Tunisie pour la repr\u00e9senter aux Oscars.<\/p>\n<p class=\"lead \">L&rsquo;attaque du 7-Octobre a entra\u00een\u00e9 la mort de 1.219 personnes c\u00f4t\u00e9 isra\u00e9lien, en majorit\u00e9 des civils, selon un d\u00e9compte de l&rsquo;AFP bas\u00e9 sur des donn\u00e9es officielles. Sur les 251 personnes enlev\u00e9es ce jour-l\u00e0, 47 restent retenues \u00e0 Gaza dont 25 ont \u00e9t\u00e9 d\u00e9clar\u00e9es mortes par l&rsquo;arm\u00e9e isra\u00e9lienne.<\/p>\n<p class=\"lead \">La campagne de repr\u00e9sailles isra\u00e9liennes a fait au moins 63.633 morts dans la bande de Gaza, en majorit\u00e9 des civils, selon le minist\u00e8re de la Sant\u00e9 de Gaza, plac\u00e9 sous l&rsquo;autorit\u00e9 du Hamas. Le minist\u00e8re, dont les chiffres sont jug\u00e9s fiables par l&rsquo;ONU, ne pr\u00e9cise pas le nombre de combattants tu\u00e9s.<\/p>\n","protected":false},"excerpt":{"rendered":"Avec \u00ab\u00a0The Voice of Hind Rajab\u00a0\u00bb, film ovationn\u00e9 mercredi \u00e0 Venise sur une fillette palestinienne tu\u00e9e \u00e0 Gaza&hellip;\n","protected":false},"author":2,"featured_media":363978,"comment_status":"","ping_status":"","sticky":false,"template":"","format":"standard","meta":{"footnotes":""},"categories":[8],"tags":[1971,1972,2120,58,59,849,1011,27,3819,452,7621,2028],"class_list":{"0":"post-363977","1":"post","2":"type-post","3":"status-publish","4":"format-standard","5":"has-post-thumbnail","7":"category-divertissement","8":"tag-clbrits","9":"tag-cinma","10":"tag-conflit","11":"tag-divertissement","12":"tag-entertainment","13":"tag-festival","14":"tag-fr","15":"tag-france","16":"tag-isral","17":"tag-italie","18":"tag-palestiniens","19":"tag-tunisie"},"share_on_mastodon":{"url":"https:\/\/pubeurope.com\/@fr\/115142028784521424","error":""},"_links":{"self":[{"href":"https:\/\/www.europesays.com\/fr\/wp-json\/wp\/v2\/posts\/363977","targetHints":{"allow":["GET"]}}],"collection":[{"href":"https:\/\/www.europesays.com\/fr\/wp-json\/wp\/v2\/posts"}],"about":[{"href":"https:\/\/www.europesays.com\/fr\/wp-json\/wp\/v2\/types\/post"}],"author":[{"embeddable":true,"href":"https:\/\/www.europesays.com\/fr\/wp-json\/wp\/v2\/users\/2"}],"replies":[{"embeddable":true,"href":"https:\/\/www.europesays.com\/fr\/wp-json\/wp\/v2\/comments?post=363977"}],"version-history":[{"count":0,"href":"https:\/\/www.europesays.com\/fr\/wp-json\/wp\/v2\/posts\/363977\/revisions"}],"wp:featuredmedia":[{"embeddable":true,"href":"https:\/\/www.europesays.com\/fr\/wp-json\/wp\/v2\/media\/363978"}],"wp:attachment":[{"href":"https:\/\/www.europesays.com\/fr\/wp-json\/wp\/v2\/media?parent=363977"}],"wp:term":[{"taxonomy":"category","embeddable":true,"href":"https:\/\/www.europesays.com\/fr\/wp-json\/wp\/v2\/categories?post=363977"},{"taxonomy":"post_tag","embeddable":true,"href":"https:\/\/www.europesays.com\/fr\/wp-json\/wp\/v2\/tags?post=363977"}],"curies":[{"name":"wp","href":"https:\/\/api.w.org\/{rel}","templated":true}]}}