{"id":363983,"date":"2025-09-03T19:33:14","date_gmt":"2025-09-03T19:33:14","guid":{"rendered":"https:\/\/www.europesays.com\/fr\/363983\/"},"modified":"2025-09-03T19:33:14","modified_gmt":"2025-09-03T19:33:14","slug":"il-ne-ressemble-plus-du-tout-a-ca","status":"publish","type":"post","link":"https:\/\/www.europesays.com\/fr\/363983\/","title":{"rendered":"il ne ressemble plus du tout \u00e0 \u00e7a !"},"content":{"rendered":"<p><strong>Leandro de Souza<\/strong> \u00e9tait connu comme \u00e9tant<br \/>\nl&rsquo;homme le plus tatou\u00e9 au monde. Entre son premier tatouage \u00e0 13<br \/>\nans et son dernier, il avait recouvert plus de <strong>95% de la<br \/>\nsurface de son corps.<\/strong> Le Br\u00e9silien a depuis fait le chemin<br \/>\ninverse, et a d\u00e9cid\u00e9 de les retirer au laser. Depuis ses<br \/>\ninterventions douloureuses, le jeune homme est m\u00e9connaissable.<\/p>\n<p>Aujourd&rsquo;hui, pr\u00e8s de <a href=\"https:\/\/www.mariefrance.fr\/insolite\/enseignante-tatouages-parents-eleves-debat-ecole-747841.html\" target=\"_blank\" rel=\"noopener nofollow\">13 millions de Fran\u00e7ais sont<br \/>\ntatou\u00e9s<\/a>. Cela repr\u00e9sente une personne sur cinq, contre<br \/>\nseulement une sur dix, il y a quinze ans. Les 18-35 ans constituent<br \/>\nla majorit\u00e9 des adeptes, et <strong>les femmes se font d\u00e9sormais<br \/>\ntatouer plus souvent<\/strong> que les hommes. Mais aucun Fran\u00e7ais<br \/>\nn&rsquo;avait autant de tatouage que Leandro de Souza recordman du<br \/>\nmonde.<\/p>\n<p>Leandro de Souza : l&rsquo;homme le plus tatou\u00e9 au monde<\/p>\n<p>Leandro de Souza, 36 ans, est une figure incontournable du monde<br \/>\ndu tatouage, reconnu m\u00eame au-del\u00e0 du cercle des passionn\u00e9s. En<br \/>\n2023, son corps \u00e9tait en effet recouvert \u00e0 95 % d&rsquo;encre, un record<br \/>\nqui lui a valu le titre honorifique de <a href=\"https:\/\/www.mariefrance.fr\/insolite\/jai-vu-tatouages-denonce-fiance-amie-enceinte-surpris-documentaire-adulte-1196287.html\" target=\"_blank\" rel=\"noopener nofollow\">l&rsquo;homme le plus tatou\u00e9 du monde<\/a>.<br \/>\nCette fascination pour le tatouage a d\u00e9but\u00e9 \u00e0 13 ans, avec un<br \/>\npremier motif inscrit dans sa peau. <strong>\u00ab\u00a0J&rsquo;ai fait mon<br \/>\npremier tatouage \u00e0 13 ans<\/strong>. \u00c0 l&rsquo;\u00e9poque, c&rsquo;\u00e9tait<br \/>\nl&rsquo;expression de ce que j&rsquo;idol\u00e2trais : Guns N&rsquo; Roses, Nirvana,<br \/>\nMetallica\u2026 les groupes qui ont marqu\u00e9 ma jeunesse.\u00a0\u00bb<\/p>\n<p>Mais c&rsquo;est \u00e0 25 ans, <strong>apr\u00e8s son divorce<\/strong>, que sa<br \/>\nvie a pris une tournure radicale, marqu\u00e9e par une descente aux<br \/>\nenfers : <strong>toxicomanie<\/strong>, s\u00e9jour en prison et<br \/>\n<strong>de longs mois pass\u00e9s \u00e0 survivre dans la rue<\/strong>.<br \/>\nAujourd&rsquo;hui, l&rsquo;homme rena\u00eet de ses cendres et a compl\u00e8tement chang\u00e9<br \/>\nde vie apr\u00e8s avoir trouv\u00e9 la foi depuis sa conversion au<br \/>\nchristianisme il y a deux ans. Cette rencontre avec Dieu a nourri<br \/>\nune nouvelle ambition, v\u00e9ritable \u00ab\u00a0chantier\u00a0\u00bb personnel<br \/>\nqu&rsquo;il partage au quotidien sur son compte Instagram.<\/p>\n<p><img loading=\"lazy\" decoding=\"async\" aria-describedby=\"caption-attachment-1201320\" itemprop=\"thumbnailUrl\" class=\"wp-image-1201320 img-responsive size-full\" src=\"https:\/\/www.europesays.com\/fr\/wp-content\/uploads\/2025\/09\/3-5.jpg\" alt=\"Leandro de Souza le visage gonfl\u00e9\" width=\"1280\" height=\"720\"\/> \u00a9 Instagram\/leandrodesouzables<\/p>\n<p id=\"caption-attachment-1201320\" class=\"wp-caption-text\">Leandro<br \/>\nde Souza a commenc\u00e9 sa transformation.<\/p>\n<p>La nouvelle vie de Leandro de Souza<\/p>\n<p><a href=\"https:\/\/www.mariefrance.fr\/beaute\/lois-boisson-roland-garros-2025-tatouage-discret-dit-long-sur-joueuse-1172600.html\" target=\"_blank\" rel=\"noopener nofollow\">Ses tatouages<\/a> ne lui<br \/>\n\u00ab\u00a0convenaient plus\u00a0\u00bb, comme il l&rsquo;a expliqu\u00e9 au quotidien<br \/>\nbr\u00e9silien O Globo. \u00ab\u00a0C&rsquo;\u00e9tait un monde d&rsquo;exc\u00e8s dans<br \/>\nlequel je ne me reconnaissais plus. <strong>Je me sentais comme un<br \/>\nanimal de foire\u00a0\u00bb<\/strong>, a-t-il expliqu\u00e9. Il a donc cherch\u00e9<br \/>\n\u00e0 retirer les 177 tatouages qui couvraient son corps. Le processus<br \/>\nde suppression des tatouages, cependant, n&rsquo;est ni simple ni rapide.<br \/>\nJusqu&rsquo;\u00e0 pr\u00e9sent, il a d\u00e9j\u00e0 effectu\u00e9 cinq s\u00e9ances de laser sur les<br \/>\nhuit n\u00e9cessaires.<\/p>\n<p data-start=\"44\" data-end=\"215\">Chaque s\u00e9ance dure entre 30 et 40<br \/>\nminutes et se r\u00e9alise tous les trois mois. <strong>\u00ab\u00a0\u00c7a fait<br \/>\nbien plus mal que de les faire<\/strong>. Trois fois plus, m\u00eame avec<br \/>\nanesth\u00e9sie\u00a0\u00bb, a-t-il reconnu. La douleur physique appara\u00eet,<br \/>\nd&rsquo;une certaine mani\u00e8re, comme une m\u00e9taphore de la transformation<br \/>\nqu&rsquo;il traverse. Un rappel constant du poids de son pass\u00e9 et de<br \/>\nl&rsquo;effort n\u00e9cessaire pour entamer une nouvelle \u00e9tape.<\/p>\n<p><img loading=\"lazy\" decoding=\"async\" aria-describedby=\"caption-attachment-1201318\" class=\"wp-image-1201318 img-responsive size-full\" src=\"https:\/\/www.europesays.com\/fr\/wp-content\/uploads\/2025\/09\/1-6.jpg\" alt=\"Leandro de Souza assis\" width=\"1280\" height=\"720\"\/><br \/>\n\u00a9<br \/>\nInstagram\/leandrodesouzables<\/p>\n<p id=\"caption-attachment-1201318\" class=\"wp-caption-text\">Lecture<br \/>\nde la Bible et s\u00e9ances de laser.<\/p>\n<p>Un homme nouveau<\/p>\n<p>Le studio Hello Tatto, situ\u00e9 \u00e0 S\u00e3o Paulo, la m\u00e9gapole<br \/>\nbr\u00e9silienne, a pris en charge gratuitement les frais de<br \/>\nl\u2019intervention. <strong>\u00ab\u00a0Leandro nous dit souvent qu&rsquo;il a<br \/>\n&lsquo;retrouv\u00e9 sa dignit\u00e9&rsquo;<\/strong>. La preuve que notre travail va bien<br \/>\nau-del\u00e0 de simples consid\u00e9rations esth\u00e9tiques\u00a0\u00bb, a comment\u00e9 un<br \/>\ndes membres du studio. Son corps commence lentement \u00e0 retrouver son<br \/>\napparence naturelle, m\u00eame s&rsquo;il porte encore la trace des ann\u00e9es o\u00f9<br \/>\nl&rsquo;art corporel d\u00e9finissait son identit\u00e9.<\/p>\n<p><img loading=\"lazy\" decoding=\"async\" aria-describedby=\"caption-attachment-1201319\" class=\"wp-image-1201319 img-responsive size-full\" src=\"https:\/\/www.europesays.com\/fr\/wp-content\/uploads\/2025\/09\/2-6.jpg\" alt=\"Leandro de Souza souriant\" width=\"1280\" height=\"720\"\/><br \/>\n\u00a9<br \/>\nInstagram\/leandrodesouzables<\/p>\n<p id=\"caption-attachment-1201319\" class=\"wp-caption-text\">Le<br \/>\nnouveau visage de Leandro.<\/p>\n<p>\u00ab\u00a0Les tatouages ne d\u00e9finissent pas la personnalit\u00e9 de<br \/>\nquelqu&rsquo;un. <strong>Une vie peut changer radicalement<\/strong> par<br \/>\nles choix que l&rsquo;on fait et la d\u00e9termination que l&rsquo;on affiche \u00e0<br \/>\naller de l&rsquo;avant. Dans ce processus, le d\u00e9tatouage au laser n&rsquo;est<br \/>\nque le reflet d&rsquo;un changement int\u00e9rieur bien plus profond, une<br \/>\nharmonie r\u00e9tablie entre son identit\u00e9 et son apparence\u00a0\u00bb, a<br \/>\nconclu le responsable du studio.<\/p>\n","protected":false},"excerpt":{"rendered":"Leandro de Souza \u00e9tait connu comme \u00e9tant l&rsquo;homme le plus tatou\u00e9 au monde. Entre son premier tatouage \u00e0&hellip;\n","protected":false},"author":2,"featured_media":363984,"comment_status":"","ping_status":"","sticky":false,"template":"","format":"standard","meta":{"footnotes":""},"categories":[5],"tags":[11,1011,27,14,12,28],"class_list":{"0":"post-363983","1":"post","2":"type-post","3":"status-publish","4":"format-standard","5":"has-post-thumbnail","7":"category-international","8":"tag-actualites","9":"tag-fr","10":"tag-france","11":"tag-international","12":"tag-news","13":"tag-world"},"share_on_mastodon":{"url":"https:\/\/pubeurope.com\/@fr\/115142040556630398","error":""},"_links":{"self":[{"href":"https:\/\/www.europesays.com\/fr\/wp-json\/wp\/v2\/posts\/363983","targetHints":{"allow":["GET"]}}],"collection":[{"href":"https:\/\/www.europesays.com\/fr\/wp-json\/wp\/v2\/posts"}],"about":[{"href":"https:\/\/www.europesays.com\/fr\/wp-json\/wp\/v2\/types\/post"}],"author":[{"embeddable":true,"href":"https:\/\/www.europesays.com\/fr\/wp-json\/wp\/v2\/users\/2"}],"replies":[{"embeddable":true,"href":"https:\/\/www.europesays.com\/fr\/wp-json\/wp\/v2\/comments?post=363983"}],"version-history":[{"count":0,"href":"https:\/\/www.europesays.com\/fr\/wp-json\/wp\/v2\/posts\/363983\/revisions"}],"wp:featuredmedia":[{"embeddable":true,"href":"https:\/\/www.europesays.com\/fr\/wp-json\/wp\/v2\/media\/363984"}],"wp:attachment":[{"href":"https:\/\/www.europesays.com\/fr\/wp-json\/wp\/v2\/media?parent=363983"}],"wp:term":[{"taxonomy":"category","embeddable":true,"href":"https:\/\/www.europesays.com\/fr\/wp-json\/wp\/v2\/categories?post=363983"},{"taxonomy":"post_tag","embeddable":true,"href":"https:\/\/www.europesays.com\/fr\/wp-json\/wp\/v2\/tags?post=363983"}],"curies":[{"name":"wp","href":"https:\/\/api.w.org\/{rel}","templated":true}]}}