{"id":363988,"date":"2025-09-03T19:36:25","date_gmt":"2025-09-03T19:36:25","guid":{"rendered":"https:\/\/www.europesays.com\/fr\/363988\/"},"modified":"2025-09-03T19:36:25","modified_gmt":"2025-09-03T19:36:25","slug":"saint-etienne-a-lecole-du-sacre-coeur-les-facades-ont-ete-isolees","status":"publish","type":"post","link":"https:\/\/www.europesays.com\/fr\/363988\/","title":{"rendered":"Saint-\u00c9tienne. \u00c0 l\u2019\u00e9cole du Sacr\u00e9-C\u0153ur, les fa\u00e7ades ont \u00e9t\u00e9 isol\u00e9es"},"content":{"rendered":"<p>Les 194 \u00e9l\u00e8ves des classes maternelles et \u00e9l\u00e9mentaires de l\u2019\u00e9cole priv\u00e9e du Sacr\u00e9-C\u0153ur, rue Bergson, ont fait leur rentr\u00e9e dans un b\u00e2timent dont les fa\u00e7ades ont fait l\u2019objet de travaux d\u2019isolation et de ravalement cet \u00e9t\u00e9.<\/p>\n<p>Ces travaux, r\u00e9alis\u00e9s par le groupe scolaire Notre-Dame d\u2019Esp\u00e9rance auquel appartient cet \u00e9tablissement, ont \u00e9t\u00e9 financ\u00e9s par la fondation Pierre Fourier et Alix Le Clerc. \u00ab\u00a0L\u2019effectif des \u00e9l\u00e8ves et des enseignants demeure stable\u00a0\u00bb, explique le directeur, Fran\u00e7ois Dugaret.<\/p>\n","protected":false},"excerpt":{"rendered":"Les 194 \u00e9l\u00e8ves des classes maternelles et \u00e9l\u00e9mentaires de l\u2019\u00e9cole priv\u00e9e du Sacr\u00e9-C\u0153ur, rue Bergson, ont fait leur&hellip;\n","protected":false},"author":2,"featured_media":363989,"comment_status":"","ping_status":"","sticky":false,"template":"","format":"standard","meta":{"footnotes":""},"categories":[9653],"tags":[1111,11,2430,7539,1057,1777,674,1011,27,10425,12,25,4001,7538],"class_list":{"0":"post-363988","1":"post","2":"type-post","3":"status-publish","4":"format-standard","5":"has-post-thumbnail","7":"category-saint-etienne","8":"tag-actu","9":"tag-actualites","10":"tag-auvergne-rhone-alpes","11":"tag-edition-loire-sud","12":"tag-education","13":"tag-eu","14":"tag-europe","15":"tag-fr","16":"tag-france","17":"tag-maternelle-elementaire","18":"tag-news","19":"tag-republique-francaise","20":"tag-saint-etienne","21":"tag-saint-etienne-ville"},"share_on_mastodon":{"url":"https:\/\/pubeurope.com\/@fr\/115142052115992115","error":""},"_links":{"self":[{"href":"https:\/\/www.europesays.com\/fr\/wp-json\/wp\/v2\/posts\/363988","targetHints":{"allow":["GET"]}}],"collection":[{"href":"https:\/\/www.europesays.com\/fr\/wp-json\/wp\/v2\/posts"}],"about":[{"href":"https:\/\/www.europesays.com\/fr\/wp-json\/wp\/v2\/types\/post"}],"author":[{"embeddable":true,"href":"https:\/\/www.europesays.com\/fr\/wp-json\/wp\/v2\/users\/2"}],"replies":[{"embeddable":true,"href":"https:\/\/www.europesays.com\/fr\/wp-json\/wp\/v2\/comments?post=363988"}],"version-history":[{"count":0,"href":"https:\/\/www.europesays.com\/fr\/wp-json\/wp\/v2\/posts\/363988\/revisions"}],"wp:featuredmedia":[{"embeddable":true,"href":"https:\/\/www.europesays.com\/fr\/wp-json\/wp\/v2\/media\/363989"}],"wp:attachment":[{"href":"https:\/\/www.europesays.com\/fr\/wp-json\/wp\/v2\/media?parent=363988"}],"wp:term":[{"taxonomy":"category","embeddable":true,"href":"https:\/\/www.europesays.com\/fr\/wp-json\/wp\/v2\/categories?post=363988"},{"taxonomy":"post_tag","embeddable":true,"href":"https:\/\/www.europesays.com\/fr\/wp-json\/wp\/v2\/tags?post=363988"}],"curies":[{"name":"wp","href":"https:\/\/api.w.org\/{rel}","templated":true}]}}