{"id":363996,"date":"2025-09-03T19:40:11","date_gmt":"2025-09-03T19:40:11","guid":{"rendered":"https:\/\/www.europesays.com\/fr\/363996\/"},"modified":"2025-09-03T19:40:11","modified_gmt":"2025-09-03T19:40:11","slug":"a-sanary-34e-fete-de-la-cride-pour-vraiment-changer-la-vie","status":"publish","type":"post","link":"https:\/\/www.europesays.com\/fr\/363996\/","title":{"rendered":"A Sanary, 34e F\u00eate de la Cride \u00ab\u00a0pour vraiment changer la vie\u00a0\u00bb"},"content":{"rendered":"<p>Presque l\u2019universit\u00e9 d\u2019\u00e9t\u00e9 de la section ouest-Var du Parti communiste fran\u00e7ais (PCF)! Dans tous les cas, une institution sociale et locale. Dans la tradition de la rentr\u00e9e, la 34e \u00e9dition de la F\u00eate de la Cride animera l\u2019espace Victorin-Blanc ce dimanche 7 septembre, de 9h30\u00e0 19h30, \u00e0 Sanary. Au programme: activit\u00e9s festives, ludiques et conviviales, mais aussi r\u00e9flexion collective et d\u00e9bat sur le th\u00e8me \u00ab\u00a0Pour la paix et la justice sociale \u2013 Se rassembler pour vraiment changer la vie\u00a0\u00bb.<\/p>\n<p>Ouverte \u00e0 tous, entr\u00e9e gratuite<\/p>\n<p>\u00ab\u00a0C\u2019est une f\u00eate qui est ouverte \u00e0 tous, l\u2019entr\u00e9e est totalement gratuite, une souscription donne droit au d\u00e9jeuner, promeut Jean-Pierre Meyer, secr\u00e9taire de la section ouest-Var, membre de la direction nationale du PCF et conseiller municipal d\u2019opposition. Nous devrions y accueillir comme l\u2019ann\u00e9e derni\u00e8re plus de 150 personnes et tous ne sont pas communistes!\u00a0\u00bb Voire m\u00eame pas engag\u00e9s politiquement.<\/p>\n<p>\u00ab\u00a0D\u2019ann\u00e9e en ann\u00e9e nous constatons une aggravation de la situation politique nationale et internationale, avec toutes les retomb\u00e9es locales que cela induit en termes d\u2019affaiblissement des collectivit\u00e9s locales, abandonn\u00e9es par l\u2019\u00c9tat, et d\u2019essoufflement de la d\u00e9mocratie dont les communes constituent le premier pilier, pose en substance Jean-Pierre Meyer. Lors de cette F\u00eate de la Cride, la question centrale sera celle de la paix, \u00e0 laquelle en tant qu\u2019organisation politique nous sommes tr\u00e8s attach\u00e9s, tout comme les associations qui \u0153uvrent dans ce domaine et seront pr\u00e9sentes.\u00a0\u00bb<\/p>\n<p>En perspective \u00e9galement et en lien avec les th\u00e9matiques abord\u00e9es: les mobilisations des 10 et 18 septembre, r\u00e9ponses \u00ab\u00a0\u00e0 des situations d\u2019incertitude\u00a0\u00bb dans lesquelles \u00ab\u00a0nous nous inscrivons dans une d\u00e9marche de soutien pleine et enti\u00e8re en envisageant de mettre en mouvement tous les leviers de r\u00e9sistance et d\u2019action, appuie le secr\u00e9taire de section. Notre vis\u00e9e est de voir de quelle mani\u00e8re cr\u00e9er les conditions de la r\u00e9ussite de ces mouvements, mais en m\u00eame temps d\u2019apporter des solutions pour changer la vie des Fran\u00e7aises et des Fran\u00e7ais\u00a0\u00bb.<\/p>\n<p>Et Jean-Pierre Meyer de conclure: \u00ab\u00a0Nous sommes convaincus que l\u2019\u00e9chelon municipal est v\u00e9ritablement un \u00e9chelon de r\u00e9sistance possible, au point parfois de transformer des utopies en r\u00e9alit\u00e9; convaincus aussi de l\u2019importance du maintien d\u2019un dialogue respectueux avec ceux qui ne partagent pas forc\u00e9ment nos id\u00e9es\u00a0\u00bb.<\/p>\n<p>programme 9h30: ouverture de la f\u00eate, inscriptions au tournoi de p\u00e9tanque (2 euros). 9h45: tournoi amical de p\u00e9tanque Bati Giugiaro; coupes et dotations, ouverture du stand enfants. 11h: d\u00e9bat \u00e0 l\u2019espace public sur le th\u00e8me \u00ab\u00a0Se rassembler pour vraiment changer la vie\u00a0\u00bb. 12h30: accueil et discours de bienvenue. 13h: repas (8 euros \u00e0 20 euros, gratuit moins de 12 ans). 15h: musique avec Guinguette hot club. 16h: tirage de la tombola de soutien et reprise du tournoi de p\u00e9tanque. 17h30: remise des prix du concours de dessin des enfants et du tournoi de p\u00e9tanque. 17h30: cl\u00f4ture. Stands enfants, buvette, librairie, espaces associatifs.<\/p>\n<p>Renseignements et r\u00e9servations: 06.32.33.23.24 ou 04.94.03.40.02.<\/p>\n","protected":false},"excerpt":{"rendered":"Presque l\u2019universit\u00e9 d\u2019\u00e9t\u00e9 de la section ouest-Var du Parti communiste fran\u00e7ais (PCF)! Dans tous les cas, une institution&hellip;\n","protected":false},"author":2,"featured_media":363997,"comment_status":"","ping_status":"","sticky":false,"template":"","format":"standard","meta":{"footnotes":""},"categories":[9619],"tags":[1111,11,1777,674,1011,27,12,882,25,2310,3366],"class_list":{"0":"post-363996","1":"post","2":"type-post","3":"status-publish","4":"format-standard","5":"has-post-thumbnail","7":"category-toulon","8":"tag-actu","9":"tag-actualites","10":"tag-eu","11":"tag-europe","12":"tag-fr","13":"tag-france","14":"tag-news","15":"tag-provence-alpes-cote-dazur","16":"tag-republique-francaise","17":"tag-toulon","18":"tag-vie-locale"},"share_on_mastodon":{"url":"https:\/\/pubeurope.com\/@fr\/115142067919455055","error":""},"_links":{"self":[{"href":"https:\/\/www.europesays.com\/fr\/wp-json\/wp\/v2\/posts\/363996","targetHints":{"allow":["GET"]}}],"collection":[{"href":"https:\/\/www.europesays.com\/fr\/wp-json\/wp\/v2\/posts"}],"about":[{"href":"https:\/\/www.europesays.com\/fr\/wp-json\/wp\/v2\/types\/post"}],"author":[{"embeddable":true,"href":"https:\/\/www.europesays.com\/fr\/wp-json\/wp\/v2\/users\/2"}],"replies":[{"embeddable":true,"href":"https:\/\/www.europesays.com\/fr\/wp-json\/wp\/v2\/comments?post=363996"}],"version-history":[{"count":0,"href":"https:\/\/www.europesays.com\/fr\/wp-json\/wp\/v2\/posts\/363996\/revisions"}],"wp:featuredmedia":[{"embeddable":true,"href":"https:\/\/www.europesays.com\/fr\/wp-json\/wp\/v2\/media\/363997"}],"wp:attachment":[{"href":"https:\/\/www.europesays.com\/fr\/wp-json\/wp\/v2\/media?parent=363996"}],"wp:term":[{"taxonomy":"category","embeddable":true,"href":"https:\/\/www.europesays.com\/fr\/wp-json\/wp\/v2\/categories?post=363996"},{"taxonomy":"post_tag","embeddable":true,"href":"https:\/\/www.europesays.com\/fr\/wp-json\/wp\/v2\/tags?post=363996"}],"curies":[{"name":"wp","href":"https:\/\/api.w.org\/{rel}","templated":true}]}}